{"id":6520,"date":"2018-08-27T10:51:39","date_gmt":"2018-08-27T08:51:39","guid":{"rendered":"https:\/\/herzogtum-direkt.de\/?p=6520"},"modified":"2018-08-27T10:51:39","modified_gmt":"2018-08-27T08:51:39","slug":"kurzzeitige-vollsperrungen-an-der-baustelle-bbz-moelln","status":"publish","type":"post","link":"https:\/\/herzogtum-direkt.de\/index.php\/2018\/08\/27\/kurzzeitige-vollsperrungen-an-der-baustelle-bbz-moelln\/","title":{"rendered":"Kurzzeitige Vollsperrungen an der Baustelle BBZ M\u00f6lln"},"content":{"rendered":"<p><strong>M\u00f6lln (pm).<\/strong> Von Mittwoch bis Freitag, 29. bis 31. August 2018, wird es wegen der Anlieferung von Deckentr\u00e4gern f\u00fcr den BBZ-Neubau an allen drei Tagen jeweils zu kurzzeitigen Verkehrsbehinderungen im Hempsch\u00f6rt in M\u00f6lln kommen. Die genauen Lieferzeiten stehen leider derweil nicht fest.<\/p>\n<p>Der Kreis geht von jeweils etwa zehnmin\u00fctigen Vollsperrungen an diesen Tagen aus da die gro\u00dfen Bauteile r\u00fcckw\u00e4rts in die Baustelle man\u00f6vriert werden m\u00fcssen. Mit der Anlieferung der Deckentr\u00e4ger wird ein weiterer kleiner Meilenstein im Baufortschritt, n\u00e4mlich der Deckeneinzug im Erdgeschoss erm\u00f6glicht. Im Oktober soll planm\u00e4\u00dfig die Decke des ersten Obergeschosses folgen.<\/p>\n","protected":false},"excerpt":{"rendered":"<p>M\u00f6lln (pm). Von Mittwoch bis Freitag, 29. bis 31. August 2018, wird es wegen der Anlieferung von Deckentr\u00e4gern f\u00fcr den BBZ-Neubau an allen drei Tagen jeweils zu kurzzeitigen Verkehrsbehinderungen im Hempsch\u00f6rt in M\u00f6lln kommen. Die genauen Lieferzeiten stehen leider derweil nicht fest. Der Kreis geht von jeweils etwa zehnmin\u00fctigen Vollsperrungen an diesen Tagen aus da [&hellip;]<\/p>\n","protected":false},"author":2,"featured_media":1583,"comment_status":"open","ping_status":"closed","sticky":false,"template":"","format":"standard","meta":{"jnews-multi-image_gallery":[],"jnews_single_post":[],"jnews_primary_category":[],"jnews_social_meta":[],"jnews_override_counter":[],"jnews_post_split":[],"footnotes":""},"categories":[63,66],"tags":[680,681],"class_list":["post-6520","post","type-post","status-publish","format-standard","has-post-thumbnail","hentry","category-herzogtum-lauenburg","category-moelln","tag-bbz","tag-grundsteinlegung-bbz"],"_links":{"self":[{"href":"https:\/\/herzogtum-direkt.de\/index.php\/wp-json\/wp\/v2\/posts\/6520","targetHints":{"allow":["GET"]}}],"collection":[{"href":"https:\/\/herzogtum-direkt.de\/index.php\/wp-json\/wp\/v2\/posts"}],"about":[{"href":"https:\/\/herzogtum-direkt.de\/index.php\/wp-json\/wp\/v2\/types\/post"}],"author":[{"embeddable":true,"href":"https:\/\/herzogtum-direkt.de\/index.php\/wp-json\/wp\/v2\/users\/2"}],"replies":[{"embeddable":true,"href":"https:\/\/herzogtum-direkt.de\/index.php\/wp-json\/wp\/v2\/comments?post=6520"}],"version-history":[{"count":1,"href":"https:\/\/herzogtum-direkt.de\/index.php\/wp-json\/wp\/v2\/posts\/6520\/revisions"}],"predecessor-version":[{"id":6521,"href":"https:\/\/herzogtum-direkt.de\/index.php\/wp-json\/wp\/v2\/posts\/6520\/revisions\/6521"}],"wp:featuredmedia":[{"embeddable":true,"href":"https:\/\/herzogtum-direkt.de\/index.php\/wp-json\/wp\/v2\/media\/1583"}],"wp:attachment":[{"href":"https:\/\/herzogtum-direkt.de\/index.php\/wp-json\/wp\/v2\/media?parent=6520"}],"wp:term":[{"taxonomy":"category","embeddable":true,"href":"https:\/\/herzogtum-direkt.de\/index.php\/wp-json\/wp\/v2\/categories?post=6520"},{"taxonomy":"post_tag","embeddable":true,"href":"https:\/\/herzogtum-direkt.de\/index.php\/wp-json\/wp\/v2\/tags?post=6520"}],"curies":[{"name":"wp","href":"https:\/\/api.w.org\/{rel}","templated":true}]}}