{"id":64558,"date":"2024-09-10T09:48:01","date_gmt":"2024-09-10T07:48:01","guid":{"rendered":"https:\/\/herzogtum-direkt.de\/?p=64558"},"modified":"2024-09-10T09:48:01","modified_gmt":"2024-09-10T07:48:01","slug":"einschulungsfeier-in-sandesneben","status":"publish","type":"post","link":"https:\/\/herzogtum-direkt.de\/index.php\/2024\/09\/10\/einschulungsfeier-in-sandesneben\/","title":{"rendered":"Einschulungsfeier in Sandesneben"},"content":{"rendered":"\n<p><strong>Sandesneben (sn).<\/strong> Die Grund- und Gemeinschaftsschule Sandesneben begr\u00fc\u00dfte 72 Sch\u00fclerInnen bei der Einschulungsfeier am Mittwoch, 4. September in der Amtsarena. Bereits am fr\u00fchen Morgen hatten viele der Kinder am Gottesdienst in der St.-Marien-Kirche teilgenommen und starteten nun mit gro\u00dfen Schult\u00fcten und gro\u00dfen Erwartungen in das erste Schuljahr an der Grundschule.<\/p>\n\n\n<div class=\"wp-block-image is-style-rounded\">\n<figure class=\"aligncenter size-full is-resized\"><img fetchpriority=\"high\" decoding=\"async\" width=\"1000\" height=\"667\" src=\"https:\/\/herzogtum-direkt.de\/wp-content\/uploads\/2024\/09\/Daz-B1-Sandesneben-2024.jpg\" alt=\"\" class=\"wp-image-64563\" style=\"width:644px;height:auto\" srcset=\"https:\/\/herzogtum-direkt.de\/wp-content\/uploads\/2024\/09\/Daz-B1-Sandesneben-2024.jpg 1000w, https:\/\/herzogtum-direkt.de\/wp-content\/uploads\/2024\/09\/Daz-B1-Sandesneben-2024-300x200.jpg 300w, https:\/\/herzogtum-direkt.de\/wp-content\/uploads\/2024\/09\/Daz-B1-Sandesneben-2024-768x512.jpg 768w, https:\/\/herzogtum-direkt.de\/wp-content\/uploads\/2024\/09\/Daz-B1-Sandesneben-2024-750x500.jpg 750w\" sizes=\"(max-width: 1000px) 100vw, 1000px\" \/><figcaption class=\"wp-element-caption\">DaZ B1 &#8211; mit Klassenlehrerin Kornelia Brandt (re). Foto: Marco Schlichting-Peters, hfr<\/figcaption><\/figure>\n<\/div>\n\n\n<figure class=\"wp-block-gallery has-nested-images columns-default is-cropped wp-block-gallery-1 is-layout-flex wp-block-gallery-is-layout-flex\">\n<figure class=\"wp-block-image size-large\"><img decoding=\"async\" width=\"1000\" height=\"667\" data-id=\"64559\" src=\"https:\/\/herzogtum-direkt.de\/wp-content\/uploads\/2024\/09\/1a-Sandesneben-2024.jpg\" alt=\"\" class=\"wp-image-64559\" srcset=\"https:\/\/herzogtum-direkt.de\/wp-content\/uploads\/2024\/09\/1a-Sandesneben-2024.jpg 1000w, https:\/\/herzogtum-direkt.de\/wp-content\/uploads\/2024\/09\/1a-Sandesneben-2024-300x200.jpg 300w, https:\/\/herzogtum-direkt.de\/wp-content\/uploads\/2024\/09\/1a-Sandesneben-2024-768x512.jpg 768w, https:\/\/herzogtum-direkt.de\/wp-content\/uploads\/2024\/09\/1a-Sandesneben-2024-750x500.jpg 750w\" sizes=\"(max-width: 1000px) 100vw, 1000px\" \/><figcaption class=\"wp-element-caption\">1a &#8211; mit Klassenlehrer Sebastian Jensen (re) und Schulassistentin Wiebke Fisler (li). Foto: Marco Schlichting-Peters, hfr<\/figcaption><\/figure>\n\n\n\n<figure class=\"wp-block-image size-large\"><img decoding=\"async\" width=\"1000\" height=\"667\" data-id=\"64560\" src=\"https:\/\/herzogtum-direkt.de\/wp-content\/uploads\/2024\/09\/1b-Sandeneben.jpg\" alt=\"\" class=\"wp-image-64560\" srcset=\"https:\/\/herzogtum-direkt.de\/wp-content\/uploads\/2024\/09\/1b-Sandeneben.jpg 1000w, https:\/\/herzogtum-direkt.de\/wp-content\/uploads\/2024\/09\/1b-Sandeneben-300x200.jpg 300w, https:\/\/herzogtum-direkt.de\/wp-content\/uploads\/2024\/09\/1b-Sandeneben-768x512.jpg 768w, https:\/\/herzogtum-direkt.de\/wp-content\/uploads\/2024\/09\/1b-Sandeneben-750x500.jpg 750w\" sizes=\"(max-width: 1000px) 100vw, 1000px\" \/><figcaption class=\"wp-element-caption\">1b &#8211; mit Klassenlehrerin Anna Mettke (re) und FSJ-lerin Jana Piep (2. v.r.). Foto: Marco Schlichting-Peters, hfr<\/figcaption><\/figure>\n\n\n\n<figure class=\"wp-block-image size-large\"><img loading=\"lazy\" decoding=\"async\" width=\"1000\" height=\"667\" data-id=\"64561\" src=\"https:\/\/herzogtum-direkt.de\/wp-content\/uploads\/2024\/09\/1c-Sandesneben-2024.jpg\" alt=\"\" class=\"wp-image-64561\" srcset=\"https:\/\/herzogtum-direkt.de\/wp-content\/uploads\/2024\/09\/1c-Sandesneben-2024.jpg 1000w, https:\/\/herzogtum-direkt.de\/wp-content\/uploads\/2024\/09\/1c-Sandesneben-2024-300x200.jpg 300w, https:\/\/herzogtum-direkt.de\/wp-content\/uploads\/2024\/09\/1c-Sandesneben-2024-768x512.jpg 768w, https:\/\/herzogtum-direkt.de\/wp-content\/uploads\/2024\/09\/1c-Sandesneben-2024-750x500.jpg 750w\" sizes=\"(max-width: 1000px) 100vw, 1000px\" \/><figcaption class=\"wp-element-caption\">1c &#8211; ohne Klassenlehrerin Mareike H\u00e4nsch, denn sie war bei der Einschulung ihres eigenen Kindes. Foto: Marco Schlichting-Peters, hfr<\/figcaption><\/figure>\n\n\n\n<figure class=\"wp-block-image size-large\"><img loading=\"lazy\" decoding=\"async\" width=\"1000\" height=\"667\" data-id=\"64564\" src=\"https:\/\/herzogtum-direkt.de\/wp-content\/uploads\/2024\/09\/5a-Sandesneben-2024.jpg\" alt=\"\" class=\"wp-image-64564\" srcset=\"https:\/\/herzogtum-direkt.de\/wp-content\/uploads\/2024\/09\/5a-Sandesneben-2024.jpg 1000w, https:\/\/herzogtum-direkt.de\/wp-content\/uploads\/2024\/09\/5a-Sandesneben-2024-300x200.jpg 300w, https:\/\/herzogtum-direkt.de\/wp-content\/uploads\/2024\/09\/5a-Sandesneben-2024-768x512.jpg 768w, https:\/\/herzogtum-direkt.de\/wp-content\/uploads\/2024\/09\/5a-Sandesneben-2024-750x500.jpg 750w\" sizes=\"(max-width: 1000px) 100vw, 1000px\" \/><figcaption class=\"wp-element-caption\">5a &#8211; Klassenlehrerin Josephine Aksoy (hinten rechts) und Klassenpatin Alina Reichel (hinten li). Foto: Marco Schlichting-Peters, hfr<\/figcaption><\/figure>\n\n\n\n<figure class=\"wp-block-image size-large\"><img loading=\"lazy\" decoding=\"async\" width=\"1000\" height=\"667\" data-id=\"64565\" src=\"https:\/\/herzogtum-direkt.de\/wp-content\/uploads\/2024\/09\/5b-Sandesneben-2024.jpg\" alt=\"\" class=\"wp-image-64565\" srcset=\"https:\/\/herzogtum-direkt.de\/wp-content\/uploads\/2024\/09\/5b-Sandesneben-2024.jpg 1000w, https:\/\/herzogtum-direkt.de\/wp-content\/uploads\/2024\/09\/5b-Sandesneben-2024-300x200.jpg 300w, https:\/\/herzogtum-direkt.de\/wp-content\/uploads\/2024\/09\/5b-Sandesneben-2024-768x512.jpg 768w, https:\/\/herzogtum-direkt.de\/wp-content\/uploads\/2024\/09\/5b-Sandesneben-2024-750x500.jpg 750w\" sizes=\"(max-width: 1000px) 100vw, 1000px\" \/><figcaption class=\"wp-element-caption\">5b &#8211; mit Klassenlehrerin Julia Lockhauserb\u00e4umer (hi.li) und Klassenlehrer Durmis \u00d6zen (hi.re). Foto: Marco Schlichting-Peters, hfr<\/figcaption><\/figure>\n\n\n\n<figure class=\"wp-block-image size-large\"><img loading=\"lazy\" decoding=\"async\" width=\"1000\" height=\"667\" data-id=\"64566\" src=\"https:\/\/herzogtum-direkt.de\/wp-content\/uploads\/2024\/09\/5c-Sandesneben-2024.jpg\" alt=\"\" class=\"wp-image-64566\" srcset=\"https:\/\/herzogtum-direkt.de\/wp-content\/uploads\/2024\/09\/5c-Sandesneben-2024.jpg 1000w, https:\/\/herzogtum-direkt.de\/wp-content\/uploads\/2024\/09\/5c-Sandesneben-2024-300x200.jpg 300w, https:\/\/herzogtum-direkt.de\/wp-content\/uploads\/2024\/09\/5c-Sandesneben-2024-768x512.jpg 768w, https:\/\/herzogtum-direkt.de\/wp-content\/uploads\/2024\/09\/5c-Sandesneben-2024-750x500.jpg 750w\" sizes=\"(max-width: 1000px) 100vw, 1000px\" \/><figcaption class=\"wp-element-caption\">5c &#8211; mit den Klassenlehrerinnen (v.hi.re) Darina Heick, Mirjam Schiller und den Klassenpaten (v.hi.li) Basti Blenner und Til Bartel. Foto: Marco Schlichting-Peters, hfr<\/figcaption><\/figure>\n<\/figure>\n\n\n\n<p>Einen Tag zuvor, am Diestag, 3. September, begann f\u00fcr die 63 neuen Sch\u00fclerInnen der 5. Klassen der erste Schultag in der weiterf\u00fchrenden Schule in Sandesneben. Die Grund- und Gemeinschaftsschule mit Oberstufe ist eine der wenigen Schulen in Schleswig-Holstein, bei der die Sch\u00fclerInnen von der Einschulung bis zum Abitur alle Schulabschl\u00fcsse erreichen k\u00f6nnen. Dem Schulmotto &#8222;Wir lernen gemeinsam&#8220; folgend, wurden die neuen Sch\u00fclerInnen auch von ihren Paten aus dem 3. und 10. Jahrgang begr\u00fc\u00dft.&nbsp;&nbsp;<\/p>\n\n\n\n<p>Text: Durmis \u00d6zen Palma<\/p>\n","protected":false},"excerpt":{"rendered":"<p>Sandesneben (sn). Die Grund- und Gemeinschaftsschule Sandesneben begr\u00fc\u00dfte 72 Sch\u00fclerInnen bei der Einschulungsfeier am Mittwoch, 4. September in der Amtsarena. Bereits am fr\u00fchen Morgen hatten viele der Kinder am Gottesdienst in der St.-Marien-Kirche teilgenommen und starteten nun mit gro\u00dfen Schult\u00fcten und gro\u00dfen Erwartungen in das erste Schuljahr an der Grundschule. Einen Tag zuvor, am Diestag, [&hellip;]<\/p>\n","protected":false},"author":50,"featured_media":64562,"comment_status":"closed","ping_status":"closed","sticky":false,"template":"","format":"standard","meta":{"jnews-multi-image_gallery":[],"jnews_single_post":[],"jnews_primary_category":[],"jnews_social_meta":[],"jnews_override_counter":[],"jnews_post_split":[],"footnotes":""},"categories":[67,63,74,2],"tags":[2045,1976,486],"class_list":["post-64558","post","type-post","status-publish","format-standard","has-post-thumbnail","hentry","category-amt-sandesneben-nusse","category-herzogtum-lauenburg","category-jugend-direkt","category-startseite","tag-einschulung","tag-grund-und-gemeinschaftsschule-sandesneben","tag-sandesneben"],"_links":{"self":[{"href":"https:\/\/herzogtum-direkt.de\/index.php\/wp-json\/wp\/v2\/posts\/64558","targetHints":{"allow":["GET"]}}],"collection":[{"href":"https:\/\/herzogtum-direkt.de\/index.php\/wp-json\/wp\/v2\/posts"}],"about":[{"href":"https:\/\/herzogtum-direkt.de\/index.php\/wp-json\/wp\/v2\/types\/post"}],"author":[{"embeddable":true,"href":"https:\/\/herzogtum-direkt.de\/index.php\/wp-json\/wp\/v2\/users\/50"}],"replies":[{"embeddable":true,"href":"https:\/\/herzogtum-direkt.de\/index.php\/wp-json\/wp\/v2\/comments?post=64558"}],"version-history":[{"count":2,"href":"https:\/\/herzogtum-direkt.de\/index.php\/wp-json\/wp\/v2\/posts\/64558\/revisions"}],"predecessor-version":[{"id":64568,"href":"https:\/\/herzogtum-direkt.de\/index.php\/wp-json\/wp\/v2\/posts\/64558\/revisions\/64568"}],"wp:featuredmedia":[{"embeddable":true,"href":"https:\/\/herzogtum-direkt.de\/index.php\/wp-json\/wp\/v2\/media\/64562"}],"wp:attachment":[{"href":"https:\/\/herzogtum-direkt.de\/index.php\/wp-json\/wp\/v2\/media?parent=64558"}],"wp:term":[{"taxonomy":"category","embeddable":true,"href":"https:\/\/herzogtum-direkt.de\/index.php\/wp-json\/wp\/v2\/categories?post=64558"},{"taxonomy":"post_tag","embeddable":true,"href":"https:\/\/herzogtum-direkt.de\/index.php\/wp-json\/wp\/v2\/tags?post=64558"}],"curies":[{"name":"wp","href":"https:\/\/api.w.org\/{rel}","templated":true}]}}