{"id":63747,"date":"2024-08-12T10:01:53","date_gmt":"2024-08-12T08:01:53","guid":{"rendered":"https:\/\/herzogtum-direkt.de\/?p=63747"},"modified":"2024-08-12T10:01:55","modified_gmt":"2024-08-12T08:01:55","slug":"berkenthiner-kleidermarkt-fuer-frauen-3","status":"publish","type":"post","link":"https:\/\/herzogtum-direkt.de\/index.php\/2024\/08\/12\/berkenthiner-kleidermarkt-fuer-frauen-3\/","title":{"rendered":"Berkenthiner Kleidermarkt f\u00fcr Frauen"},"content":{"rendered":"\n<p><strong>Berkenthin (pm).<\/strong> Nach den gro\u00dfen Erfolgen der Vorjahre bietet der Kirchenf\u00f6rderverein Berkenthin auch in diesem Jahr wieder einen Kleidermarkt f\u00fcr Frauen an. Der Kleidermarkt findet am Sonnabend, 21. September,<\/p>\n\n\n\n<p>In der Zeit von 10 Uhr bis 13 Uhr kann im Sportzentrum Berkenthin in einem gro\u00dfen Angebot gut erhaltener Kleidung gest\u00f6bert werden, auch die passenden Accessoires wie Schuhe, Taschen, T\u00fccher und G\u00fcrtel k\u00f6nnen gleich mit erworben werden. \u201eDa ist f\u00fcr jede etwas dabei\u201c, sagen die Veranstaltenden.<\/p>\n\n\n\n<p>Die Verkaufsnummern sowie alle weiteren organisatorischen Details erhalten Interessierte ab sofort per Mail unter <a href=\"mailto:info@kirchenfoerderverein-berkenthin.de\" target=\"_blank\" rel=\"noreferrer noopener\">info@kirchenfoerderverein-berkenthin.de<\/a> oder <a href=\"mailto:andrea.fernandes@freenet.de\" target=\"_blank\" rel=\"noreferrer noopener\">andrea.fernandes@freenet.de<\/a>. Der Kirchenf\u00f6rderverein freut sich auf einen weiteren erfolgreichen Kleidermarkt. Der Verkaufserl\u00f6s flie\u00dft in das n\u00e4chste F\u00f6rderprojekt, einen barrierefreien Eingang zur Berkenthiner Kirche!<\/p>\n","protected":false},"excerpt":{"rendered":"<p>Berkenthin (pm). Nach den gro\u00dfen Erfolgen der Vorjahre bietet der Kirchenf\u00f6rderverein Berkenthin auch in diesem Jahr wieder einen Kleidermarkt f\u00fcr Frauen an. Der Kleidermarkt findet am Sonnabend, 21. September, In der Zeit von 10 Uhr bis 13 Uhr kann im Sportzentrum Berkenthin in einem gro\u00dfen Angebot gut erhaltener Kleidung gest\u00f6bert werden, auch die passenden Accessoires [&hellip;]<\/p>\n","protected":false},"author":2,"featured_media":53775,"comment_status":"closed","ping_status":"closed","sticky":false,"template":"","format":"standard","meta":{"jnews-multi-image_gallery":[],"jnews_single_post":{"subtitle":"Anmeldungen ab sofort m\u00f6glich","format":"standard","video":"","gallery":"","source_name":"","source_url":"","via_name":"","via_url":"","jpwt_enable_post_donation":"0","override_template":"0","override":[{"template":"1","single_blog_custom":"","parallax":"1","fullscreen":"1","layout":"right-sidebar","sidebar":"default-sidebar","second_sidebar":"default-sidebar","sticky_sidebar":"1","share_position":"top","share_float_style":"share-monocrhome","show_share_counter":"0","show_view_counter":"1","show_featured":"1","show_post_meta":"1","show_post_author":"1","show_post_author_image":"1","show_post_date":"1","post_date_format":"default","post_date_format_custom":"Y\/m\/d","show_post_category":"0","show_post_reading_time":"0","post_reading_time_wpm":"300","post_calculate_word_method":"str_word_count","show_zoom_button":"0","zoom_button_out_step":"2","zoom_button_in_step":"3","show_post_tag":"1","show_prev_next_post":"0","show_popup_post":"1","number_popup_post":"1","show_author_box":"1","show_post_related":"1","show_inline_post_related":"0"}],"override_image_size":"0","image_override":[{"single_post_thumbnail_size":"crop-500","single_post_gallery_size":"crop-500"}],"trending_post":"0","trending_post_position":"meta","trending_post_label":"Trending","sponsored_post":"0","sponsored_post_label":"Sponsored by","sponsored_post_name":"","sponsored_post_url":"","sponsored_post_logo_enable":"0","sponsored_post_logo":"","sponsored_post_desc":"","disable_ad":"0"},"jnews_primary_category":{"id":"","hide":""},"jnews_social_meta":{"fb_title":"","fb_description":"","fb_image":"","twitter_title":"","twitter_description":"","twitter_image":""},"jnews_override_counter":{"override_view_counter":"0","view_counter_number":"0","override_share_counter":"0","share_counter_number":"0","override_like_counter":"0","like_counter_number":"0","override_dislike_counter":"0","dislike_counter_number":"0"},"jnews_post_split":{"enable_post_split":"0","post_split":[{"template":"1","tag":"h2","numbering":"asc","mode":"normal","first":"0","enable_toc":"0","toc_type":"normal"}]},"footnotes":""},"categories":[65,63],"tags":[118,120,2402],"class_list":["post-63747","post","type-post","status-publish","format-standard","has-post-thumbnail","hentry","category-amt-berkenthin","category-herzogtum-lauenburg","tag-berkenthin","tag-kirchenfoerderverein-berkenthin","tag-kleidermarkt"],"_links":{"self":[{"href":"https:\/\/herzogtum-direkt.de\/index.php\/wp-json\/wp\/v2\/posts\/63747","targetHints":{"allow":["GET"]}}],"collection":[{"href":"https:\/\/herzogtum-direkt.de\/index.php\/wp-json\/wp\/v2\/posts"}],"about":[{"href":"https:\/\/herzogtum-direkt.de\/index.php\/wp-json\/wp\/v2\/types\/post"}],"author":[{"embeddable":true,"href":"https:\/\/herzogtum-direkt.de\/index.php\/wp-json\/wp\/v2\/users\/2"}],"replies":[{"embeddable":true,"href":"https:\/\/herzogtum-direkt.de\/index.php\/wp-json\/wp\/v2\/comments?post=63747"}],"version-history":[{"count":1,"href":"https:\/\/herzogtum-direkt.de\/index.php\/wp-json\/wp\/v2\/posts\/63747\/revisions"}],"predecessor-version":[{"id":63748,"href":"https:\/\/herzogtum-direkt.de\/index.php\/wp-json\/wp\/v2\/posts\/63747\/revisions\/63748"}],"wp:featuredmedia":[{"embeddable":true,"href":"https:\/\/herzogtum-direkt.de\/index.php\/wp-json\/wp\/v2\/media\/53775"}],"wp:attachment":[{"href":"https:\/\/herzogtum-direkt.de\/index.php\/wp-json\/wp\/v2\/media?parent=63747"}],"wp:term":[{"taxonomy":"category","embeddable":true,"href":"https:\/\/herzogtum-direkt.de\/index.php\/wp-json\/wp\/v2\/categories?post=63747"},{"taxonomy":"post_tag","embeddable":true,"href":"https:\/\/herzogtum-direkt.de\/index.php\/wp-json\/wp\/v2\/tags?post=63747"}],"curies":[{"name":"wp","href":"https:\/\/api.w.org\/{rel}","templated":true}]}}