{"id":63663,"date":"2024-08-08T10:10:35","date_gmt":"2024-08-08T08:10:35","guid":{"rendered":"https:\/\/herzogtum-direkt.de\/?p=63663"},"modified":"2024-08-08T10:39:58","modified_gmt":"2024-08-08T08:39:58","slug":"die-hauptstrasse-wird-nicht-puenktlich-fertig-werden","status":"publish","type":"post","link":"https:\/\/herzogtum-direkt.de\/index.php\/2024\/08\/08\/die-hauptstrasse-wird-nicht-puenktlich-fertig-werden\/","title":{"rendered":"Die Hauptstra\u00dfe wird nicht p\u00fcnktlich fertig werden"},"content":{"rendered":"\n<p><strong>M\u00f6lln (pm).<\/strong> Die Stadt M\u00f6lln informiert die B\u00fcrgerinnen und B\u00fcrger \u00fcber den aktuellen Stand der Bauma\u00dfnahme in der Hauptstra\u00dfe. Leider muss mitgeteilt werden, dass die Fertigstellung der Arbeiten im 1. Bauabschnitt (Ecke Marktstra\u00dfe\/Hauptstra\u00dfe bis zum Beginn Bauhof) nicht wie urspr\u00fcnglich geplant bis Dezember 2024 erfolgen kann.<\/p>\n\n\n\n<p>Der Verzug kommt vorwiegend durch die umfangreichen Verlegearbeiten der Fernw\u00e4rmeleitungen durch die Vereinigten Stadtwerke zustande. Durch die Besch\u00e4digung des Geb\u00e4udes in der Hauptstra\u00dfe 61 w\u00e4hrend der Verlegung der Versorgungsleitungen der Stadtwerke ist ebenfalls mit einem gewissen Verzug zu rechnen, der aktuell nicht eingesch\u00e4tzt werden kann, da hier eine Entscheidung der Versicherung nach Aussage des Eigent\u00fcmers noch aussteht. In den n\u00e4chsten Wochen wird mit allen Verantwortlichen erneut das Gespr\u00e4ch gesucht und ein aktualisierter Gesamt-Zeitplan erarbeitet, damit ein neues Fertigstellungsdatum kommuniziert werden kann.<\/p>\n\n\n<div class=\"wp-block-image\">\n<figure class=\"aligncenter size-full is-resized\"><img fetchpriority=\"high\" decoding=\"async\" width=\"1000\" height=\"552\" src=\"https:\/\/herzogtum-direkt.de\/wp-content\/uploads\/2024\/03\/Moelln-Hauptstr-Baustelle.jpg\" alt=\"\" class=\"wp-image-59081\" style=\"width:672px;height:auto\" srcset=\"https:\/\/herzogtum-direkt.de\/wp-content\/uploads\/2024\/03\/Moelln-Hauptstr-Baustelle.jpg 1000w, https:\/\/herzogtum-direkt.de\/wp-content\/uploads\/2024\/03\/Moelln-Hauptstr-Baustelle-300x166.jpg 300w, https:\/\/herzogtum-direkt.de\/wp-content\/uploads\/2024\/03\/Moelln-Hauptstr-Baustelle-768x424.jpg 768w, https:\/\/herzogtum-direkt.de\/wp-content\/uploads\/2024\/03\/Moelln-Hauptstr-Baustelle-750x414.jpg 750w\" sizes=\"(max-width: 1000px) 100vw, 1000px\" \/><figcaption class=\"wp-element-caption\">Baustelle in der M\u00f6llner Hauptstra\u00dfe. Foto: Anders<\/figcaption><\/figure>\n<\/div>\n\n\n<p>Die Stadtverwaltung ist sich der Unannehmlichkeiten bewusst, die diese Verz\u00f6gerung f\u00fcr die AnwohnerInnen und Gesch\u00e4ftsinhaberInnen in der Hauptstra\u00dfe mit sich bringt. Die Stadt M\u00f6lln bedankt sich bei allen Betroffenen f\u00fcr ihr Verst\u00e4ndnis und ihre Geduld in dieser Angelegenheit. Weitere Informationen und regelm\u00e4\u00dfige Updates zur Bauma\u00dfnahme werden unter anderem \u00fcber die <a href=\"https:\/\/www.moelln-buddelt.de\/\" target=\"_blank\" rel=\"noreferrer noopener\">Webseite<\/a> und den Baustellen-Newsletter kommuniziert.<\/p>\n","protected":false},"excerpt":{"rendered":"<p>M\u00f6lln (pm). Die Stadt M\u00f6lln informiert die B\u00fcrgerinnen und B\u00fcrger \u00fcber den aktuellen Stand der Bauma\u00dfnahme in der Hauptstra\u00dfe. Leider muss mitgeteilt werden, dass die Fertigstellung der Arbeiten im 1. Bauabschnitt (Ecke Marktstra\u00dfe\/Hauptstra\u00dfe bis zum Beginn Bauhof) nicht wie urspr\u00fcnglich geplant bis Dezember 2024 erfolgen kann. Der Verzug kommt vorwiegend durch die umfangreichen Verlegearbeiten der [&hellip;]<\/p>\n","protected":false},"author":2,"featured_media":63664,"comment_status":"closed","ping_status":"closed","sticky":false,"template":"","format":"standard","meta":{"jnews-multi-image_gallery":[],"jnews_single_post":{"subtitle":"Verz\u00f6gerung bei den Bauma\u00dfnahmen nicht einzusch\u00e4tzen","format":"standard","video":"","gallery":"","source_name":"","source_url":"","via_name":"","via_url":"","jpwt_enable_post_donation":"0","override_template":"0","override":[{"template":"1","single_blog_custom":"","parallax":"1","fullscreen":"1","layout":"right-sidebar","sidebar":"default-sidebar","second_sidebar":"default-sidebar","sticky_sidebar":"1","share_position":"top","share_float_style":"share-monocrhome","show_share_counter":"0","show_view_counter":"1","show_featured":"1","show_post_meta":"1","show_post_author":"1","show_post_author_image":"1","show_post_date":"1","post_date_format":"default","post_date_format_custom":"Y\/m\/d","show_post_category":"0","show_post_reading_time":"0","post_reading_time_wpm":"300","post_calculate_word_method":"str_word_count","show_zoom_button":"0","zoom_button_out_step":"2","zoom_button_in_step":"3","show_post_tag":"1","show_prev_next_post":"0","show_popup_post":"1","number_popup_post":"1","show_author_box":"1","show_post_related":"1","show_inline_post_related":"0"}],"override_image_size":"0","image_override":[{"single_post_thumbnail_size":"crop-500","single_post_gallery_size":"crop-500"}],"trending_post":"0","trending_post_position":"meta","trending_post_label":"Trending","sponsored_post":"0","sponsored_post_label":"Sponsored by","sponsored_post_name":"","sponsored_post_url":"","sponsored_post_logo_enable":"0","sponsored_post_logo":"","sponsored_post_desc":"","disable_ad":"0"},"jnews_primary_category":{"id":"","hide":""},"jnews_social_meta":{"fb_title":"","fb_description":"","fb_image":"","twitter_title":"","twitter_description":"","twitter_image":""},"jnews_override_counter":{"override_view_counter":"0","view_counter_number":"0","override_share_counter":"0","share_counter_number":"0","override_like_counter":"0","like_counter_number":"0","override_dislike_counter":"0","dislike_counter_number":"0"},"jnews_post_split":{"enable_post_split":"0","post_split":[{"template":"1","tag":"h2","numbering":"asc","mode":"normal","first":"0","enable_toc":"0","toc_type":"normal"}]},"footnotes":""},"categories":[63,66,2],"tags":[355,133,2658],"class_list":["post-63663","post","type-post","status-publish","format-standard","has-post-thumbnail","hentry","category-herzogtum-lauenburg","category-moelln","category-startseite","tag-baustelle","tag-moelln","tag-moellner-hauptstrasse"],"_links":{"self":[{"href":"https:\/\/herzogtum-direkt.de\/index.php\/wp-json\/wp\/v2\/posts\/63663","targetHints":{"allow":["GET"]}}],"collection":[{"href":"https:\/\/herzogtum-direkt.de\/index.php\/wp-json\/wp\/v2\/posts"}],"about":[{"href":"https:\/\/herzogtum-direkt.de\/index.php\/wp-json\/wp\/v2\/types\/post"}],"author":[{"embeddable":true,"href":"https:\/\/herzogtum-direkt.de\/index.php\/wp-json\/wp\/v2\/users\/2"}],"replies":[{"embeddable":true,"href":"https:\/\/herzogtum-direkt.de\/index.php\/wp-json\/wp\/v2\/comments?post=63663"}],"version-history":[{"count":2,"href":"https:\/\/herzogtum-direkt.de\/index.php\/wp-json\/wp\/v2\/posts\/63663\/revisions"}],"predecessor-version":[{"id":63674,"href":"https:\/\/herzogtum-direkt.de\/index.php\/wp-json\/wp\/v2\/posts\/63663\/revisions\/63674"}],"wp:featuredmedia":[{"embeddable":true,"href":"https:\/\/herzogtum-direkt.de\/index.php\/wp-json\/wp\/v2\/media\/63664"}],"wp:attachment":[{"href":"https:\/\/herzogtum-direkt.de\/index.php\/wp-json\/wp\/v2\/media?parent=63663"}],"wp:term":[{"taxonomy":"category","embeddable":true,"href":"https:\/\/herzogtum-direkt.de\/index.php\/wp-json\/wp\/v2\/categories?post=63663"},{"taxonomy":"post_tag","embeddable":true,"href":"https:\/\/herzogtum-direkt.de\/index.php\/wp-json\/wp\/v2\/tags?post=63663"}],"curies":[{"name":"wp","href":"https:\/\/api.w.org\/{rel}","templated":true}]}}