{"id":63501,"date":"2024-08-02T06:09:00","date_gmt":"2024-08-02T04:09:00","guid":{"rendered":"https:\/\/herzogtum-direkt.de\/?p=63501"},"modified":"2024-08-01T12:19:22","modified_gmt":"2024-08-01T10:19:22","slug":"stadtvertreter-immo-braune-bei-der-feuerwehr","status":"publish","type":"post","link":"https:\/\/herzogtum-direkt.de\/index.php\/2024\/08\/02\/stadtvertreter-immo-braune-bei-der-feuerwehr\/","title":{"rendered":"Stadtvertreter Immo Braune bei der Feuerwehr"},"content":{"rendered":"\n<p><strong>Lauenburg (pm).<\/strong> Ein kr\u00e4ftiger Schwung und schon hat die T\u00fcr keine Chance mehr. Immo Braune, SPD-Fraktionsvorsitzender in der lauenburgischen Stadtvertretung, \u00f6ffnet unter der Anleitung des \u00dcbungsleiters Leon Stegen gewaltsam mit einer Ein-Mann-Ramme die Wohnungst\u00fcr, hinter der sich in der Theorie eine Person in Not befindet. Viel Kraft muss er daf\u00fcr nicht aufwenden, einfach ist es trotzdem nicht. \u201eMan muss schon wissen, wohin man zielt. Kopflos drauflos kostet wertvolle Zeit\u201c, res\u00fcmiert der 33-J\u00e4hrige nach der T\u00fcr\u00f6ffnung. Dabei bleibt es aber nicht: An insgesamt vier Stationen darf sich der hauptberufliche Lehrer am Eindringen in Wohnungen versuchen.<\/p>\n\n\n\n<p>Veranstalterin der \u00dcbung ist die Freiwillige Feuerwehr Lauenburg, die das zum Abriss vorgesehene Geb\u00e4ude im Weingarten 14-16 noch genutzt hat, um die eigenen Fertigkeiten zu trainieren. Braune wollte die Arbeit der Feuerwehr n\u00e4her kennenlernen und fragte bei der Wehrf\u00fchrung an, ob er teilnehmen d\u00fcrfe &#8211; durfte er. Mit \u00fcber 20 Kameradinnen und Kameraden lernte er, Fenster auf Kipp von au\u00dfen zu \u00f6ffnen, Schl\u00f6sser fachgerecht zu ziehen, T\u00fcren gewaltarm oder eben auch gewaltvoll zu \u00f6ffnen. Braunes Fazit: \u201eEs ist sehr eindrucksvoll, was die Wehr hier selbst auf die Beine gestellt hat. Leon Stegen und seine Kameraden haben hier ganze Arbeit in der Vorbereitung und Durchf\u00fchrung geleistet, da kann sich die Stadt gl\u00fccklich sch\u00e4tzen, dass sie sich so engagiert einbringen.\u201c<\/p>\n\n\n<div class=\"wp-block-image\">\n<figure class=\"aligncenter size-full\"><img fetchpriority=\"high\" decoding=\"async\" width=\"500\" height=\"667\" src=\"https:\/\/herzogtum-direkt.de\/wp-content\/uploads\/2024\/08\/Lauenburg-SPD-Tueroeffnung_Immo-Braune-hfr.jpg\" alt=\"\" class=\"wp-image-63502\" srcset=\"https:\/\/herzogtum-direkt.de\/wp-content\/uploads\/2024\/08\/Lauenburg-SPD-Tueroeffnung_Immo-Braune-hfr.jpg 500w, https:\/\/herzogtum-direkt.de\/wp-content\/uploads\/2024\/08\/Lauenburg-SPD-Tueroeffnung_Immo-Braune-hfr-225x300.jpg 225w\" sizes=\"(max-width: 500px) 100vw, 500px\" \/><figcaption class=\"wp-element-caption\">T\u00fcrgespr\u00e4ch der anderen Art: Stadtvertreter Immo Braune \u00fcbt die T\u00fcr\u00f6ffnung mit den Methoden der Feuerwehr. Foto: SPD Lauenburg, hfr<\/figcaption><\/figure>\n<\/div>\n\n\n<p>Immo Braune, der auch Abgeordneter im Lauenburger Kreistag ist, wollte aber nicht nur wissen, was in Notlagen zu tun ist, um Zugang zur Wohnung zu bekommen, sondern vor allem auch, wo bei den Kameradinnen und Kameraden der Schuh dr\u00fcckt. Bei diesen besonderen Gespr\u00e4chen zwischen T\u00fcr und Angel kam dann auch einiges auf den Tisch. Braune: \u201eDer Dauerbrenner ist nat\u00fcrlich der Um- bzw. Neubau der Feuerwache. F\u00fcr uns im Kreis auch interessant ist der Wunsch nach dem Wechsellader-Modell f\u00fcr die Fahrzeuge der Feuerwehr, welches vor allem dann Sinn ergibt, wenn alle gro\u00dfen Wehren im Herzogtum mitmachen. Dass die Kreisverwaltung hier sparen m\u00f6chte, schadet uns langfristig.\u201c<\/p>\n\n\n\n<p>Aber auch kleinere Dinge wurden angesprochen. \u201eGanz vorne mit dabei ist der Wunsch nach der Ausstattung mit Geradschleifern zum Auffr\u00e4sen moderner T\u00fcrschl\u00f6sser, wie sie auch in Lauenburg immer \u00fcblicher werden. Ohne dieses Ger\u00e4t muss sonst aufgebrochen werden, was die T\u00fcr nach der Rettung unbrauchbar macht. Das kostet Zeit und Geld, was man sich sparen k\u00f6nnte\u201c, nimmt Immo Braune mit in die politische Diskussion. \u201eWir reden hier von einem niedrigen vierstelligen Betrag zur Komplettausstattung, das sollte im Sinne unser aller Sicherheit drin sein\u201c, befindet er. Dazu hat er zur kommenden Sitzung des zust\u00e4ndigen Ausschusses mittlerweile einen Antrag gestellt.<\/p>\n\n\n\n<p>Am Ende des langen Vormittags ist der Politiker zufrieden, so aktiv mitgemacht zu haben. \u201eTraditionell unterst\u00fctzen wir als SPD die Feuerwehr immer nach Kr\u00e4ften und halten daf\u00fcr auch engen Kontakt zur Wehrf\u00fchrung. So ist zum Beispiel auch die Aufwandsentsch\u00e4digung f\u00fcr Eins\u00e4tze entstanden\u201c, beschreibt der Sozialdemokrat das Verh\u00e4ltnis zu den Brandsch\u00fctzern. F\u00fcr ihn sei es sicherlich nicht das letzte Mal gewesen, dass er mittendrin statt nur dabei war: \u201eT\u00fcr\u00f6ffnungen sind ja bei weitem nicht das Einzige, was unsere Feuerwehr so macht.\u201c<\/p>\n","protected":false},"excerpt":{"rendered":"<p>Lauenburg (pm). Ein kr\u00e4ftiger Schwung und schon hat die T\u00fcr keine Chance mehr. Immo Braune, SPD-Fraktionsvorsitzender in der lauenburgischen Stadtvertretung, \u00f6ffnet unter der Anleitung des \u00dcbungsleiters Leon Stegen gewaltsam mit einer Ein-Mann-Ramme die Wohnungst\u00fcr, hinter der sich in der Theorie eine Person in Not befindet. Viel Kraft muss er daf\u00fcr nicht aufwenden, einfach ist es [&hellip;]<\/p>\n","protected":false},"author":2,"featured_media":63503,"comment_status":"closed","ping_status":"closed","sticky":false,"template":"","format":"standard","meta":{"jnews-multi-image_gallery":[],"jnews_single_post":{"subtitle":"T\u00fcrgespr\u00e4ch der anderen Art: Stadtvertreter Immo Braune bei der Feuerwehr","format":"standard","video":"","gallery":"","source_name":"","source_url":"","via_name":"","via_url":"","jpwt_enable_post_donation":"0","override_template":"0","override":[{"template":"1","single_blog_custom":"","parallax":"1","fullscreen":"1","layout":"right-sidebar","sidebar":"default-sidebar","second_sidebar":"default-sidebar","sticky_sidebar":"1","share_position":"top","share_float_style":"share-monocrhome","show_share_counter":"0","show_view_counter":"1","show_featured":"1","show_post_meta":"1","show_post_author":"1","show_post_author_image":"1","show_post_date":"1","post_date_format":"default","post_date_format_custom":"Y\/m\/d","show_post_category":"0","show_post_reading_time":"0","post_reading_time_wpm":"300","post_calculate_word_method":"str_word_count","show_zoom_button":"0","zoom_button_out_step":"2","zoom_button_in_step":"3","show_post_tag":"1","show_prev_next_post":"0","show_popup_post":"1","number_popup_post":"1","show_author_box":"1","show_post_related":"1","show_inline_post_related":"0"}],"override_image_size":"0","image_override":[{"single_post_thumbnail_size":"crop-500","single_post_gallery_size":"crop-500"}],"trending_post":"0","trending_post_position":"meta","trending_post_label":"Trending","sponsored_post":"0","sponsored_post_label":"Sponsored by","sponsored_post_name":"","sponsored_post_url":"","sponsored_post_logo_enable":"0","sponsored_post_logo":"","sponsored_post_desc":"","disable_ad":"0"},"jnews_primary_category":{"id":"","hide":""},"jnews_social_meta":{"fb_title":"","fb_description":"","fb_image":"","twitter_title":"","twitter_description":"","twitter_image":""},"jnews_override_counter":{"override_view_counter":"0","view_counter_number":"0","override_share_counter":"0","share_counter_number":"0","override_like_counter":"0","like_counter_number":"0","override_dislike_counter":"0","dislike_counter_number":"0"},"jnews_post_split":{"enable_post_split":"0","post_split":[{"template":"1","tag":"h2","numbering":"asc","mode":"normal","first":"0","enable_toc":"0","toc_type":"normal"}]},"footnotes":""},"categories":[63,2626],"tags":[301,409,446,3825],"class_list":["post-63501","post","type-post","status-publish","format-standard","has-post-thumbnail","hentry","category-herzogtum-lauenburg","category-lauenburg","tag-ehrenamt","tag-feuerwehr","tag-spd","tag-stadt-lauenburg"],"_links":{"self":[{"href":"https:\/\/herzogtum-direkt.de\/index.php\/wp-json\/wp\/v2\/posts\/63501","targetHints":{"allow":["GET"]}}],"collection":[{"href":"https:\/\/herzogtum-direkt.de\/index.php\/wp-json\/wp\/v2\/posts"}],"about":[{"href":"https:\/\/herzogtum-direkt.de\/index.php\/wp-json\/wp\/v2\/types\/post"}],"author":[{"embeddable":true,"href":"https:\/\/herzogtum-direkt.de\/index.php\/wp-json\/wp\/v2\/users\/2"}],"replies":[{"embeddable":true,"href":"https:\/\/herzogtum-direkt.de\/index.php\/wp-json\/wp\/v2\/comments?post=63501"}],"version-history":[{"count":1,"href":"https:\/\/herzogtum-direkt.de\/index.php\/wp-json\/wp\/v2\/posts\/63501\/revisions"}],"predecessor-version":[{"id":63504,"href":"https:\/\/herzogtum-direkt.de\/index.php\/wp-json\/wp\/v2\/posts\/63501\/revisions\/63504"}],"wp:featuredmedia":[{"embeddable":true,"href":"https:\/\/herzogtum-direkt.de\/index.php\/wp-json\/wp\/v2\/media\/63503"}],"wp:attachment":[{"href":"https:\/\/herzogtum-direkt.de\/index.php\/wp-json\/wp\/v2\/media?parent=63501"}],"wp:term":[{"taxonomy":"category","embeddable":true,"href":"https:\/\/herzogtum-direkt.de\/index.php\/wp-json\/wp\/v2\/categories?post=63501"},{"taxonomy":"post_tag","embeddable":true,"href":"https:\/\/herzogtum-direkt.de\/index.php\/wp-json\/wp\/v2\/tags?post=63501"}],"curies":[{"name":"wp","href":"https:\/\/api.w.org\/{rel}","templated":true}]}}