{"id":63407,"date":"2024-07-31T05:43:00","date_gmt":"2024-07-31T03:43:00","guid":{"rendered":"https:\/\/herzogtum-direkt.de\/?p=63407"},"modified":"2024-07-31T11:04:13","modified_gmt":"2024-07-31T09:04:13","slug":"eroeffnung-der-landesvorsteil-forschungsstation-in-mustin","status":"publish","type":"post","link":"https:\/\/herzogtum-direkt.de\/index.php\/2024\/07\/31\/eroeffnung-der-landesvorsteil-forschungsstation-in-mustin\/","title":{"rendered":"Er\u00f6ffnung der Landesvorsteil-Forschungsstation in Mustin"},"content":{"rendered":"\n<p><strong>Mustin (pm).<\/strong> Mit einer Er\u00f6ffnungsfeier am 2. August 2024 um 18 Uhr startet die Tournee der Landvorteil-Forschungsstation durch den Kreis Herzogtum Lauenburg. Drei weitere Standorte werden bis Oktober folgen. Eine weitere Forschungsstation tourt durch den Nachbarkreis Ludwigslust-Parchim.<\/p>\n\n\n\n<p>In den Forschungsstationen wird die nachhaltige Zukunft der Region erkundet \u2013 und das gemeinsam mit denen, die sie machen werden: B\u00fcrger, regionalen Initiativen, Vereinen, Kommunen, Start-Ups und Unternehmen. Das Ergebnis wird ein \u201eInnovationsatlas\u201c der beiden Landkreise sein \u2013 ein \u00dcberblick \u00fcber die innovative Akteure der Region und ihrer Ideen und Visionen.<\/p>\n\n\n\n<p>Die Forschungsstation ist ein neues Konzept der Regionalforschung: Ein offener Begegnungs- und Arbeitsort f\u00fcr Forschende und f\u00fcr regionale Akteure gleicherma\u00dfen \u2013 hier soll gemeinsam auf Augenh\u00f6he die Zukunft des l\u00e4ndlichen Raums neu gedacht werden. Und das nicht in den Labors der Institute, sondern vor Ort.<\/p>\n\n\n\n<p>Beteiligt sind Forschende der Technischen Hochschule L\u00fcbeck, des Th\u00fcnen-Instituts f\u00fcr Regionalentwicklung, die Heinrich-B\u00f6ll-Stiftung Schleswig-Holstein und des Wandelland Vereines. Die erste Station wird realisiert gemeinsam mit der Dialodge \/ VOCER Institut f\u00fcr digitale Resilienz in Mustin. Standort ist an der Badestelle, Dorfstra\u00dfe 57, in Mustin.<\/p>\n\n\n\n<p>Bei der Er\u00f6ffnung wird die stellvertretende B\u00fcrgermeisterin Michaela Berg-Petri ein Gru\u00dfwort halten. Es werden Forschende und Macher der Forschungsstation vor Ort sein \u2013 unter anderem wird Heiko Kolz vom Kreativzentrum Alsenhof einen f\u00fcnft\u00e4gigen Workation-Retreat vorstellen, der w\u00e4hrend der Laufzeit stattfindet und kreative K\u00f6pfe in den Ort bringt.<\/p>\n\n\n\n<p>Landvorteil ist gemeinsame Soziale-Innovations-Initiative der Landkreise Herzogtum Lauenburg und Ludwigslust-Parchim.<\/p>\n","protected":false},"excerpt":{"rendered":"<p>Mustin (pm). Mit einer Er\u00f6ffnungsfeier am 2. August 2024 um 18 Uhr startet die Tournee der Landvorteil-Forschungsstation durch den Kreis Herzogtum Lauenburg. Drei weitere Standorte werden bis Oktober folgen. Eine weitere Forschungsstation tourt durch den Nachbarkreis Ludwigslust-Parchim. In den Forschungsstationen wird die nachhaltige Zukunft der Region erkundet \u2013 und das gemeinsam mit denen, die sie [&hellip;]<\/p>\n","protected":false},"author":2,"featured_media":63408,"comment_status":"closed","ping_status":"closed","sticky":false,"template":"","format":"standard","meta":{"jnews-multi-image_gallery":[],"jnews_single_post":{"subtitle":"","format":"standard","video":"","gallery":"","source_name":"","source_url":"","via_name":"","via_url":"","jpwt_enable_post_donation":"0","override_template":"0","override":[{"template":"1","single_blog_custom":"","parallax":"1","fullscreen":"1","layout":"right-sidebar","sidebar":"default-sidebar","second_sidebar":"default-sidebar","sticky_sidebar":"1","share_position":"top","share_float_style":"share-monocrhome","show_share_counter":"0","show_view_counter":"1","show_featured":"1","show_post_meta":"1","show_post_author":"1","show_post_author_image":"1","show_post_date":"1","post_date_format":"default","post_date_format_custom":"Y\/m\/d","show_post_category":"0","show_post_reading_time":"0","post_reading_time_wpm":"300","post_calculate_word_method":"str_word_count","show_zoom_button":"0","zoom_button_out_step":"2","zoom_button_in_step":"3","show_post_tag":"1","show_prev_next_post":"0","show_popup_post":"1","number_popup_post":"1","show_author_box":"1","show_post_related":"1","show_inline_post_related":"0"}],"override_image_size":"0","image_override":[{"single_post_thumbnail_size":"crop-500","single_post_gallery_size":"crop-500"}],"trending_post":"0","trending_post_position":"meta","trending_post_label":"Trending","sponsored_post":"0","sponsored_post_label":"Sponsored by","sponsored_post_name":"","sponsored_post_url":"","sponsored_post_logo_enable":"0","sponsored_post_logo":"","sponsored_post_desc":"","disable_ad":"0"},"jnews_primary_category":{"id":"","hide":""},"jnews_social_meta":{"fb_title":"","fb_description":"","fb_image":"","twitter_title":"","twitter_description":"","twitter_image":""},"jnews_override_counter":{"override_view_counter":"0","view_counter_number":"0","override_share_counter":"0","share_counter_number":"0","override_like_counter":"0","like_counter_number":"0","override_dislike_counter":"0","dislike_counter_number":"0"},"jnews_post_split":{"enable_post_split":"0","post_split":[{"template":"1","tag":"h2","numbering":"asc","mode":"normal","first":"0","enable_toc":"0","toc_type":"normal"}]},"footnotes":""},"categories":[69,63,2],"tags":[],"class_list":["post-63407","post","type-post","status-publish","format-standard","has-post-thumbnail","hentry","category-amt-lauenburgische-seen","category-herzogtum-lauenburg","category-startseite"],"_links":{"self":[{"href":"https:\/\/herzogtum-direkt.de\/index.php\/wp-json\/wp\/v2\/posts\/63407","targetHints":{"allow":["GET"]}}],"collection":[{"href":"https:\/\/herzogtum-direkt.de\/index.php\/wp-json\/wp\/v2\/posts"}],"about":[{"href":"https:\/\/herzogtum-direkt.de\/index.php\/wp-json\/wp\/v2\/types\/post"}],"author":[{"embeddable":true,"href":"https:\/\/herzogtum-direkt.de\/index.php\/wp-json\/wp\/v2\/users\/2"}],"replies":[{"embeddable":true,"href":"https:\/\/herzogtum-direkt.de\/index.php\/wp-json\/wp\/v2\/comments?post=63407"}],"version-history":[{"count":3,"href":"https:\/\/herzogtum-direkt.de\/index.php\/wp-json\/wp\/v2\/posts\/63407\/revisions"}],"predecessor-version":[{"id":63417,"href":"https:\/\/herzogtum-direkt.de\/index.php\/wp-json\/wp\/v2\/posts\/63407\/revisions\/63417"}],"wp:featuredmedia":[{"embeddable":true,"href":"https:\/\/herzogtum-direkt.de\/index.php\/wp-json\/wp\/v2\/media\/63408"}],"wp:attachment":[{"href":"https:\/\/herzogtum-direkt.de\/index.php\/wp-json\/wp\/v2\/media?parent=63407"}],"wp:term":[{"taxonomy":"category","embeddable":true,"href":"https:\/\/herzogtum-direkt.de\/index.php\/wp-json\/wp\/v2\/categories?post=63407"},{"taxonomy":"post_tag","embeddable":true,"href":"https:\/\/herzogtum-direkt.de\/index.php\/wp-json\/wp\/v2\/tags?post=63407"}],"curies":[{"name":"wp","href":"https:\/\/api.w.org\/{rel}","templated":true}]}}