{"id":63028,"date":"2024-07-18T10:24:31","date_gmt":"2024-07-18T08:24:31","guid":{"rendered":"https:\/\/herzogtum-direkt.de\/?p=63028"},"modified":"2024-07-18T10:27:43","modified_gmt":"2024-07-18T08:27:43","slug":"beitrag-an-der-bundesweiten-langen-nacht-der-demokratie","status":"publish","type":"post","link":"https:\/\/herzogtum-direkt.de\/index.php\/2024\/07\/18\/beitrag-an-der-bundesweiten-langen-nacht-der-demokratie\/","title":{"rendered":"Beitrag an der bundesweiten &#8222;Langen Nacht der Demokratie&#8220;"},"content":{"rendered":"\n<p><strong>Ratzeburg (pm). <\/strong>Die Volkshochschule Ratzeburg und Umland e.V. und der Verein Miteinander leben bereiten f\u00fcr das kommende Herbstsemester wieder politische Bildungsangebote im Rahmen der gemeinsamen Reihe &#8222;SelbstVerst\u00e4ndlich Politik&#8220; vor. Weltpolitische Geschehen, aber auch auf gesellschaftspolitische Entwicklungen werden aufgenommen und in verschiedenen Vortr\u00e4gen zur Diskussion gestellt. So will Politikwissenschaftler Dr. Udo Metzinger am 27. September 2024 um 19 Uhr den Verlauf der Pr\u00e4sidentschaftswahl in den USA analysieren, aus seiner Sicht eine Schicksalswahl. Am 5. November 2024 um 19Uhr will Evans Gumbe als Betroffener und interkultureller Trainer die Frage diskutieren, ob Rassismus (un-)\u00fcberwindbar ist. Am 19. November 2024 um 19 Uhr ist Prof. Dr. Christian St\u00f6cker zu Gast in Ratzeburg. Er stellt sein Buch &#8222;M\u00e4nner, die die Welt verbrennen&#8220; vor, das den Kulturkampf zwischen Profiteuren der fossilen Brennstoffe und den erneuerbaren Energien im Zeichen der Klimakatastrophe beschreibt.<\/p>\n\n\n<div class=\"wp-block-image is-style-rounded\">\n<figure class=\"aligncenter size-full is-resized\"><img fetchpriority=\"high\" decoding=\"async\" width=\"1000\" height=\"902\" src=\"https:\/\/herzogtum-direkt.de\/wp-content\/uploads\/2024\/02\/Evans-Gumbe-Vortrag-Rassismus-hfr.jpg\" alt=\"\" class=\"wp-image-58261\" style=\"width:246px;height:auto\" srcset=\"https:\/\/herzogtum-direkt.de\/wp-content\/uploads\/2024\/02\/Evans-Gumbe-Vortrag-Rassismus-hfr.jpg 1000w, https:\/\/herzogtum-direkt.de\/wp-content\/uploads\/2024\/02\/Evans-Gumbe-Vortrag-Rassismus-hfr-300x271.jpg 300w, https:\/\/herzogtum-direkt.de\/wp-content\/uploads\/2024\/02\/Evans-Gumbe-Vortrag-Rassismus-hfr-768x693.jpg 768w, https:\/\/herzogtum-direkt.de\/wp-content\/uploads\/2024\/02\/Evans-Gumbe-Vortrag-Rassismus-hfr-750x677.jpg 750w\" sizes=\"(max-width: 1000px) 100vw, 1000px\" \/><figcaption class=\"wp-element-caption\">Evans Gumbe, Lehrbeauftragter an der Universit\u00e4t L\u00fcbeck, interkultureller Trainer und Projektmanager im Bereich Internationales an der Technischen Hochschule L\u00fcbeck.. Foto: hfr<\/figcaption><\/figure>\n<\/div>\n\n\n<p>Alle Vortr\u00e4ge finden im Ratssaal des Ratzeburger Rathauses statt und sind barrierefrei zug\u00e4nglich. Der Eintritt zu allen Vortr\u00e4gen ist dank einer F\u00f6rderung durch die Partnerschaft f\u00fcr Demokratie der Stadt Ratzeburg und des Amtes Lauenburgische Seen im Rahmen des Bundesprogramms &#8218;Demokratie leben!&#8216; kostenlos.<\/p>\n\n\n<div class=\"wp-block-image\">\n<figure class=\"aligncenter size-full is-resized\"><img decoding=\"async\" width=\"1000\" height=\"339\" src=\"https:\/\/herzogtum-direkt.de\/wp-content\/uploads\/2022\/07\/Demokratie-leben-BMFSFJ_DL_mitFoerderzusatz-1-1.png\" alt=\"\" class=\"wp-image-42387\" style=\"width:464px;height:auto\" srcset=\"https:\/\/herzogtum-direkt.de\/wp-content\/uploads\/2022\/07\/Demokratie-leben-BMFSFJ_DL_mitFoerderzusatz-1-1.png 1000w, https:\/\/herzogtum-direkt.de\/wp-content\/uploads\/2022\/07\/Demokratie-leben-BMFSFJ_DL_mitFoerderzusatz-1-1-300x102.png 300w, https:\/\/herzogtum-direkt.de\/wp-content\/uploads\/2022\/07\/Demokratie-leben-BMFSFJ_DL_mitFoerderzusatz-1-1-768x260.png 768w, https:\/\/herzogtum-direkt.de\/wp-content\/uploads\/2022\/07\/Demokratie-leben-BMFSFJ_DL_mitFoerderzusatz-1-1-750x254.png 750w\" sizes=\"(max-width: 1000px) 100vw, 1000px\" \/><\/figure>\n<\/div>\n\n\n<p>&#8222;Zu all unseren Vortr\u00e4gen bringen wir regelm\u00e4\u00dfig auch eigene Podcasts heraus, die wir zusammen mit den eingeladenen Dozentinnen und Dozenten aufnehmen. Die politischen Bildungsangebote aus Ratzeburg sind damit dauerhaft auch h\u00f6rbar, allerdings ohne die anregenden Diskussionen, die jeder Live-Vortrag mit sich bringt&#8220;, erg\u00e4nzt Mark Sauer vom Verein Miteinander leben. Ausgestrahlt werden diese sowohl im Offenen Kanal L\u00fcbeck, als auch auf einer Podcast-Plattform unter <a href=\"https:\/\/vml.podcaster.de\/selbstverstandlich-politik\" target=\"_blank\" rel=\"noreferrer noopener\">https:\/\/vml.podcaster.de\/selbstverstandlich-politik<\/a> .<\/p>\n\n\n\n<p>Ein besonderes Ereignis zur politischen Bildung plant die Ratzeburger Volkshochschule \u00fcberdies am 2. Oktober 2024. Sie beteiligt sich in diesem Jahr erstmalig mit einem eigenen Programmbeitrag an der bundesweiten &#8222;Langen Nacht der Demokratie&#8220;. Vorbereitet wird unter anderem ein Podiumsgespr\u00e4ch unter Leitung von Mechthild M\u00e4sker, Leiterin des Regionalstudios von NDR 1 Welle Nord in L\u00fcbeck, zum Thema &#8222;Medien und Demokratie&#8220; und ein Konzert mit S\u00e4nger und Musiker Sebastian Krumbiegel im Burgtheater Ratzeburg. Das Programm wird eingebettet in ein politisches Filmangebot des Filmclubs Ratzeburg.<\/p>\n","protected":false},"excerpt":{"rendered":"<p>Ratzeburg (pm). Die Volkshochschule Ratzeburg und Umland e.V. und der Verein Miteinander leben bereiten f\u00fcr das kommende Herbstsemester wieder politische Bildungsangebote im Rahmen der gemeinsamen Reihe &#8222;SelbstVerst\u00e4ndlich Politik&#8220; vor. Weltpolitische Geschehen, aber auch auf gesellschaftspolitische Entwicklungen werden aufgenommen und in verschiedenen Vortr\u00e4gen zur Diskussion gestellt. So will Politikwissenschaftler Dr. Udo Metzinger am 27. September 2024 [&hellip;]<\/p>\n","protected":false},"author":2,"featured_media":63029,"comment_status":"closed","ping_status":"closed","sticky":false,"template":"","format":"standard","meta":{"jnews-multi-image_gallery":[],"jnews_single_post":{"subtitle":"Konzert mit S\u00e4nger und Musiker Sebastian Krumbiegel im Burgtheater Ratzeburg","format":"standard","video":"","gallery":"","source_name":"","source_url":"","via_name":"","via_url":"","jpwt_enable_post_donation":"0","override_template":"0","override":[{"template":"1","single_blog_custom":"","parallax":"1","fullscreen":"1","layout":"right-sidebar","sidebar":"default-sidebar","second_sidebar":"default-sidebar","sticky_sidebar":"1","share_position":"top","share_float_style":"share-monocrhome","show_share_counter":"0","show_view_counter":"1","show_featured":"1","show_post_meta":"1","show_post_author":"1","show_post_author_image":"1","show_post_date":"1","post_date_format":"default","post_date_format_custom":"Y\/m\/d","show_post_category":"0","show_post_reading_time":"0","post_reading_time_wpm":"300","post_calculate_word_method":"str_word_count","show_zoom_button":"0","zoom_button_out_step":"2","zoom_button_in_step":"3","show_post_tag":"1","show_prev_next_post":"0","show_popup_post":"1","number_popup_post":"1","show_author_box":"1","show_post_related":"1","show_inline_post_related":"0"}],"override_image_size":"0","image_override":[{"single_post_thumbnail_size":"crop-500","single_post_gallery_size":"crop-500"}],"trending_post":"0","trending_post_position":"meta","trending_post_label":"Trending","sponsored_post":"0","sponsored_post_label":"Sponsored by","sponsored_post_name":"","sponsored_post_url":"","sponsored_post_logo_enable":"0","sponsored_post_logo":"","sponsored_post_desc":"","disable_ad":"0"},"jnews_primary_category":{"id":"","hide":""},"jnews_social_meta":{"fb_title":"","fb_description":"","fb_image":"","twitter_title":"","twitter_description":"","twitter_image":""},"jnews_override_counter":{"override_view_counter":"0","view_counter_number":"0","override_share_counter":"0","share_counter_number":"0","override_like_counter":"0","like_counter_number":"0","override_dislike_counter":"0","dislike_counter_number":"0"},"jnews_post_split":{"enable_post_split":"0","post_split":[{"template":"1","tag":"h2","numbering":"asc","mode":"normal","first":"0","enable_toc":"0","toc_type":"normal"}]},"footnotes":""},"categories":[2],"tags":[],"class_list":["post-63028","post","type-post","status-publish","format-standard","has-post-thumbnail","hentry","category-startseite"],"_links":{"self":[{"href":"https:\/\/herzogtum-direkt.de\/index.php\/wp-json\/wp\/v2\/posts\/63028","targetHints":{"allow":["GET"]}}],"collection":[{"href":"https:\/\/herzogtum-direkt.de\/index.php\/wp-json\/wp\/v2\/posts"}],"about":[{"href":"https:\/\/herzogtum-direkt.de\/index.php\/wp-json\/wp\/v2\/types\/post"}],"author":[{"embeddable":true,"href":"https:\/\/herzogtum-direkt.de\/index.php\/wp-json\/wp\/v2\/users\/2"}],"replies":[{"embeddable":true,"href":"https:\/\/herzogtum-direkt.de\/index.php\/wp-json\/wp\/v2\/comments?post=63028"}],"version-history":[{"count":2,"href":"https:\/\/herzogtum-direkt.de\/index.php\/wp-json\/wp\/v2\/posts\/63028\/revisions"}],"predecessor-version":[{"id":63031,"href":"https:\/\/herzogtum-direkt.de\/index.php\/wp-json\/wp\/v2\/posts\/63028\/revisions\/63031"}],"wp:featuredmedia":[{"embeddable":true,"href":"https:\/\/herzogtum-direkt.de\/index.php\/wp-json\/wp\/v2\/media\/63029"}],"wp:attachment":[{"href":"https:\/\/herzogtum-direkt.de\/index.php\/wp-json\/wp\/v2\/media?parent=63028"}],"wp:term":[{"taxonomy":"category","embeddable":true,"href":"https:\/\/herzogtum-direkt.de\/index.php\/wp-json\/wp\/v2\/categories?post=63028"},{"taxonomy":"post_tag","embeddable":true,"href":"https:\/\/herzogtum-direkt.de\/index.php\/wp-json\/wp\/v2\/tags?post=63028"}],"curies":[{"name":"wp","href":"https:\/\/api.w.org\/{rel}","templated":true}]}}