{"id":62536,"date":"2024-07-04T10:44:08","date_gmt":"2024-07-04T08:44:08","guid":{"rendered":"https:\/\/herzogtum-direkt.de\/?p=62536"},"modified":"2024-07-04T10:44:10","modified_gmt":"2024-07-04T08:44:10","slug":"stadtradeln-2024-in-moelln","status":"publish","type":"post","link":"https:\/\/herzogtum-direkt.de\/index.php\/2024\/07\/04\/stadtradeln-2024-in-moelln\/","title":{"rendered":"Stadtradeln 2024 in M\u00f6lln"},"content":{"rendered":"\n<p><strong>M\u00f6lln (pm).<\/strong> Vor wenigen Tagen endete die Aktion Stadtradeln 2024. In den drei Wochen des diesj\u00e4hrigen Stadtradelns (9. Juni bis 29. Juni 2024) fuhren f\u00fcr die Stadt M\u00f6lln 147 aktive RadfahrerInnen aus 18 Teams insgesamt 33.788 Kilometer.<\/p>\n\n\n\n<p>Die Abschlussveranstaltung des diesj\u00e4hrigen Stadtradelns findet am Samstag, den 13. Juli 2024 um 11 Uhr auf dem M\u00f6llner Bauhof statt. Die eifrigsten TeilnehmerInnen und Teams werden hierbei mit einer Urkunde und Preisen aus der Region ausgezeichnet, die mit Hilfe der freundlichen Unterst\u00fctzung des M\u00f6llner Fahrradh\u00e4ndlers Marco Frech von \u201eFrech-Styler\u201c, der Vereinigten Stadtwerke Gesellschaft sowie des Biomarktes L\u00e4mmerhof aus Panten\/Mannhagen zusammenkamen. Gew\u00fcrdigt werden unter anderem die ersten Pl\u00e4tze in den Kategorien Gesamtkilometer, Kilometer pro Kopf, beste(r) EinzelradlerIn sowie j\u00fcngste(r) und \u00e4lteste(r) TeilnehmerIn.<\/p>\n\n\n<div class=\"wp-block-image\">\n<figure class=\"aligncenter size-full is-resized\"><img fetchpriority=\"high\" decoding=\"async\" width=\"1000\" height=\"667\" src=\"https:\/\/herzogtum-direkt.de\/wp-content\/uploads\/2022\/10\/Radfahren-Natur-Senioren-Pixabay.jpg\" alt=\"\" class=\"wp-image-44864\" style=\"width:588px;height:auto\" srcset=\"https:\/\/herzogtum-direkt.de\/wp-content\/uploads\/2022\/10\/Radfahren-Natur-Senioren-Pixabay.jpg 1000w, https:\/\/herzogtum-direkt.de\/wp-content\/uploads\/2022\/10\/Radfahren-Natur-Senioren-Pixabay-300x200.jpg 300w, https:\/\/herzogtum-direkt.de\/wp-content\/uploads\/2022\/10\/Radfahren-Natur-Senioren-Pixabay-768x512.jpg 768w, https:\/\/herzogtum-direkt.de\/wp-content\/uploads\/2022\/10\/Radfahren-Natur-Senioren-Pixabay-750x500.jpg 750w\" sizes=\"(max-width: 1000px) 100vw, 1000px\" \/><figcaption class=\"wp-element-caption\">Foto: Image by <a href=\"https:\/\/pixabay.com\/users\/mabelamber-1377835\/?utm_source=link-attribution&amp;utm_medium=referral&amp;utm_campaign=image&amp;utm_content=3553814\">\ud83d\udc40 Mabel Amber, who will one day<\/a> from <a href=\"https:\/\/pixabay.com\/\/?utm_source=link-attribution&amp;utm_medium=referral&amp;utm_campaign=image&amp;utm_content=3553814\">Pixabay<\/a>, hfr<\/figcaption><\/figure>\n<\/div>\n\n\n<p>\u201eWir freuen uns schon auf die TeilnehmerInnen und BesucherInnen der Abschlussveranstaltung und bedanken uns ganz herzlich f\u00fcr jeden gefahrenen Kilometer\u201c, sagt der M\u00f6llner B\u00fcrgermeister Ingo Sch\u00e4per. G\u00e4ste sind am Sonnabend, 13. Juli herzlich willkommen.<\/p>\n","protected":false},"excerpt":{"rendered":"<p>M\u00f6lln (pm). Vor wenigen Tagen endete die Aktion Stadtradeln 2024. In den drei Wochen des diesj\u00e4hrigen Stadtradelns (9. Juni bis 29. Juni 2024) fuhren f\u00fcr die Stadt M\u00f6lln 147 aktive RadfahrerInnen aus 18 Teams insgesamt 33.788 Kilometer. Die Abschlussveranstaltung des diesj\u00e4hrigen Stadtradelns findet am Samstag, den 13. Juli 2024 um 11 Uhr auf dem M\u00f6llner [&hellip;]<\/p>\n","protected":false},"author":2,"featured_media":62537,"comment_status":"closed","ping_status":"closed","sticky":false,"template":"","format":"standard","meta":{"jnews-multi-image_gallery":[],"jnews_single_post":{"subtitle":"Fast 34.000 gefahrene Kilometer f\u00fcr den Klimaschutz","format":"standard","video":"","gallery":"","source_name":"","source_url":"","via_name":"","via_url":"","jpwt_enable_post_donation":"0","override_template":"0","override":[{"template":"1","single_blog_custom":"","parallax":"1","fullscreen":"1","layout":"right-sidebar","sidebar":"default-sidebar","second_sidebar":"default-sidebar","sticky_sidebar":"1","share_position":"top","share_float_style":"share-monocrhome","show_share_counter":"0","show_view_counter":"1","show_featured":"1","show_post_meta":"1","show_post_author":"1","show_post_author_image":"1","show_post_date":"1","post_date_format":"default","post_date_format_custom":"Y\/m\/d","show_post_category":"0","show_post_reading_time":"0","post_reading_time_wpm":"300","post_calculate_word_method":"str_word_count","show_zoom_button":"0","zoom_button_out_step":"2","zoom_button_in_step":"3","show_post_tag":"1","show_prev_next_post":"0","show_popup_post":"1","number_popup_post":"1","show_author_box":"1","show_post_related":"1","show_inline_post_related":"0"}],"override_image_size":"0","image_override":[{"single_post_thumbnail_size":"crop-500","single_post_gallery_size":"crop-500"}],"trending_post":"0","trending_post_position":"meta","trending_post_label":"Trending","sponsored_post":"0","sponsored_post_label":"Sponsored by","sponsored_post_name":"","sponsored_post_url":"","sponsored_post_logo_enable":"0","sponsored_post_logo":"","sponsored_post_desc":"","disable_ad":"0"},"jnews_primary_category":{"id":"","hide":""},"jnews_social_meta":{"fb_title":"","fb_description":"","fb_image":"","twitter_title":"","twitter_description":"","twitter_image":""},"jnews_override_counter":{"override_view_counter":"0","view_counter_number":"0","override_share_counter":"0","share_counter_number":"0","override_like_counter":"0","like_counter_number":"0","override_dislike_counter":"0","dislike_counter_number":"0"},"jnews_post_split":{"enable_post_split":"0","post_split":[{"template":"1","tag":"h2","numbering":"asc","mode":"normal","first":"0","enable_toc":"0","toc_type":"normal"}]},"footnotes":""},"categories":[3757,66],"tags":[133,384,807],"class_list":["post-62536","post","type-post","status-publish","format-standard","has-post-thumbnail","hentry","category-ausflugstipp","category-moelln","tag-moelln","tag-radfahren","tag-stadtradeln"],"_links":{"self":[{"href":"https:\/\/herzogtum-direkt.de\/index.php\/wp-json\/wp\/v2\/posts\/62536","targetHints":{"allow":["GET"]}}],"collection":[{"href":"https:\/\/herzogtum-direkt.de\/index.php\/wp-json\/wp\/v2\/posts"}],"about":[{"href":"https:\/\/herzogtum-direkt.de\/index.php\/wp-json\/wp\/v2\/types\/post"}],"author":[{"embeddable":true,"href":"https:\/\/herzogtum-direkt.de\/index.php\/wp-json\/wp\/v2\/users\/2"}],"replies":[{"embeddable":true,"href":"https:\/\/herzogtum-direkt.de\/index.php\/wp-json\/wp\/v2\/comments?post=62536"}],"version-history":[{"count":1,"href":"https:\/\/herzogtum-direkt.de\/index.php\/wp-json\/wp\/v2\/posts\/62536\/revisions"}],"predecessor-version":[{"id":62538,"href":"https:\/\/herzogtum-direkt.de\/index.php\/wp-json\/wp\/v2\/posts\/62536\/revisions\/62538"}],"wp:featuredmedia":[{"embeddable":true,"href":"https:\/\/herzogtum-direkt.de\/index.php\/wp-json\/wp\/v2\/media\/62537"}],"wp:attachment":[{"href":"https:\/\/herzogtum-direkt.de\/index.php\/wp-json\/wp\/v2\/media?parent=62536"}],"wp:term":[{"taxonomy":"category","embeddable":true,"href":"https:\/\/herzogtum-direkt.de\/index.php\/wp-json\/wp\/v2\/categories?post=62536"},{"taxonomy":"post_tag","embeddable":true,"href":"https:\/\/herzogtum-direkt.de\/index.php\/wp-json\/wp\/v2\/tags?post=62536"}],"curies":[{"name":"wp","href":"https:\/\/api.w.org\/{rel}","templated":true}]}}