{"id":62481,"date":"2024-07-03T09:35:34","date_gmt":"2024-07-03T07:35:34","guid":{"rendered":"https:\/\/herzogtum-direkt.de\/?p=62481"},"modified":"2024-07-03T09:35:36","modified_gmt":"2024-07-03T07:35:36","slug":"neue-ausgabe-der-schuelerzeitung-sandes-news","status":"publish","type":"post","link":"https:\/\/herzogtum-direkt.de\/index.php\/2024\/07\/03\/neue-ausgabe-der-schuelerzeitung-sandes-news\/","title":{"rendered":"Neue Ausgabe der Sch\u00fclerzeitung &#8222;Sandes-News&#8220;"},"content":{"rendered":"\n<p><strong>Sandesneben (sn).<\/strong> In der Gemeinschaftsschule Sandesneben hat die Redaktion der &#8222;Sandes-News&#8220; p\u00fcnktlich zur Entlassungsfeier der Abschlussklassen wieder eine neue Ausgabe ihrer preisgekr\u00f6nten Sch\u00fclerzeitung ver\u00f6ffentlicht. Mit dem Themenheft &#8222;Theater&#8220; verabschiedet sich die Redaktion in die Sommerpause.<\/p>\n\n\n\n<p>Weitere Top-Themen der 11. Ausgabe der &#8222;Sandes-News&#8220; sind die Europawahl, das &#8222;Enrichment-Projekt&#8220;, bei dem der Abiturjahrgang die Naturwissenschaften und Geschichtsthemen f\u00fcr die Grundsch\u00fcler vorbereiten, sowie die Verabschiedung der langj\u00e4hrigen stellvertretenden Schulleiterin Christine Hoppe-Rebling.<\/p>\n\n\n\n<p>Das Heft gibt es in gedruckter Form bei der Schulentlassung am Freitag, 5. Juli, am Montag, 8. Juli beim Sommerkonzert in der Amtsarena und nat\u00fcrlich auch in den Pausen. Alle alten Hefte gibt es zum kostenlosen Download \u00fcber die Schulhomepage: <a href=\"https:\/\/ggs-sandesneben.com\/schuelerzeitung\/\" target=\"_blank\" rel=\"noreferrer noopener\">https:\/\/ggs-sandesneben.com\/schuelerzeitung\/<\/a><\/p>\n","protected":false},"excerpt":{"rendered":"<p>Sandesneben (sn). In der Gemeinschaftsschule Sandesneben hat die Redaktion der &#8222;Sandes-News&#8220; p\u00fcnktlich zur Entlassungsfeier der Abschlussklassen wieder eine neue Ausgabe ihrer preisgekr\u00f6nten Sch\u00fclerzeitung ver\u00f6ffentlicht. Mit dem Themenheft &#8222;Theater&#8220; verabschiedet sich die Redaktion in die Sommerpause. Weitere Top-Themen der 11. Ausgabe der &#8222;Sandes-News&#8220; sind die Europawahl, das &#8222;Enrichment-Projekt&#8220;, bei dem der Abiturjahrgang die Naturwissenschaften und Geschichtsthemen [&hellip;]<\/p>\n","protected":false},"author":50,"featured_media":62482,"comment_status":"closed","ping_status":"closed","sticky":false,"template":"","format":"standard","meta":{"jnews-multi-image_gallery":[],"jnews_single_post":{"subtitle":"","format":"standard","video":"","gallery":"","source_name":"","source_url":"","via_name":"","via_url":"","jpwt_enable_post_donation":"0","override_template":"0","override":[{"template":"1","single_blog_custom":"","parallax":"1","fullscreen":"1","layout":"right-sidebar","sidebar":"default-sidebar","second_sidebar":"default-sidebar","sticky_sidebar":"1","share_position":"top","share_float_style":"share-monocrhome","show_share_counter":"0","show_view_counter":"1","show_featured":"1","show_post_meta":"1","show_post_author":"1","show_post_author_image":"1","show_post_date":"1","post_date_format":"default","post_date_format_custom":"Y\/m\/d","show_post_category":"0","show_post_reading_time":"0","post_reading_time_wpm":"300","post_calculate_word_method":"str_word_count","show_zoom_button":"0","zoom_button_out_step":"2","zoom_button_in_step":"3","show_post_tag":"1","show_prev_next_post":"0","show_popup_post":"1","number_popup_post":"1","show_author_box":"1","show_post_related":"1","show_inline_post_related":"0"}],"override_image_size":"0","image_override":[{"single_post_thumbnail_size":"crop-500","single_post_gallery_size":"crop-500"}],"trending_post":"0","trending_post_position":"meta","trending_post_label":"Trending","sponsored_post":"0","sponsored_post_label":"Sponsored by","sponsored_post_name":"","sponsored_post_url":"","sponsored_post_logo_enable":"0","sponsored_post_logo":"","sponsored_post_desc":"","disable_ad":"0"},"jnews_primary_category":{"id":"","hide":""},"jnews_social_meta":{"fb_title":"","fb_description":"","fb_image":"","twitter_title":"","twitter_description":"","twitter_image":""},"jnews_override_counter":{"override_view_counter":"0","view_counter_number":"0","override_share_counter":"0","share_counter_number":"0","override_like_counter":"0","like_counter_number":"0","override_dislike_counter":"0","dislike_counter_number":"0"},"jnews_post_split":{"enable_post_split":"0","post_split":[{"template":"1","tag":"h2","numbering":"asc","mode":"normal","first":"0","enable_toc":"0","toc_type":"normal"}]},"footnotes":""},"categories":[67,74],"tags":[1976,3394,486],"class_list":["post-62481","post","type-post","status-publish","format-standard","has-post-thumbnail","hentry","category-amt-sandesneben-nusse","category-jugend-direkt","tag-grund-und-gemeinschaftsschule-sandesneben","tag-sandes-news","tag-sandesneben"],"_links":{"self":[{"href":"https:\/\/herzogtum-direkt.de\/index.php\/wp-json\/wp\/v2\/posts\/62481","targetHints":{"allow":["GET"]}}],"collection":[{"href":"https:\/\/herzogtum-direkt.de\/index.php\/wp-json\/wp\/v2\/posts"}],"about":[{"href":"https:\/\/herzogtum-direkt.de\/index.php\/wp-json\/wp\/v2\/types\/post"}],"author":[{"embeddable":true,"href":"https:\/\/herzogtum-direkt.de\/index.php\/wp-json\/wp\/v2\/users\/50"}],"replies":[{"embeddable":true,"href":"https:\/\/herzogtum-direkt.de\/index.php\/wp-json\/wp\/v2\/comments?post=62481"}],"version-history":[{"count":1,"href":"https:\/\/herzogtum-direkt.de\/index.php\/wp-json\/wp\/v2\/posts\/62481\/revisions"}],"predecessor-version":[{"id":62483,"href":"https:\/\/herzogtum-direkt.de\/index.php\/wp-json\/wp\/v2\/posts\/62481\/revisions\/62483"}],"wp:featuredmedia":[{"embeddable":true,"href":"https:\/\/herzogtum-direkt.de\/index.php\/wp-json\/wp\/v2\/media\/62482"}],"wp:attachment":[{"href":"https:\/\/herzogtum-direkt.de\/index.php\/wp-json\/wp\/v2\/media?parent=62481"}],"wp:term":[{"taxonomy":"category","embeddable":true,"href":"https:\/\/herzogtum-direkt.de\/index.php\/wp-json\/wp\/v2\/categories?post=62481"},{"taxonomy":"post_tag","embeddable":true,"href":"https:\/\/herzogtum-direkt.de\/index.php\/wp-json\/wp\/v2\/tags?post=62481"}],"curies":[{"name":"wp","href":"https:\/\/api.w.org\/{rel}","templated":true}]}}