{"id":62228,"date":"2024-06-26T08:56:50","date_gmt":"2024-06-26T06:56:50","guid":{"rendered":"https:\/\/herzogtum-direkt.de\/?p=62228"},"modified":"2024-06-26T09:57:56","modified_gmt":"2024-06-26T07:57:56","slug":"landrat-dr-mager-zu-besuch-im-amt-hohe-elbgeest","status":"publish","type":"post","link":"https:\/\/herzogtum-direkt.de\/index.php\/2024\/06\/26\/landrat-dr-mager-zu-besuch-im-amt-hohe-elbgeest\/","title":{"rendered":"Landrat Dr. Mager zu Besuch im Amt Hohe Elbgeest"},"content":{"rendered":"\n<p><strong>Dassendorf (pm).<\/strong> Gut ein Jahr nach der Kommunalwahl im Mai 2023 nutzte Landrat Dr. Christoph Mager einen Besuch im Amt Hohe Elbgeest, um den neu zusammengesetzten Amtsausschuss kennenzulernen und den Gemeinden die Gelegenheit zu geben, \u00f6rtliche Anliegen im direkten pers\u00f6nlichen Austausch vorzubringen.<\/p>\n\n\n\n<p>Nach einer kurzen Begr\u00fc\u00dfung durch Amtsvorsteherin Martina Falkenberg und Amtsdirektor Torge Sommerkorn nahm der Landrat einen Ortstermin in Aum\u00fchle wahr. Aum\u00fchles B\u00fcrgermeister Knut Suhk hatte im Vorfeld einige Themen gemeldet, von denen sich Dr. Mager direkt vor Ort ein Bild machen konnte.<\/p>\n\n\n\n<p>Zur\u00fcck im Amt stand dann eine Gespr\u00e4chsrunde mit den zehn ehrenamtlichen B\u00fcrgermeisterinnen und B\u00fcrgermeistern an, in der man sich rege \u00fcber gemeindliche Anliegen wie Bebauungsplanung, Kita- oder Jugendarbeit austauschte. Einige aus der Runde vorgebrachten Herausforderungen \u201eschafften\u201c es dabei auf den Notizzettel des Landrates, der eine umgehende Kl\u00e4rung in der Kreisverwaltung zusagte.<\/p>\n\n\n\n<p>Dr. Mager selbst thematisierte neben den Herausforderungen der Unterbringung von Asylsuchenden im Kreisgebiet auch die Suche nach einem geeigneten Standort f\u00fcr ein Hallenbad im S\u00fcdkreis. Diesbez\u00fcglich sprachen sich die Vertreterinnen und Vertretern der Amtsgemeinden im Umfeld von Geesthacht f\u00fcr diesen Standort aus, auch vor dem Hintergrund des Schwimmunterrichts in Grundschulen. Wichtig sei dabei, auch f\u00fcr \u00f6ffentliche Nutzung, dass das Hallenbad gut erreichbar sein muss mit dem \u00d6PNV.<\/p>\n\n\n\n<p>Nach ausgiebigem Gespr\u00e4ch in kleinem Kreis wurde die Runde um Mitglieder des Amtsausschusses erweitert. Hier konnten besonders die seit der Kommunalwahl im Sommer 2023 neuen Mitglieder des Amtsausschusses in den pers\u00f6nlichen Austausch mit dem Landrat gehen. Dieser betonte, dass er und auch der ebenfalls anwesende Leiter der Kommunalaufsicht, Karsten Steffen, stets Ansprechpartner der in den Kommunen aktiven ehrenamtlichen Gemeindevertretenden ist: \u201eDas Ehrenamt in der kommunalen Selbstverwaltung ist ein wichtiger Pfeiler der Demokratie. Ihre kommunalpolitische Arbeit stellt vor Ort immer wieder eine besondere Herausforderung dar, bei der ich Ihnen die volle Unterst\u00fctzung der Kreisverwaltung, der Kommunalaufsicht und auch von mir pers\u00f6nlich zusage. Melden Sie sich gern bei mir, wenn Ihnen etwas auf den N\u00e4geln brennt.\u201c<\/p>\n\n\n\n<p><strong>Wof\u00fcr ist der Kreis \u2013 wof\u00fcr die Gemeinde zust\u00e4ndig?<\/strong><\/p>\n\n\n\n<p>Dr. Mager erl\u00e4uterte insbesondere die Abgrenzung der Aufgaben zwischen Gemeinde und Kreis: \u201eDie Gemeinden regeln alle Fragen der \u00f6rtlichen Gemeinschaft, wie die Gestaltung und Entwicklung des Ortes oder die Durchf\u00fchrung von Veranstaltungen oder Fragen der Feuerwehr. Teilweise kooperieren dabei Gemeinden, insbesondere in den \u00c4mtern, um die Aufgaben der Gemeinden abzuarbeiten: Kindertagesst\u00e4tten, Schulen oder etwa Wasserversorgung werden so regional geregelt. Dem Kreis sind Aufgaben zugeordnet, die sich sinnvollerweise in gr\u00f6\u00dferen Regionen organisieren lassen. Dazu geh\u00f6rt der Rettungsdienst, die Abfallentsorgung oder die Bauverwaltung. Vielfach wirken diese Ebenen zusammen. So legt die Gemeinde durch einen Bebauungsplan fest, was wo gebaut werden darf; und die Bauverwaltung des Kreises pr\u00fcft, ob die geplanten Geb\u00e4ude mit den Festlegungen der Gemeinde in Einklang stehen.\u201c<\/p>\n\n\n<div class=\"wp-block-image is-style-rounded\">\n<figure class=\"aligncenter size-large is-resized\"><img fetchpriority=\"high\" decoding=\"async\" width=\"768\" height=\"1024\" src=\"https:\/\/herzogtum-direkt.de\/wp-content\/uploads\/2024\/06\/Landrat-zu-Besuch-im-Amt-Hohe-Elbgeest-2024-hfr-768x1024.jpg\" alt=\"\" class=\"wp-image-62229\" style=\"width:438px;height:auto\" srcset=\"https:\/\/herzogtum-direkt.de\/wp-content\/uploads\/2024\/06\/Landrat-zu-Besuch-im-Amt-Hohe-Elbgeest-2024-hfr-768x1024.jpg 768w, https:\/\/herzogtum-direkt.de\/wp-content\/uploads\/2024\/06\/Landrat-zu-Besuch-im-Amt-Hohe-Elbgeest-2024-hfr-225x300.jpg 225w, https:\/\/herzogtum-direkt.de\/wp-content\/uploads\/2024\/06\/Landrat-zu-Besuch-im-Amt-Hohe-Elbgeest-2024-hfr-750x1000.jpg 750w, https:\/\/herzogtum-direkt.de\/wp-content\/uploads\/2024\/06\/Landrat-zu-Besuch-im-Amt-Hohe-Elbgeest-2024-hfr.jpg 1000w\" sizes=\"(max-width: 768px) 100vw, 768px\" \/><figcaption class=\"wp-element-caption\">Landrat Dr. Christoph Mager (li.) wurde im Amt Hohe Elbgeest von Amtsdirektor Torge Sommerkorn (re.), Amtsvorsteherin Martina Falkenberg und Aum\u00fchle\u2018s B\u00fcrgermeister Knut Suhk begr\u00fc\u00dft. Foto: Susanne Nowacki, hfr\n\n<\/figcaption><\/figure>\n<\/div>\n\n\n<p>Amtsvorsteherin Martina Falkenberg und Amtsdirektor Torge Sommerkorn bedankten sich im Namen aller Amtsausschussmitglieder bei Landrat Dr. Mager f\u00fcr den Besuch im Amt Hohe Elbgeest: \u201eWir freuen uns sehr \u00fcber diesen wertsch\u00e4tzenden, direkten Austausch zwischen Landrat und Ehrenamt im Amt Hohe Elbgeest und freuen uns weiterhin auf eine gute Zusammenarbeit.\u201c<\/p>\n\n\n\n<p><strong>Infos zum Kreis Herzogtum Lauenburg<\/strong><\/p>\n\n\n\n<p>In Schleswig-Holstein gibt es neben vier kreisfreien St\u00e4dten insgesamt 1.106 Gemeinden, die in 85 \u00c4mter und elf Kreise gegliedert sind. Einer dieser elf Kreise ist der Kreis Herzogtum Lauenburg. Der Kreis Herzogtum Lauenburg umfasst insgesamt 132 Kommunen unterschiedlicher Gr\u00f6\u00dfe. Neben 126 Gemeinden, die in acht \u00c4mtern zusammengeschlossen sind, gibt es eine \u201eamtsfreie Gemeinde\u201c und f\u00fcnf St\u00e4dte im Kreis Herzogtum Lauenburg. Leiter der Kreisverwaltung mit rund 800 Mitarbeitenden ist der Landrat, Dr. Christoph Mager. Vorsitzende des ehrenamtlichen Kreistages mit 63 ehrenamtlichen Kommunalvertretern von CDU, SPD, B\u00fcndnis 90\/ Die Gr\u00fcnen, AfD, FDP und sechs fraktionslosen Vertretern ist Kreispr\u00e4sidentin Anja Harloff (CDU).<\/p>\n\n\n\n<p>Die Gemeinde Dassendorf wird ehrenamtlich durch B\u00fcrgermeisterin Martina Falkenberg geleitet. Hauptamtlich verwaltet wird die Gemeinde Dassendorf sowie die weiteren neun amtsangeh\u00f6rigen Gemeinden vom Amt Hohe Elbgeest unter der hauptamtlichen Leitung des Amtsdirektors Torge Sommerkorn mit rund 90 Verwaltungs-Mitarbeiterinnen und -Mitarbeitern. Der ehrenamtlich zusammengesetzte Amtsausschuss mit 27 Mitgliedern aus zehn Amtsgemeinden wird von Amtsvorsteherin Martina Falkenberg geleitet.<\/p>\n\n\n\n<p>Kreise, \u00c4mter und Gemeinden haben unterschiedliche Aufgaben, die zum Teil miteinander zusammenh\u00e4ngen. Es gibt hier jeweils freiwillige Aufgaben, Pflichtaufgaben und Aufgaben nach Weisung (von Land und Bund). Insbesondere auf Sachbearbeitungsebene arbeiten Kreis und Amt eng zusammen. Dies betrifft Themen wie Baugenehmigungen, Planungsrecht, Umwelt- und Naturschutz, Schule, Kita, Verkehrsaufsicht, Personenbef\u00f6rderung, Asyl-Unterbringung, Abfallwirtschaft u.v.m..<\/p>\n","protected":false},"excerpt":{"rendered":"<p>Dassendorf (pm). Gut ein Jahr nach der Kommunalwahl im Mai 2023 nutzte Landrat Dr. Christoph Mager einen Besuch im Amt Hohe Elbgeest, um den neu zusammengesetzten Amtsausschuss kennenzulernen und den Gemeinden die Gelegenheit zu geben, \u00f6rtliche Anliegen im direkten pers\u00f6nlichen Austausch vorzubringen. Nach einer kurzen Begr\u00fc\u00dfung durch Amtsvorsteherin Martina Falkenberg und Amtsdirektor Torge Sommerkorn nahm [&hellip;]<\/p>\n","protected":false},"author":2,"featured_media":50919,"comment_status":"closed","ping_status":"closed","sticky":false,"template":"","format":"standard","meta":{"jnews-multi-image_gallery":[],"jnews_single_post":{"subtitle":"","format":"standard","video":"","gallery":"","source_name":"","source_url":"","via_name":"","via_url":"","jpwt_enable_post_donation":"0","override_template":"0","override":[{"template":"1","single_blog_custom":"","parallax":"1","fullscreen":"1","layout":"right-sidebar","sidebar":"default-sidebar","second_sidebar":"default-sidebar","sticky_sidebar":"1","share_position":"top","share_float_style":"share-monocrhome","show_share_counter":"0","show_view_counter":"1","show_featured":"1","show_post_meta":"1","show_post_author":"1","show_post_author_image":"1","show_post_date":"1","post_date_format":"default","post_date_format_custom":"Y\/m\/d","show_post_category":"0","show_post_reading_time":"0","post_reading_time_wpm":"300","show_zoom_button":"0","zoom_button_out_step":"2","zoom_button_in_step":"3","show_post_tag":"1","show_prev_next_post":"0","show_popup_post":"1","number_popup_post":"1","show_author_box":"1","show_post_related":"1","show_inline_post_related":"0"}],"override_image_size":"0","image_override":[{"single_post_thumbnail_size":"crop-500","single_post_gallery_size":"crop-500"}],"trending_post":"0","trending_post_position":"meta","trending_post_label":"Trending","sponsored_post":"0","sponsored_post_label":"Sponsored by","sponsored_post_name":"","sponsored_post_url":"","sponsored_post_logo_enable":"0","sponsored_post_logo":"","sponsored_post_desc":"","disable_ad":"0"},"jnews_primary_category":{"id":"","hide":""},"jnews_social_meta":{"fb_title":"","fb_description":"","fb_image":"","twitter_title":"","twitter_description":"","twitter_image":""},"jnews_override_counter":{"override_view_counter":"0","view_counter_number":"0","override_share_counter":"0","share_counter_number":"0","override_like_counter":"0","like_counter_number":"0","override_dislike_counter":"0","dislike_counter_number":"0"},"jnews_post_split":{"enable_post_split":"0","post_split":[{"template":"1","tag":"h2","numbering":"asc","mode":"normal","first":"0","enable_toc":"0","toc_type":"normal"}]},"footnotes":""},"categories":[2652],"tags":[513,3425],"class_list":["post-62228","post","type-post","status-publish","format-standard","has-post-thumbnail","hentry","category-amt-hohe-elbgeest","tag-dassendorf","tag-landrat"],"_links":{"self":[{"href":"https:\/\/herzogtum-direkt.de\/index.php\/wp-json\/wp\/v2\/posts\/62228","targetHints":{"allow":["GET"]}}],"collection":[{"href":"https:\/\/herzogtum-direkt.de\/index.php\/wp-json\/wp\/v2\/posts"}],"about":[{"href":"https:\/\/herzogtum-direkt.de\/index.php\/wp-json\/wp\/v2\/types\/post"}],"author":[{"embeddable":true,"href":"https:\/\/herzogtum-direkt.de\/index.php\/wp-json\/wp\/v2\/users\/2"}],"replies":[{"embeddable":true,"href":"https:\/\/herzogtum-direkt.de\/index.php\/wp-json\/wp\/v2\/comments?post=62228"}],"version-history":[{"count":1,"href":"https:\/\/herzogtum-direkt.de\/index.php\/wp-json\/wp\/v2\/posts\/62228\/revisions"}],"predecessor-version":[{"id":62230,"href":"https:\/\/herzogtum-direkt.de\/index.php\/wp-json\/wp\/v2\/posts\/62228\/revisions\/62230"}],"wp:featuredmedia":[{"embeddable":true,"href":"https:\/\/herzogtum-direkt.de\/index.php\/wp-json\/wp\/v2\/media\/50919"}],"wp:attachment":[{"href":"https:\/\/herzogtum-direkt.de\/index.php\/wp-json\/wp\/v2\/media?parent=62228"}],"wp:term":[{"taxonomy":"category","embeddable":true,"href":"https:\/\/herzogtum-direkt.de\/index.php\/wp-json\/wp\/v2\/categories?post=62228"},{"taxonomy":"post_tag","embeddable":true,"href":"https:\/\/herzogtum-direkt.de\/index.php\/wp-json\/wp\/v2\/tags?post=62228"}],"curies":[{"name":"wp","href":"https:\/\/api.w.org\/{rel}","templated":true}]}}