{"id":62055,"date":"2024-06-20T11:02:08","date_gmt":"2024-06-20T09:02:08","guid":{"rendered":"https:\/\/herzogtum-direkt.de\/?p=62055"},"modified":"2024-06-21T10:44:09","modified_gmt":"2024-06-21T08:44:09","slug":"demokratie-laeuft-buntes-familienfest-im-ratzeburger-zieleinlauf","status":"publish","type":"post","link":"https:\/\/herzogtum-direkt.de\/index.php\/2024\/06\/20\/demokratie-laeuft-buntes-familienfest-im-ratzeburger-zieleinlauf\/","title":{"rendered":"&#8222;Demokratie l\u00e4uft!&#8220; &#8211; Buntes Familienfest im Ratzeburger Zieleinlauf"},"content":{"rendered":"\n<p><strong>Ratzeburg (pm).<\/strong> Der &#8222;Staffellauf der Vielfalt&#8220; unter dem Motto &#8222;Demokratie l\u00e4uft!&#8220; wird auch in diesem Jahr mit einem gro\u00dfen Familienfest im Zieleinlauf auf dem &#8218;Platz der Kinderrechte&#8216; gegen\u00fcber dem Rathaus in Ratzeburg gefeiert. Am Sonntag, 30. Juni 2024 wird sich in der Zeit von 15 Uhr bis 19 Uhr mit vielen Attraktionen f\u00fcr Gro\u00df und Klein auf die Ankunft der Staffell\u00e4ufer vorbereitet.<\/p>\n\n\n\n<figure class=\"wp-block-gallery has-nested-images columns-default is-cropped wp-block-gallery-1 is-layout-flex wp-block-gallery-is-layout-flex\">\n<figure class=\"wp-block-image size-large\"><img fetchpriority=\"high\" decoding=\"async\" width=\"1000\" height=\"654\" data-id=\"62069\" src=\"https:\/\/herzogtum-direkt.de\/wp-content\/uploads\/2024\/06\/2023-Demokratiefest-Lauf-der-Vielfalt-Beginn-Th.-Biller.jpg\" alt=\"\" class=\"wp-image-62069\" srcset=\"https:\/\/herzogtum-direkt.de\/wp-content\/uploads\/2024\/06\/2023-Demokratiefest-Lauf-der-Vielfalt-Beginn-Th.-Biller.jpg 1000w, https:\/\/herzogtum-direkt.de\/wp-content\/uploads\/2024\/06\/2023-Demokratiefest-Lauf-der-Vielfalt-Beginn-Th.-Biller-300x196.jpg 300w, https:\/\/herzogtum-direkt.de\/wp-content\/uploads\/2024\/06\/2023-Demokratiefest-Lauf-der-Vielfalt-Beginn-Th.-Biller-768x502.jpg 768w, https:\/\/herzogtum-direkt.de\/wp-content\/uploads\/2024\/06\/2023-Demokratiefest-Lauf-der-Vielfalt-Beginn-Th.-Biller-750x491.jpg 750w\" sizes=\"(max-width: 1000px) 100vw, 1000px\" \/><figcaption class=\"wp-element-caption\">Noch ist die Stimmung auf dem Platz der Kinderrecht ruhig, mehr und mehr G\u00e4ste finden den Weg zum Event f\u00fcr die ganze Familie. Foto: Thomas Biller<\/figcaption><\/figure>\n\n\n\n<figure class=\"wp-block-image size-large\"><img decoding=\"async\" width=\"1000\" height=\"750\" data-id=\"53538\" src=\"https:\/\/herzogtum-direkt.de\/wp-content\/uploads\/2023\/08\/Huepfburgen-in-Ratzeburg.-Foto-Kartin-Jester-hfr.jpg\" alt=\"\" class=\"wp-image-53538\" srcset=\"https:\/\/herzogtum-direkt.de\/wp-content\/uploads\/2023\/08\/Huepfburgen-in-Ratzeburg.-Foto-Kartin-Jester-hfr.jpg 1000w, https:\/\/herzogtum-direkt.de\/wp-content\/uploads\/2023\/08\/Huepfburgen-in-Ratzeburg.-Foto-Kartin-Jester-hfr-300x225.jpg 300w, https:\/\/herzogtum-direkt.de\/wp-content\/uploads\/2023\/08\/Huepfburgen-in-Ratzeburg.-Foto-Kartin-Jester-hfr-768x576.jpg 768w, https:\/\/herzogtum-direkt.de\/wp-content\/uploads\/2023\/08\/Huepfburgen-in-Ratzeburg.-Foto-Kartin-Jester-hfr-750x563.jpg 750w\" sizes=\"(max-width: 1000px) 100vw, 1000px\" \/><figcaption class=\"wp-element-caption\">H\u00fcpfburgen werden beim Demokratiefest in Ratzeburg neben vielen anderen Attraktionen f\u00fcr die Unterhaltung von allen G\u00e4sten sorgen. Foto: Kartin Jester, hfr<\/figcaption><\/figure>\n<\/figure>\n\n\n\n<p>H\u00fcpfburgen, Kinderschminken, ein buntes B\u00fchnenprogramm mit K\u00fcnstlerinnen und K\u00fcnstler aus Ratzeburg und Umgebung verk\u00fcrzen die gemeinsame Wartezeit. Auch eine Video\u00fcbertragung von der Strecke ist geplant, damit alle Besucher die tollen Momente des Laufes um den Ratzeburger See verfolgen k\u00f6nnen. Die DLRG Ortsgruppe Ratzeburg verk\u00f6stigt mit Bratwurst, Pommes und vielen leckeren Sachen. Zudem gibt es Slush-Eis und ein Kuchenbuffet. Der Eintritt ist frei und barrierefrei m\u00f6glich.<\/p>\n\n\n<div class=\"wp-block-image\">\n<figure class=\"aligncenter size-full is-resized\"><img decoding=\"async\" width=\"500\" height=\"705\" src=\"https:\/\/herzogtum-direkt.de\/wp-content\/uploads\/2024\/06\/Festplakat-Demokratiefest-2024-.jpg\" alt=\"\" class=\"wp-image-62056\" style=\"width:364px;height:auto\" srcset=\"https:\/\/herzogtum-direkt.de\/wp-content\/uploads\/2024\/06\/Festplakat-Demokratiefest-2024-.jpg 500w, https:\/\/herzogtum-direkt.de\/wp-content\/uploads\/2024\/06\/Festplakat-Demokratiefest-2024--213x300.jpg 213w\" sizes=\"(max-width: 500px) 100vw, 500px\" \/><\/figure>\n<\/div>\n\n\n<p>Das Team vom &#8218;GLEIS 21&#8216; und &#8218;STELLWERK&#8216; des Diakonischen Werkes Herzogtum Lauenburg freut sich schon sehr auf den bunten und vielf\u00e4ltigen Nachmittag und einen weiteren grandiosen Zieleinlauf. Der Staffellauf der Vielfalt und das Demokratiefest wird begleitet von den Partnerschaften f\u00fcr Demokratie der Stadt Ratzeburg und des Amtes Lauenburgische, des Kreises Nordwestmecklenburg und der Hansestadt L\u00fcbeck und gef\u00f6rdert vom Bundesprogramm &#8222;Demokratie leben!&#8220;.<\/p>\n\n\n<div class=\"wp-block-image\">\n<figure class=\"aligncenter size-full is-resized\"><img loading=\"lazy\" decoding=\"async\" width=\"1000\" height=\"339\" src=\"https:\/\/herzogtum-direkt.de\/wp-content\/uploads\/2022\/07\/Demokratie-leben-BMFSFJ_DL_mitFoerderzusatz-1-1.png\" alt=\"\" class=\"wp-image-42387\" style=\"width:524px;height:auto\" srcset=\"https:\/\/herzogtum-direkt.de\/wp-content\/uploads\/2022\/07\/Demokratie-leben-BMFSFJ_DL_mitFoerderzusatz-1-1.png 1000w, https:\/\/herzogtum-direkt.de\/wp-content\/uploads\/2022\/07\/Demokratie-leben-BMFSFJ_DL_mitFoerderzusatz-1-1-300x102.png 300w, https:\/\/herzogtum-direkt.de\/wp-content\/uploads\/2022\/07\/Demokratie-leben-BMFSFJ_DL_mitFoerderzusatz-1-1-768x260.png 768w, https:\/\/herzogtum-direkt.de\/wp-content\/uploads\/2022\/07\/Demokratie-leben-BMFSFJ_DL_mitFoerderzusatz-1-1-750x254.png 750w\" sizes=\"(max-width: 1000px) 100vw, 1000px\" \/><\/figure>\n<\/div>\n\n\n<p>Wer selbst noch beim Staffellauf mitmachen m\u00f6chte, kann sich f\u00fcr eine der 11 Etappen unter <a href=\"https:\/\/eveeno.com\/290604175\" target=\"_blank\" rel=\"noreferrer noopener\">https:\/\/eveeno.com\/290604175<\/a> &nbsp;oder telefonisch oder per WhatsApp bei Christian Klingbeil unter der Rufnummer 0157 \/ 777 61 727 anmelden. Es werden immer noch Staffell\u00e4uferinnen und Staffell\u00e4ufer gesucht.<\/p>\n","protected":false},"excerpt":{"rendered":"<p>Ratzeburg (pm). Der &#8222;Staffellauf der Vielfalt&#8220; unter dem Motto &#8222;Demokratie l\u00e4uft!&#8220; wird auch in diesem Jahr mit einem gro\u00dfen Familienfest im Zieleinlauf auf dem &#8218;Platz der Kinderrechte&#8216; gegen\u00fcber dem Rathaus in Ratzeburg gefeiert. Am Sonntag, 30. Juni 2024 wird sich in der Zeit von 15 Uhr bis 19 Uhr mit vielen Attraktionen f\u00fcr Gro\u00df und [&hellip;]<\/p>\n","protected":false},"author":2,"featured_media":62068,"comment_status":"closed","ping_status":"closed","sticky":false,"template":"","format":"standard","meta":{"jnews-multi-image_gallery":[],"jnews_single_post":{"subtitle":"","format":"standard","video":"","gallery":"","source_name":"","source_url":"","via_name":"","via_url":"","jpwt_enable_post_donation":"0","override_template":"0","override":[{"template":"1","single_blog_custom":"","parallax":"1","fullscreen":"1","layout":"right-sidebar","sidebar":"default-sidebar","second_sidebar":"default-sidebar","sticky_sidebar":"1","share_position":"top","share_float_style":"share-monocrhome","show_share_counter":"0","show_view_counter":"1","show_featured":"1","show_post_meta":"1","show_post_author":"1","show_post_author_image":"1","show_post_date":"1","post_date_format":"default","post_date_format_custom":"Y\/m\/d","show_post_category":"0","show_post_reading_time":"0","post_reading_time_wpm":"300","show_zoom_button":"0","zoom_button_out_step":"2","zoom_button_in_step":"3","show_post_tag":"1","show_prev_next_post":"0","show_popup_post":"1","number_popup_post":"1","show_author_box":"1","show_post_related":"1","show_inline_post_related":"0"}],"override_image_size":"0","image_override":[{"single_post_thumbnail_size":"crop-500","single_post_gallery_size":"crop-500"}],"trending_post":"0","trending_post_position":"meta","trending_post_label":"Trending","sponsored_post":"0","sponsored_post_label":"Sponsored by","sponsored_post_name":"","sponsored_post_url":"","sponsored_post_logo_enable":"0","sponsored_post_logo":"","sponsored_post_desc":"","disable_ad":"0"},"jnews_primary_category":{"id":"","hide":""},"jnews_social_meta":{"fb_title":"","fb_description":"","fb_image":"","twitter_title":"","twitter_description":"","twitter_image":""},"jnews_override_counter":{"override_view_counter":"0","view_counter_number":"0","override_share_counter":"0","share_counter_number":"0","override_like_counter":"0","like_counter_number":"0","override_dislike_counter":"0","dislike_counter_number":"0"},"jnews_post_split":{"enable_post_split":"0","post_split":[{"template":"1","tag":"h2","numbering":"asc","mode":"normal","first":"0","enable_toc":"0","toc_type":"normal"}]},"footnotes":""},"categories":[3757,63,64,2],"tags":[3015,175,3734,3392,114],"class_list":["post-62055","post","type-post","status-publish","format-standard","has-post-thumbnail","hentry","category-ausflugstipp","category-herzogtum-lauenburg","category-ratzeburg","category-startseite","tag-ausflug","tag-demokratie-leben","tag-demokratiefest","tag-platz-der-kinderrechte","tag-ratzeburg"],"_links":{"self":[{"href":"https:\/\/herzogtum-direkt.de\/index.php\/wp-json\/wp\/v2\/posts\/62055","targetHints":{"allow":["GET"]}}],"collection":[{"href":"https:\/\/herzogtum-direkt.de\/index.php\/wp-json\/wp\/v2\/posts"}],"about":[{"href":"https:\/\/herzogtum-direkt.de\/index.php\/wp-json\/wp\/v2\/types\/post"}],"author":[{"embeddable":true,"href":"https:\/\/herzogtum-direkt.de\/index.php\/wp-json\/wp\/v2\/users\/2"}],"replies":[{"embeddable":true,"href":"https:\/\/herzogtum-direkt.de\/index.php\/wp-json\/wp\/v2\/comments?post=62055"}],"version-history":[{"count":2,"href":"https:\/\/herzogtum-direkt.de\/index.php\/wp-json\/wp\/v2\/posts\/62055\/revisions"}],"predecessor-version":[{"id":62071,"href":"https:\/\/herzogtum-direkt.de\/index.php\/wp-json\/wp\/v2\/posts\/62055\/revisions\/62071"}],"wp:featuredmedia":[{"embeddable":true,"href":"https:\/\/herzogtum-direkt.de\/index.php\/wp-json\/wp\/v2\/media\/62068"}],"wp:attachment":[{"href":"https:\/\/herzogtum-direkt.de\/index.php\/wp-json\/wp\/v2\/media?parent=62055"}],"wp:term":[{"taxonomy":"category","embeddable":true,"href":"https:\/\/herzogtum-direkt.de\/index.php\/wp-json\/wp\/v2\/categories?post=62055"},{"taxonomy":"post_tag","embeddable":true,"href":"https:\/\/herzogtum-direkt.de\/index.php\/wp-json\/wp\/v2\/tags?post=62055"}],"curies":[{"name":"wp","href":"https:\/\/api.w.org\/{rel}","templated":true}]}}