{"id":61754,"date":"2016-02-15T07:34:00","date_gmt":"2016-02-15T05:34:00","guid":{"rendered":"https:\/\/herzogtum-direkt.de\/?p=61754"},"modified":"2024-06-11T19:45:39","modified_gmt":"2024-06-11T17:45:39","slug":"informationsluecken-schliessen-moelln-stellte-seine-neue-klimaschutzmanagerin-vor","status":"publish","type":"post","link":"https:\/\/herzogtum-direkt.de\/index.php\/2016\/02\/15\/informationsluecken-schliessen-moelln-stellte-seine-neue-klimaschutzmanagerin-vor\/","title":{"rendered":"Informationsl\u00fccken schlie\u00dfen: M\u00f6lln stellte seine neue Klimaschutzmanagerin vor"},"content":{"rendered":"\n<p><strong>M\u00f6lln (pm\/aa).<\/strong> M\u00f6lln hat eine Klimaschutzmanagerin: Estrella Piechulek ist seit dem 1. Januar 2016 f\u00fcr die Stadt M\u00f6lln mit dieser Augabe betraut.<\/p>\n\n\n\n<p>\u201eSeit dem 1.1.2016 sind wir in der gl\u00fccklichen Lage, eine Klimaschutzmanagerin zu besch\u00e4ftigen\u201c, erkl\u00e4rte M\u00f6llns B\u00fcrgermeister Jan Wiegels, der letzte Woche zusammen mit Bauamtsleiter Manfred Kuhmann die neue Mitarbeiterin der Presse vorstellte. Estrella Piechuleks Anstellung erfolgte auf der Grundlage des &#8218;Klimafreundlichen Verkehrskonzeptes&#8216; f\u00fcr M\u00f6lln und ist vorerst auf zwei Jahre befristet. Sie wird bei der Umsetzung der Ma\u00dfnahmen des Verkehrskonzeptes, insbesondere bei den Themen &#8218;Mobilit\u00e4tsdrehscheibe&#8216;, &#8218;Veloroute&#8216; und &#8218;\u00d6ffentlicher Personen Nahverkehr&#8216; mitwirken und diese gegebenenfalls auch bearbeiten. \u201eDas &#8218;Klimafreundliche Verkehrskonzept&#8216; wird der Hauptarbeitsbereich sein\u201c, skizzierte Manfred Kuhmann.<\/p>\n\n\n\n<p>Ziel ihrer Arbeit wird sein, verschiedene Akteure wie betroffene Institutionen, B\u00fcrger, projektbezogene Vereine und Verkehrsbetriebe an der Umsetzung des Verkehrskonzeptes zu beteiligen und die Kommunikation zwischen den Beteiligten und der Stadtverwaltung zu f\u00f6rdern. Konkret wird Estrella Piechulek Projektgruppen aus dem &#8218;Klimafreundlichen Verkehrskonzept&#8216; fortf\u00fchren, \u00d6ffentlichkeitsarbeit f\u00fcr den Umweltverbund betreiben und interessierte B\u00fcrger und Verb\u00e4nde bei der Umsetzung der Ma\u00dfnahmen zielgerichtet mit einbinden. \u201eEs gibt derzeit eine Informationsl\u00fccke, was die B\u00fcrger betrifft\u201c, lautete die Analyse der neuen Klimaschutzmanagerin. So gehe es unter anderem darum, die geplanten Projekte f\u00fcr die B\u00fcrger aber auch die Politik transparenter zu machen und damit eine gr\u00f6\u00dftm\u00f6gliche Akzeptanz zu erhalten.<\/p>\n\n\n\n<p>Informationen zum Thema Klimaschutz in M\u00f6lln werden bei Aktualit\u00e4t auf der Internetseite der Stadt M\u00f6lln im Bereich: Stadt und Politik\/ Stadtentwicklung \/ klimafreundliches Verkehrskonzept zu finden sein. Estrella Piechulek wird sich auf der f\u00fcr den Mai geplanten Einwohnerversammlung vorstellen. Bei Anliegen rund um den Klimaschutz in der Stadt M\u00f6lln ist sie unter der Telefonnummer 04542-803206 und per Email an estrella.piechulek@stadt-moelln.de erreichbar.<\/p>\n\n\n\n<p>Pers\u00f6nliches<\/p>\n\n\n\n<p>Berufliche Erfahrungen hat Estrella Piechulek am Forschungsinstitut Fraunhofer (Thema: innovative Mobilit\u00e4t), bei einem Photovoltaikunternehmen als Business Developer und im Entwicklungsprogramm der Vereinten Nationen (Thema: Erneuerbare Energien zur Armutsminderung in l\u00e4ndlichen Gebieten) gesammelt. Ihre Leidenschaft gilt den Naturwissenschaften sowie Natur und Umwelt in Kombination mit einem ausgepr\u00e4gten Interesse an einer intelligenten und nachhaltigen Entwicklung von Stadt und Land. Geboren wurde Frau Piechulek in Ulm, ihre Mutter ist Deutsche und ihr Vater Peruaner. Als Kind ist sie sehr viel herumgereist, da ihre Eltern in der Entwicklungshilfe t\u00e4tig sind. Zu ihrem neuen Arbeitsplatz sagt Frau Piechulek begeistert: \u201eIch bin schon einen Monat dabei, bin voll motiviert und freue mich sehr, ein Teil von M\u00f6lln zu sein!\u201c<\/p>\n","protected":false},"excerpt":{"rendered":"<p>M\u00f6lln (pm\/aa). M\u00f6lln hat eine Klimaschutzmanagerin: Estrella Piechulek ist seit dem 1. Januar 2016 f\u00fcr die Stadt M\u00f6lln mit dieser Augabe betraut. \u201eSeit dem 1.1.2016 sind wir in der gl\u00fccklichen Lage, eine Klimaschutzmanagerin zu besch\u00e4ftigen\u201c, erkl\u00e4rte M\u00f6llns B\u00fcrgermeister Jan Wiegels, der letzte Woche zusammen mit Bauamtsleiter Manfred Kuhmann die neue Mitarbeiterin der Presse vorstellte. Estrella [&hellip;]<\/p>\n","protected":false},"author":2,"featured_media":61710,"comment_status":"closed","ping_status":"closed","sticky":false,"template":"","format":"standard","meta":{"jnews-multi-image_gallery":[],"jnews_single_post":{"subtitle":"","format":"standard","video":"","gallery":"","source_name":"","source_url":"","via_name":"","via_url":"","jpwt_enable_post_donation":"0","override_template":"0","override":[{"template":"1","single_blog_custom":"","parallax":"1","fullscreen":"1","layout":"right-sidebar","sidebar":"default-sidebar","second_sidebar":"default-sidebar","sticky_sidebar":"1","share_position":"top","share_float_style":"share-monocrhome","show_share_counter":"0","show_view_counter":"1","show_featured":"1","show_post_meta":"1","show_post_author":"1","show_post_author_image":"1","show_post_date":"1","post_date_format":"default","post_date_format_custom":"Y\/m\/d","show_post_category":"0","show_post_reading_time":"0","post_reading_time_wpm":"300","show_zoom_button":"0","zoom_button_out_step":"2","zoom_button_in_step":"3","show_post_tag":"1","show_prev_next_post":"0","show_popup_post":"1","number_popup_post":"1","show_author_box":"1","show_post_related":"1","show_inline_post_related":"0"}],"override_image_size":"0","image_override":[{"single_post_thumbnail_size":"crop-500","single_post_gallery_size":"crop-500"}],"trending_post":"0","trending_post_position":"meta","trending_post_label":"Trending","sponsored_post":"0","sponsored_post_label":"Sponsored by","sponsored_post_name":"","sponsored_post_url":"","sponsored_post_logo_enable":"0","sponsored_post_logo":"","sponsored_post_desc":"","disable_ad":"0"},"jnews_primary_category":{"id":"","hide":""},"jnews_social_meta":{"fb_title":"","fb_description":"","fb_image":"","twitter_title":"","twitter_description":"","twitter_image":""},"jnews_override_counter":{"override_view_counter":"0","view_counter_number":"0","override_share_counter":"0","share_counter_number":"0","override_like_counter":"0","like_counter_number":"0","override_dislike_counter":"0","dislike_counter_number":"0"},"jnews_post_split":{"enable_post_split":"0","post_split":[{"template":"1","tag":"h2","numbering":"asc","mode":"normal","first":"0","enable_toc":"0","toc_type":"normal"}]},"footnotes":""},"categories":[63,66],"tags":[2649,133],"class_list":["post-61754","post","type-post","status-publish","format-standard","has-post-thumbnail","hentry","category-herzogtum-lauenburg","category-moelln","tag-klimaschutzmanager","tag-moelln"],"_links":{"self":[{"href":"https:\/\/herzogtum-direkt.de\/index.php\/wp-json\/wp\/v2\/posts\/61754","targetHints":{"allow":["GET"]}}],"collection":[{"href":"https:\/\/herzogtum-direkt.de\/index.php\/wp-json\/wp\/v2\/posts"}],"about":[{"href":"https:\/\/herzogtum-direkt.de\/index.php\/wp-json\/wp\/v2\/types\/post"}],"author":[{"embeddable":true,"href":"https:\/\/herzogtum-direkt.de\/index.php\/wp-json\/wp\/v2\/users\/2"}],"replies":[{"embeddable":true,"href":"https:\/\/herzogtum-direkt.de\/index.php\/wp-json\/wp\/v2\/comments?post=61754"}],"version-history":[{"count":1,"href":"https:\/\/herzogtum-direkt.de\/index.php\/wp-json\/wp\/v2\/posts\/61754\/revisions"}],"predecessor-version":[{"id":61755,"href":"https:\/\/herzogtum-direkt.de\/index.php\/wp-json\/wp\/v2\/posts\/61754\/revisions\/61755"}],"wp:featuredmedia":[{"embeddable":true,"href":"https:\/\/herzogtum-direkt.de\/index.php\/wp-json\/wp\/v2\/media\/61710"}],"wp:attachment":[{"href":"https:\/\/herzogtum-direkt.de\/index.php\/wp-json\/wp\/v2\/media?parent=61754"}],"wp:term":[{"taxonomy":"category","embeddable":true,"href":"https:\/\/herzogtum-direkt.de\/index.php\/wp-json\/wp\/v2\/categories?post=61754"},{"taxonomy":"post_tag","embeddable":true,"href":"https:\/\/herzogtum-direkt.de\/index.php\/wp-json\/wp\/v2\/tags?post=61754"}],"curies":[{"name":"wp","href":"https:\/\/api.w.org\/{rel}","templated":true}]}}