{"id":60989,"date":"2024-05-22T06:26:00","date_gmt":"2024-05-22T04:26:00","guid":{"rendered":"https:\/\/herzogtum-direkt.de\/?p=60989"},"modified":"2024-05-21T11:34:22","modified_gmt":"2024-05-21T09:34:22","slug":"philosophischer-salon-in-borstorf-auftaktveranstaltung-am-28-mai-2024","status":"publish","type":"post","link":"https:\/\/herzogtum-direkt.de\/index.php\/2024\/05\/22\/philosophischer-salon-in-borstorf-auftaktveranstaltung-am-28-mai-2024\/","title":{"rendered":"Philosophischer Salon in Borstorf: Auftaktveranstaltung am 28. Mai 2024"},"content":{"rendered":"\n<p><strong>Borstorf (pm\/aa).<\/strong> Am 28. Mai 2024 startet der \u201ePhilosophische Salon\u201c in Borstorf mit einem konstituierenden Abend. Die Veranstaltung findet um 19 Uhr in der M\u00f6llner Stra\u00dfe 23 statt.<\/p>\n\n\n\n<p>Matthias Beimel, ein pensionierter Schulleiter und Philosoph aus Hamburg, wird den Abend mit einem einf\u00fchrenden Vortrag er\u00f6ffnen. Beimel, Jahrgang 1955, wird den Auftakt der neuen Reihe gestalten, die sich aus den bisherigen \u201eKunstgespr\u00e4chen\u201c entwickelt hat und nun erweiterte Inhalte bietet.<\/p>\n\n\n\n<p>Das Thema des Abends ist Immanuel Kant, dessen 300. Geburtstag am 22. April 1724 einen besonderen Anlass f\u00fcr diese Veranstaltung darstellt. Kant betonte: \u201eDie F\u00e4higkeit, mit ihrer Vernunft zwischen Recht und Unrecht zu unterscheiden, ist allen Menschen angeboren.\u201c<\/p>\n\n\n\n<p>Die Organisatoren hoffen auf rege Beteiligung und angeregte Gespr\u00e4che. Interessierte werden gebeten, sich vorab anzumelden. Die Veranstaltung wird in Zusammenarbeit mit dem Lauenburgischen Kunstverein organisiert.<\/p>\n","protected":false},"excerpt":{"rendered":"<p>Borstorf (pm\/aa). Am 28. Mai 2024 startet der \u201ePhilosophische Salon\u201c in Borstorf mit einem konstituierenden Abend. Die Veranstaltung findet um 19 Uhr in der M\u00f6llner Stra\u00dfe 23 statt. Matthias Beimel, ein pensionierter Schulleiter und Philosoph aus Hamburg, wird den Abend mit einem einf\u00fchrenden Vortrag er\u00f6ffnen. Beimel, Jahrgang 1955, wird den Auftakt der neuen Reihe gestalten, [&hellip;]<\/p>\n","protected":false},"author":2,"featured_media":34504,"comment_status":"closed","ping_status":"closed","sticky":false,"template":"","format":"standard","meta":{"jnews-multi-image_gallery":[],"jnews_single_post":{"subtitle":"","format":"standard","video":"","gallery":"","source_name":"","source_url":"","via_name":"","via_url":"","jpwt_enable_post_donation":"0","override_template":"0","override":[{"template":"1","single_blog_custom":"","parallax":"1","fullscreen":"1","layout":"right-sidebar","sidebar":"default-sidebar","second_sidebar":"default-sidebar","sticky_sidebar":"1","share_position":"top","share_float_style":"share-monocrhome","show_share_counter":"0","show_view_counter":"1","show_featured":"1","show_post_meta":"1","show_post_author":"1","show_post_author_image":"1","show_post_date":"1","post_date_format":"default","post_date_format_custom":"Y\/m\/d","show_post_category":"0","show_post_reading_time":"0","post_reading_time_wpm":"300","show_zoom_button":"0","zoom_button_out_step":"2","zoom_button_in_step":"3","show_post_tag":"1","show_prev_next_post":"0","show_popup_post":"1","number_popup_post":"1","show_author_box":"1","show_post_related":"1","show_inline_post_related":"0"}],"override_image_size":"0","image_override":[{"single_post_thumbnail_size":"crop-500","single_post_gallery_size":"crop-500"}],"trending_post":"0","trending_post_position":"meta","trending_post_label":"Trending","sponsored_post":"0","sponsored_post_label":"Sponsored by","sponsored_post_name":"","sponsored_post_url":"","sponsored_post_logo_enable":"0","sponsored_post_logo":"","sponsored_post_desc":"","disable_ad":"0"},"jnews_primary_category":{"id":"","hide":""},"jnews_social_meta":{"fb_title":"","fb_description":"","fb_image":"","twitter_title":"","twitter_description":"","twitter_image":""},"jnews_override_counter":{"override_view_counter":"0","view_counter_number":"0","override_share_counter":"0","share_counter_number":"0","override_like_counter":"0","like_counter_number":"0","override_dislike_counter":"0","dislike_counter_number":"0"},"jnews_post_split":{"enable_post_split":"0","post_split":[{"template":"1","tag":"h2","numbering":"asc","mode":"normal","first":"0","enable_toc":"0","toc_type":"normal"}]},"footnotes":""},"categories":[70],"tags":[1768],"class_list":["post-60989","post","type-post","status-publish","format-standard","has-post-thumbnail","hentry","category-kultur","tag-borstorf"],"_links":{"self":[{"href":"https:\/\/herzogtum-direkt.de\/index.php\/wp-json\/wp\/v2\/posts\/60989","targetHints":{"allow":["GET"]}}],"collection":[{"href":"https:\/\/herzogtum-direkt.de\/index.php\/wp-json\/wp\/v2\/posts"}],"about":[{"href":"https:\/\/herzogtum-direkt.de\/index.php\/wp-json\/wp\/v2\/types\/post"}],"author":[{"embeddable":true,"href":"https:\/\/herzogtum-direkt.de\/index.php\/wp-json\/wp\/v2\/users\/2"}],"replies":[{"embeddable":true,"href":"https:\/\/herzogtum-direkt.de\/index.php\/wp-json\/wp\/v2\/comments?post=60989"}],"version-history":[{"count":1,"href":"https:\/\/herzogtum-direkt.de\/index.php\/wp-json\/wp\/v2\/posts\/60989\/revisions"}],"predecessor-version":[{"id":60990,"href":"https:\/\/herzogtum-direkt.de\/index.php\/wp-json\/wp\/v2\/posts\/60989\/revisions\/60990"}],"wp:featuredmedia":[{"embeddable":true,"href":"https:\/\/herzogtum-direkt.de\/index.php\/wp-json\/wp\/v2\/media\/34504"}],"wp:attachment":[{"href":"https:\/\/herzogtum-direkt.de\/index.php\/wp-json\/wp\/v2\/media?parent=60989"}],"wp:term":[{"taxonomy":"category","embeddable":true,"href":"https:\/\/herzogtum-direkt.de\/index.php\/wp-json\/wp\/v2\/categories?post=60989"},{"taxonomy":"post_tag","embeddable":true,"href":"https:\/\/herzogtum-direkt.de\/index.php\/wp-json\/wp\/v2\/tags?post=60989"}],"curies":[{"name":"wp","href":"https:\/\/api.w.org\/{rel}","templated":true}]}}