{"id":60783,"date":"2024-05-14T08:27:38","date_gmt":"2024-05-14T06:27:38","guid":{"rendered":"https:\/\/herzogtum-direkt.de\/?p=60783"},"modified":"2024-05-14T08:27:42","modified_gmt":"2024-05-14T06:27:42","slug":"priesterkate-konzert-mit-blues-legende-abi-wallenstein","status":"publish","type":"post","link":"https:\/\/herzogtum-direkt.de\/index.php\/2024\/05\/14\/priesterkate-konzert-mit-blues-legende-abi-wallenstein\/","title":{"rendered":"Priesterkate: Konzert mit Blues-Legende Abi Wallenstein"},"content":{"rendered":"\n<p><strong>B\u00fcchen (pm).<\/strong> Einen Leckerbissen f\u00fcr alle Fans des Blues gibt es am Donnerstag, 23. Mai im Kulturzentrum Priesterkate: Abi Wallenstein kommt nach B\u00fcchen. Der Beginn der Veranstaltung ist um 19.30 Uhr.<\/p>\n\n\n\n<p>Abi Wallenstein steht als Solist auf der B\u00fchne. Mittlerweile ist er eine Ikone des europ\u00e4ischen Blues. \u201eDie Menschen lieben den hageren Grauhaarigen mit dem jungenhaften Lachen und der warmen Ausstrahlung. Seine scheinbar einfache Spielweise, die von rhythmischen Bassl\u00e4ufen und gleichzeitig gespielten Akkorden und Melodie-Linien gepr\u00e4gt ist, fasziniert Musikliebhaber \u00fcber Genre-Grenzen hinweg. Dazu diese Stimme, authentisch und \u00fcberzeugend wie er selbst\u201c, sagen die Veranstaltenden. \u201eDer &#8222;Vater der Hamburger Bluesszene&#8220;, mit den Jahren zu kulthaft anmutender Ber\u00fchmtheit gelangt, z\u00e4hlt zu den herausragenden Bluesgr\u00f6\u00dfen in Europa.\u201c<\/p>\n\n\n\n<p>Au\u00dfer zahlreichen Auftritten in Funk und Fernsehen und der jahrelangen Kooperation mit Hamburger Blues &amp; Boogiegr\u00f6\u00dfen wie Inga Rumpf, Vince Weber, Axel Zwingenberger, Gottfried B\u00f6ttger und Joja Wendt wirkte Wallenstein im Vorprogramm zahlreicher Stars mit wie Joe Cocker, Daniel Lanois, Robben Ford, Georg Thorogood, Johnny Winter, Fats Domino\u00a0 sowie als Gast vieler Festivals im In- und Ausland.\u00a02022 erhielt sein Album &#8222;Spirit Of The Blues&#8220; den GERMAN BLUES AWARD als bestes Blues Album.<\/p>\n\n\n\n<p>Karten f\u00fcr 17 Euro gibt es bereits im Vorverkauf in der Gemeindeverwaltung (B\u00fcrgerhaus) am Amtsplatz 1 in B\u00fcchen und unter der Telefonnummer 04155 8009-0. Der Einlass zur Veranstaltung ist ab 18.45 Uhr.<\/p>\n","protected":false},"excerpt":{"rendered":"<p>B\u00fcchen (pm). Einen Leckerbissen f\u00fcr alle Fans des Blues gibt es am Donnerstag, 23. Mai im Kulturzentrum Priesterkate: Abi Wallenstein kommt nach B\u00fcchen. Der Beginn der Veranstaltung ist um 19.30 Uhr. Abi Wallenstein steht als Solist auf der B\u00fchne. Mittlerweile ist er eine Ikone des europ\u00e4ischen Blues. \u201eDie Menschen lieben den hageren Grauhaarigen mit dem [&hellip;]<\/p>\n","protected":false},"author":2,"featured_media":60784,"comment_status":"closed","ping_status":"closed","sticky":false,"template":"","format":"standard","meta":{"jnews-multi-image_gallery":[],"jnews_single_post":{"subtitle":"","format":"standard","video":"","gallery":"","source_name":"","source_url":"","via_name":"","via_url":"","jpwt_enable_post_donation":"0","override_template":"0","override":[{"template":"1","single_blog_custom":"","parallax":"1","fullscreen":"1","layout":"right-sidebar","sidebar":"default-sidebar","second_sidebar":"default-sidebar","sticky_sidebar":"1","share_position":"top","share_float_style":"share-monocrhome","show_share_counter":"0","show_view_counter":"1","show_featured":"1","show_post_meta":"1","show_post_author":"1","show_post_author_image":"1","show_post_date":"1","post_date_format":"default","post_date_format_custom":"Y\/m\/d","show_post_category":"0","show_post_reading_time":"0","post_reading_time_wpm":"300","show_zoom_button":"0","zoom_button_out_step":"2","zoom_button_in_step":"3","show_post_tag":"1","show_prev_next_post":"0","show_popup_post":"1","number_popup_post":"1","show_author_box":"1","show_post_related":"1","show_inline_post_related":"0"}],"override_image_size":"0","image_override":[{"single_post_thumbnail_size":"crop-500","single_post_gallery_size":"crop-500"}],"trending_post":"0","trending_post_position":"meta","trending_post_label":"Trending","sponsored_post":"0","sponsored_post_label":"Sponsored by","sponsored_post_name":"","sponsored_post_url":"","sponsored_post_logo_enable":"0","sponsored_post_logo":"","sponsored_post_desc":"","disable_ad":"0"},"jnews_primary_category":{"id":"","hide":""},"jnews_social_meta":{"fb_title":"","fb_description":"","fb_image":"","twitter_title":"","twitter_description":"","twitter_image":""},"jnews_override_counter":{"override_view_counter":"0","view_counter_number":"0","override_share_counter":"0","share_counter_number":"0","override_like_counter":"0","like_counter_number":"0","override_dislike_counter":"0","dislike_counter_number":"0"},"jnews_post_split":{"enable_post_split":"0","post_split":[{"template":"1","tag":"h2","numbering":"asc","mode":"normal","first":"0","enable_toc":"0","toc_type":"normal"}]},"footnotes":""},"categories":[2650,63,70],"tags":[165,125,139],"class_list":["post-60783","post","type-post","status-publish","format-standard","has-post-thumbnail","hentry","category-buechen","category-herzogtum-lauenburg","category-kultur","tag-blues","tag-konzert","tag-priesterkate-buechen"],"_links":{"self":[{"href":"https:\/\/herzogtum-direkt.de\/index.php\/wp-json\/wp\/v2\/posts\/60783","targetHints":{"allow":["GET"]}}],"collection":[{"href":"https:\/\/herzogtum-direkt.de\/index.php\/wp-json\/wp\/v2\/posts"}],"about":[{"href":"https:\/\/herzogtum-direkt.de\/index.php\/wp-json\/wp\/v2\/types\/post"}],"author":[{"embeddable":true,"href":"https:\/\/herzogtum-direkt.de\/index.php\/wp-json\/wp\/v2\/users\/2"}],"replies":[{"embeddable":true,"href":"https:\/\/herzogtum-direkt.de\/index.php\/wp-json\/wp\/v2\/comments?post=60783"}],"version-history":[{"count":1,"href":"https:\/\/herzogtum-direkt.de\/index.php\/wp-json\/wp\/v2\/posts\/60783\/revisions"}],"predecessor-version":[{"id":60785,"href":"https:\/\/herzogtum-direkt.de\/index.php\/wp-json\/wp\/v2\/posts\/60783\/revisions\/60785"}],"wp:featuredmedia":[{"embeddable":true,"href":"https:\/\/herzogtum-direkt.de\/index.php\/wp-json\/wp\/v2\/media\/60784"}],"wp:attachment":[{"href":"https:\/\/herzogtum-direkt.de\/index.php\/wp-json\/wp\/v2\/media?parent=60783"}],"wp:term":[{"taxonomy":"category","embeddable":true,"href":"https:\/\/herzogtum-direkt.de\/index.php\/wp-json\/wp\/v2\/categories?post=60783"},{"taxonomy":"post_tag","embeddable":true,"href":"https:\/\/herzogtum-direkt.de\/index.php\/wp-json\/wp\/v2\/tags?post=60783"}],"curies":[{"name":"wp","href":"https:\/\/api.w.org\/{rel}","templated":true}]}}