{"id":60402,"date":"2024-04-29T10:44:19","date_gmt":"2024-04-29T08:44:19","guid":{"rendered":"https:\/\/herzogtum-direkt.de\/?p=60402"},"modified":"2024-04-29T10:44:22","modified_gmt":"2024-04-29T08:44:22","slug":"naturkundliche-wanderung-am-behlendorfer-see","status":"publish","type":"post","link":"https:\/\/herzogtum-direkt.de\/index.php\/2024\/04\/29\/naturkundliche-wanderung-am-behlendorfer-see\/","title":{"rendered":"Naturkundliche Wanderung am Behlendorfer See"},"content":{"rendered":"\n<p><strong>Behlendorf\/M\u00f6lln (pm). <\/strong>Auf dieser Wanderung am Sonnabend, 4. Mai 2024, zeigt Anke Putsch, welche Pflanzen am Ufer des Sees und im angrenzenden Wald zu finden sind. Au\u00dferdem werden verschiedene Wasserv\u00f6gel zu beobachten sein.<\/p>\n\n\n\n<p>Der Treffpunkt in M\u00f6lln befindet sich an der Stadtb\u00fccherei um 14 Uhr. Es werden Fahrgemeinschaften gebildet. Ein zweiter Treffpunkt in Behlendorf befindet sich am Brink um 14.30 Uhr. Die Teilnahme ist kostenlos.<\/p>\n\n\n\n<p><\/p>\n <div class=\"brlbs-cmpnt-container brlbs-cmpnt-content-blocker brlbs-cmpnt-with-individual-styles\" data-borlabs-cookie-content-blocker-id=\"default\" data-borlabs-cookie-content=\"PGlmcmFtZSB3aWR0aD0iNDI1IiBoZWlnaHQ9IjM1MCIgc3JjPSJodHRwczovL3d3dy5vcGVuc3RyZWV0bWFwLm9yZy9leHBvcnQvZW1iZWQuaHRtbD9iYm94PTEwLjY2NjYzNTYzMjUxNDk1NSUyQzUzLjY5ODIzMDk1Mzk0NDExJTJDMTAuNjcwNzQ0Nzc2NzI1NzY5JTJDNTMuNjk5OTMwMDQ3MzY0MTMmYW1wO2xheWVyPW1hcG5payIgc3R5bGU9ImJvcmRlcjogMXB4IHNvbGlkIGJsYWNrIj48L2lmcmFtZT4=\"><div class=\"brlbs-cmpnt-cb-preset-a\"> <p class=\"brlbs-cmpnt-cb-description\">Sie sehen gerade einen Platzhalterinhalt von <strong>Standard<\/strong>. Um auf den eigentlichen Inhalt zuzugreifen, klicken Sie auf den Button unten. Bitte beachten Sie, dass dabei Daten an Drittanbieter weitergegeben werden.<\/p> <div class=\"brlbs-cmpnt-cb-buttons\"> <a class=\"brlbs-cmpnt-cb-btn\" href=\"#\" data-borlabs-cookie-unblock role=\"button\">Inhalt entsperren<\/a> <a class=\"brlbs-cmpnt-cb-btn\" href=\"#\" data-borlabs-cookie-accept-service role=\"button\" style=\"display: none\">Erforderlichen Service akzeptieren und Inhalte entsperren<\/a> <\/div> <a class=\"brlbs-cmpnt-cb-provider-toggle\" href=\"#\" data-borlabs-cookie-show-provider-information role=\"button\">Weitere Informationen<\/a> <\/div><\/div><br\/><small><a href=\"https:\/\/www.openstreetmap.org\/#map=18\/53.69908\/10.66869\">Gr\u00f6\u00dfere Karte anzeigen<\/a><\/small>","protected":false},"excerpt":{"rendered":"<p>Behlendorf\/M\u00f6lln (pm). Auf dieser Wanderung am Sonnabend, 4. Mai 2024, zeigt Anke Putsch, welche Pflanzen am Ufer des Sees und im angrenzenden Wald zu finden sind. Au\u00dferdem werden verschiedene Wasserv\u00f6gel zu beobachten sein. Der Treffpunkt in M\u00f6lln befindet sich an der Stadtb\u00fccherei um 14 Uhr. Es werden Fahrgemeinschaften gebildet. Ein zweiter Treffpunkt in Behlendorf befindet [&hellip;]<\/p>\n","protected":false},"author":2,"featured_media":60403,"comment_status":"closed","ping_status":"closed","sticky":false,"template":"","format":"standard","meta":{"jnews-multi-image_gallery":[],"jnews_single_post":{"subtitle":"","format":"standard","video":"","gallery":"","source_name":"","source_url":"","via_name":"","via_url":"","jpwt_enable_post_donation":"0","override_template":"0","override":[{"template":"1","single_blog_custom":"","parallax":"1","fullscreen":"1","layout":"right-sidebar","sidebar":"default-sidebar","second_sidebar":"default-sidebar","sticky_sidebar":"1","share_position":"top","share_float_style":"share-monocrhome","show_share_counter":"0","show_view_counter":"1","show_featured":"1","show_post_meta":"1","show_post_author":"1","show_post_author_image":"1","show_post_date":"1","post_date_format":"default","post_date_format_custom":"Y\/m\/d","show_post_category":"0","show_post_reading_time":"0","post_reading_time_wpm":"300","show_zoom_button":"0","zoom_button_out_step":"2","zoom_button_in_step":"3","show_post_tag":"1","show_prev_next_post":"0","show_popup_post":"1","number_popup_post":"1","show_author_box":"1","show_post_related":"1","show_inline_post_related":"0"}],"override_image_size":"0","image_override":[{"single_post_thumbnail_size":"crop-500","single_post_gallery_size":"crop-500"}],"trending_post":"0","trending_post_position":"meta","trending_post_label":"Trending","sponsored_post":"0","sponsored_post_label":"Sponsored by","sponsored_post_name":"","sponsored_post_url":"","sponsored_post_logo_enable":"0","sponsored_post_logo":"","sponsored_post_desc":"","disable_ad":"0"},"jnews_primary_category":{"id":"","hide":""},"jnews_social_meta":{"fb_title":"","fb_description":"","fb_image":"","twitter_title":"","twitter_description":"","twitter_image":""},"jnews_override_counter":{"override_view_counter":"0","view_counter_number":"0","override_share_counter":"0","share_counter_number":"0","override_like_counter":"0","like_counter_number":"0","override_dislike_counter":"0","dislike_counter_number":"0"},"jnews_post_split":{"enable_post_split":"0","post_split":[{"template":"1","tag":"h2","numbering":"asc","mode":"normal","first":"0","enable_toc":"0","toc_type":"normal"}]},"footnotes":""},"categories":[65,73,1237],"tags":[224],"class_list":["post-60402","post","type-post","status-publish","format-standard","has-post-thumbnail","hentry","category-amt-berkenthin","category-landleute","category-umweltnatur","tag-behlendorf"],"_links":{"self":[{"href":"https:\/\/herzogtum-direkt.de\/index.php\/wp-json\/wp\/v2\/posts\/60402","targetHints":{"allow":["GET"]}}],"collection":[{"href":"https:\/\/herzogtum-direkt.de\/index.php\/wp-json\/wp\/v2\/posts"}],"about":[{"href":"https:\/\/herzogtum-direkt.de\/index.php\/wp-json\/wp\/v2\/types\/post"}],"author":[{"embeddable":true,"href":"https:\/\/herzogtum-direkt.de\/index.php\/wp-json\/wp\/v2\/users\/2"}],"replies":[{"embeddable":true,"href":"https:\/\/herzogtum-direkt.de\/index.php\/wp-json\/wp\/v2\/comments?post=60402"}],"version-history":[{"count":1,"href":"https:\/\/herzogtum-direkt.de\/index.php\/wp-json\/wp\/v2\/posts\/60402\/revisions"}],"predecessor-version":[{"id":60404,"href":"https:\/\/herzogtum-direkt.de\/index.php\/wp-json\/wp\/v2\/posts\/60402\/revisions\/60404"}],"wp:featuredmedia":[{"embeddable":true,"href":"https:\/\/herzogtum-direkt.de\/index.php\/wp-json\/wp\/v2\/media\/60403"}],"wp:attachment":[{"href":"https:\/\/herzogtum-direkt.de\/index.php\/wp-json\/wp\/v2\/media?parent=60402"}],"wp:term":[{"taxonomy":"category","embeddable":true,"href":"https:\/\/herzogtum-direkt.de\/index.php\/wp-json\/wp\/v2\/categories?post=60402"},{"taxonomy":"post_tag","embeddable":true,"href":"https:\/\/herzogtum-direkt.de\/index.php\/wp-json\/wp\/v2\/tags?post=60402"}],"curies":[{"name":"wp","href":"https:\/\/api.w.org\/{rel}","templated":true}]}}