{"id":60009,"date":"2024-04-19T06:02:00","date_gmt":"2024-04-19T04:02:00","guid":{"rendered":"https:\/\/herzogtum-direkt.de\/?p=60009"},"modified":"2024-04-15T10:05:37","modified_gmt":"2024-04-15T08:05:37","slug":"mit-laib-und-seele-pfarrsprengel-plant-sommer-tour-2024","status":"publish","type":"post","link":"https:\/\/herzogtum-direkt.de\/index.php\/2024\/04\/19\/mit-laib-und-seele-pfarrsprengel-plant-sommer-tour-2024\/","title":{"rendered":"Mit Laib und Seele: Pfarrsprengel plant Sommer-Tour 2024"},"content":{"rendered":"\n<p><strong>Sandesneben (pm).<\/strong> Aller guten Dinge\u2026: Zum dritten Mal will der Marien-Pfarrsprengel auf Sommer-Tour gehen. In den Kirchengemeinden Sandesneben, Siebenb\u00e4umen, Berkenthin und Nusse-Behlendorf haben die Planungen begonnen. F\u00fcr 2024 haben die Initiatoren das Motto \u201eMit Laib und Seele\u201c gew\u00e4hlt.<\/p>\n\n\n\n<p>\u201eWir m\u00f6chten Nahrungsmittel auf der einen und die Spiritualit\u00e4t auf der anderen Seite in Einklang bringen und gemeinsam mit Menschen, die in unserer Region Lebensmittel herstellen, besondere Gottesdienste feiern\u201c, berichtet Doris Pfeifer, Pastorin in Sandesneben. Neben einer Landwirtin und einem B\u00e4cker aus dem Pfarrsprengel wird auch eine Kaffeer\u00f6sterei und eine Eismanufaktur die Sommer-Tour 2024 unterst\u00fctzen.<\/p>\n\n\n\n<p><strong>Nahrungsmittel und Spiritualit\u00e4t<\/strong><\/p>\n\n\n\n<p>\u201eAn jedem Sonntag wird in einer anderen Gemeinde unseres, Pfarrsprengel Marien &#8211; evangelisch hoch 4\u2019 Gottesdienst gefeiert\u201c, sagt Pastor Oliver Erckens. Im Sommer 2022 waren die vier Kirchengemeinden erstmals zu einer Sommerreise durch den Norden des Herzogtums aufgebrochen. \u201eDie Idee kam bei den Gemeindegliedern ebenso gut an wie bei Urlaubenden, so dass wir die Aktion in diesem Sommer fortsetzen\u201c, berichtet der Seelsorger.<\/p>\n\n\n\n<p>Die Terminplanung f\u00fcr die Sommer-Tour steht bereits: \u201eLos geht es am 21. Juli in Berkenthin, das Finale ist am 1. September in Sandesneben\u201c, berichtet Pastor Tobias Pfeifer. Dazwischen wird die Gottesdienst-Reise Station in Sch\u00f6nberg (28. Juli), Behlendorf (4. August), Siebenb\u00e4umen (11. August), Nusse (18. August), und Berkenthin (25. August) machen. Wie in den vergangenen Jahren gibt es im Anschluss an die Gottesdienste Kaffee, Kuchen und die M\u00f6glichkeit zum Austausch.<\/p>\n\n\n\n<p>&#8222;Es gibt an jedem Sonntag eine Gastgeberin beziehungsweise einen Gastgeber, der oder die den Gottesdienst zusammen mit Ehrenamtlichen sowie mit regionalen Lebensmittel-Produzent:innen gestalten wird&#8220;, erl\u00e4utert Pastor Jaan Thiesen. Unterst\u00fctzt werden die Pastor:innen bei der theologischen Reise durch den Pfarrsprengel von den Ehrenamtlerinnen Susanne Wischendorf und Simone Siemers.<\/p>\n\n\n\n<p><strong>Ein Angebot f\u00fcr Einheimische und Urlauber<\/strong><\/p>\n\n\n\n<p>Ziel der Sommerreise ist es, nicht nur treue Gemeindemitglieder, sondern auch Menschen \u2013 Einheimische wie Urlaubende \u2013 zu erreichen, die Kirche vielleicht einmal von einer anderen, au\u00dfergew\u00f6hnlichen Seite erleben m\u00f6chten. \u00dcberdies biete die Sonntagsreihe die Chance, sich im neuen Pfarrsprengel besser kennenzulernen. \u201eGegenseitige Besuche sind immer etwas Sch\u00f6nes &#8211; f\u00fcr Gastgebende und Besuchende\u201c, sagt Pastor Oliver Erckens. Beginn der Gottesdienste ist jeweils um 10 Uhr. Fahrgemeinschaften sind m\u00f6glich. Treffpunkt ist jeweils um 9.30 Uhr an den Kirchen, die am betreffenden Sonntag nicht Gastgeber sind.<\/p>\n","protected":false},"excerpt":{"rendered":"<p>Sandesneben (pm). Aller guten Dinge\u2026: Zum dritten Mal will der Marien-Pfarrsprengel auf Sommer-Tour gehen. In den Kirchengemeinden Sandesneben, Siebenb\u00e4umen, Berkenthin und Nusse-Behlendorf haben die Planungen begonnen. F\u00fcr 2024 haben die Initiatoren das Motto \u201eMit Laib und Seele\u201c gew\u00e4hlt. \u201eWir m\u00f6chten Nahrungsmittel auf der einen und die Spiritualit\u00e4t auf der anderen Seite in Einklang bringen und [&hellip;]<\/p>\n","protected":false},"author":2,"featured_media":60010,"comment_status":"closed","ping_status":"closed","sticky":false,"template":"","format":"standard","meta":{"jnews-multi-image_gallery":[],"jnews_single_post":{"subtitle":"Sieben besondere Gottesdienste zwischen Berkenthin und Sandesneben","format":"standard","video":"","gallery":"","source_name":"","source_url":"","via_name":"","via_url":"","jpwt_enable_post_donation":"0","override_template":"0","override":[{"template":"1","single_blog_custom":"","parallax":"1","fullscreen":"1","layout":"right-sidebar","sidebar":"default-sidebar","second_sidebar":"default-sidebar","sticky_sidebar":"1","share_position":"top","share_float_style":"share-monocrhome","show_share_counter":"0","show_view_counter":"1","show_featured":"1","show_post_meta":"1","show_post_author":"1","show_post_author_image":"1","show_post_date":"1","post_date_format":"default","post_date_format_custom":"Y\/m\/d","show_post_category":"0","show_post_reading_time":"0","post_reading_time_wpm":"300","show_zoom_button":"0","zoom_button_out_step":"2","zoom_button_in_step":"3","show_post_tag":"1","show_prev_next_post":"0","show_popup_post":"1","number_popup_post":"1","show_author_box":"1","show_post_related":"1","show_inline_post_related":"0"}],"override_image_size":"0","image_override":[{"single_post_thumbnail_size":"crop-500","single_post_gallery_size":"crop-500"}],"trending_post":"0","trending_post_position":"meta","trending_post_label":"Trending","sponsored_post":"0","sponsored_post_label":"Sponsored by","sponsored_post_name":"","sponsored_post_url":"","sponsored_post_logo_enable":"0","sponsored_post_logo":"","sponsored_post_desc":"","disable_ad":"0"},"jnews_primary_category":{"id":"","hide":""},"jnews_social_meta":{"fb_title":"","fb_description":"","fb_image":"","twitter_title":"","twitter_description":"","twitter_image":""},"jnews_override_counter":{"override_view_counter":"0","view_counter_number":"0","override_share_counter":"0","share_counter_number":"0","override_like_counter":"0","like_counter_number":"0","override_dislike_counter":"0","dislike_counter_number":"0"},"jnews_post_split":{"enable_post_split":"0","post_split":[{"template":"1","tag":"h2","numbering":"asc","mode":"normal","first":"0","enable_toc":"0","toc_type":"normal"}]},"footnotes":""},"categories":[67,3757,63,70,2],"tags":[118,204,486,1214],"class_list":["post-60009","post","type-post","status-publish","format-standard","has-post-thumbnail","hentry","category-amt-sandesneben-nusse","category-ausflugstipp","category-herzogtum-lauenburg","category-kultur","category-startseite","tag-berkenthin","tag-nusse","tag-sandesneben","tag-siebenbaeumen"],"_links":{"self":[{"href":"https:\/\/herzogtum-direkt.de\/index.php\/wp-json\/wp\/v2\/posts\/60009","targetHints":{"allow":["GET"]}}],"collection":[{"href":"https:\/\/herzogtum-direkt.de\/index.php\/wp-json\/wp\/v2\/posts"}],"about":[{"href":"https:\/\/herzogtum-direkt.de\/index.php\/wp-json\/wp\/v2\/types\/post"}],"author":[{"embeddable":true,"href":"https:\/\/herzogtum-direkt.de\/index.php\/wp-json\/wp\/v2\/users\/2"}],"replies":[{"embeddable":true,"href":"https:\/\/herzogtum-direkt.de\/index.php\/wp-json\/wp\/v2\/comments?post=60009"}],"version-history":[{"count":1,"href":"https:\/\/herzogtum-direkt.de\/index.php\/wp-json\/wp\/v2\/posts\/60009\/revisions"}],"predecessor-version":[{"id":60011,"href":"https:\/\/herzogtum-direkt.de\/index.php\/wp-json\/wp\/v2\/posts\/60009\/revisions\/60011"}],"wp:featuredmedia":[{"embeddable":true,"href":"https:\/\/herzogtum-direkt.de\/index.php\/wp-json\/wp\/v2\/media\/60010"}],"wp:attachment":[{"href":"https:\/\/herzogtum-direkt.de\/index.php\/wp-json\/wp\/v2\/media?parent=60009"}],"wp:term":[{"taxonomy":"category","embeddable":true,"href":"https:\/\/herzogtum-direkt.de\/index.php\/wp-json\/wp\/v2\/categories?post=60009"},{"taxonomy":"post_tag","embeddable":true,"href":"https:\/\/herzogtum-direkt.de\/index.php\/wp-json\/wp\/v2\/tags?post=60009"}],"curies":[{"name":"wp","href":"https:\/\/api.w.org\/{rel}","templated":true}]}}