{"id":59898,"date":"2024-04-11T10:38:37","date_gmt":"2024-04-11T08:38:37","guid":{"rendered":"https:\/\/herzogtum-direkt.de\/?p=59898"},"modified":"2024-04-11T10:38:39","modified_gmt":"2024-04-11T08:38:39","slug":"fruehlingsgefuehle-bei-der-moellner-gartenromantik","status":"publish","type":"post","link":"https:\/\/herzogtum-direkt.de\/index.php\/2024\/04\/11\/fruehlingsgefuehle-bei-der-moellner-gartenromantik\/","title":{"rendered":"Fr\u00fchlingsgef\u00fchle bei der M\u00f6llner Gartenromantik"},"content":{"rendered":"\n<p><strong>M\u00f6lln (pm).<\/strong> Es ist wieder so weit: Die Eventsaison steht vor der T\u00fcr und die Gartenromantik direkt dahinter. Begleitet von Sonnenstrahlen und dem Duft der aufbl\u00fchenden Natur, bietet ein Besuch der Gartenromantik auch dieses Jahr wieder das ideale Ausflugsziel. Vom Sonnabend, 27. bis Sonntag, 28. April erstreckt sich im M\u00f6llner Kurpark wieder ein breites Angebot an Gartenkultur und Fr\u00fchlingsinspirationen.<\/p>\n\n\n\n<p>Der Kurpark bl\u00fcht in voller Pracht und bietet somit die perfekte Kulisse f\u00fcr die Gartenromantik. Eine Veranstaltung, um den gr\u00fcnen Daumen neu zu entdecken oder noch besser kennenzulernen. Die G\u00e4ste erwartet eine Rundreise durch eine Welt der Garten- und Fr\u00fchlingsliebe. \u201eBei einem Sortiment aus \u00fcber 80 verschiedenen St\u00e4nden ist in Form von Gartendekorationen, Bepflanzungsutensilien und Fr\u00fchlingshinguckern in jedem Bereich etwas zu finden\u201c, freut sich Kathrin Thomann, Veranstaltungsleitung. Von Blumen \u00fcber handgefertigte T\u00f6pferwaren und Terassen\u00f6fen bis hin zu k\u00f6stlichen Leckereien &#8211; die Vielfalt ist gro\u00df.<\/p>\n\n\n\n<p>Ein vielf\u00e4ltiges Rahmenprogramm bietet den Besucherinnen und Besuchern einen rundum gelungenen Wochenendausflug. F\u00fcr die musikalische Unterhaltung sorgt in diesem Jahr Arne Wessel, der mit seiner Musik viel Anklang findet. Mit seinen gef\u00fchlvollen und gleichzeitig mitrei\u00dfenden Gitarrenkl\u00e4ngen sorgt er f\u00fcr ein breites Repertoire an Musik, die zum Hinh\u00f6ren und Verweilen einl\u00e4dt.<\/p>\n\n\n\n<figure class=\"wp-block-gallery has-nested-images columns-default is-cropped wp-block-gallery-1 is-layout-flex wp-block-gallery-is-layout-flex\">\n<figure class=\"wp-block-image size-large\"><img fetchpriority=\"high\" decoding=\"async\" width=\"1024\" height=\"614\" data-id=\"2810\" src=\"https:\/\/herzogtum-direkt.de\/wp-content\/uploads\/2018\/04\/BesucherGartenromantikM\u00f6llnTourismus-1024x614.jpg\" alt=\"\" class=\"wp-image-2810\" srcset=\"https:\/\/herzogtum-direkt.de\/wp-content\/uploads\/2018\/04\/BesucherGartenromantikM\u00f6llnTourismus-1024x614.jpg 1024w, https:\/\/herzogtum-direkt.de\/wp-content\/uploads\/2018\/04\/BesucherGartenromantikM\u00f6llnTourismus-300x180.jpg 300w, https:\/\/herzogtum-direkt.de\/wp-content\/uploads\/2018\/04\/BesucherGartenromantikM\u00f6llnTourismus-768x460.jpg 768w, https:\/\/herzogtum-direkt.de\/wp-content\/uploads\/2018\/04\/BesucherGartenromantikM\u00f6llnTourismus-696x417.jpg 696w, https:\/\/herzogtum-direkt.de\/wp-content\/uploads\/2018\/04\/BesucherGartenromantikM\u00f6llnTourismus-1068x640.jpg 1068w, https:\/\/herzogtum-direkt.de\/wp-content\/uploads\/2018\/04\/BesucherGartenromantikM\u00f6llnTourismus-701x420.jpg 701w, https:\/\/herzogtum-direkt.de\/wp-content\/uploads\/2018\/04\/BesucherGartenromantikM\u00f6llnTourismus.jpg 1990w\" sizes=\"(max-width: 1024px) 100vw, 1024px\" \/><figcaption class=\"wp-element-caption\">Besucher auf der Gartenromatik in M\u00f6lln. Foto: M\u00f6llnTourismus<\/figcaption><\/figure>\n\n\n\n<figure class=\"wp-block-image size-large\"><img decoding=\"async\" width=\"1000\" height=\"514\" data-id=\"49672\" src=\"https:\/\/herzogtum-direkt.de\/wp-content\/uploads\/2023\/04\/Gemuetliches_Chillen__c__Jens_Butz_.jpg\" alt=\"\" class=\"wp-image-49672\" srcset=\"https:\/\/herzogtum-direkt.de\/wp-content\/uploads\/2023\/04\/Gemuetliches_Chillen__c__Jens_Butz_.jpg 1000w, https:\/\/herzogtum-direkt.de\/wp-content\/uploads\/2023\/04\/Gemuetliches_Chillen__c__Jens_Butz_-300x154.jpg 300w, https:\/\/herzogtum-direkt.de\/wp-content\/uploads\/2023\/04\/Gemuetliches_Chillen__c__Jens_Butz_-768x395.jpg 768w, https:\/\/herzogtum-direkt.de\/wp-content\/uploads\/2023\/04\/Gemuetliches_Chillen__c__Jens_Butz_-750x386.jpg 750w\" sizes=\"(max-width: 1000px) 100vw, 1000px\" \/><figcaption class=\"wp-element-caption\">Gartenromantik im M\u00f6llner Kurpark. Foto: Jens Butz, hfr<\/figcaption><\/figure>\n\n\n\n<figure class=\"wp-block-image size-large\"><img decoding=\"async\" width=\"1000\" height=\"667\" data-id=\"13674\" src=\"https:\/\/herzogtum-direkt.de\/wp-content\/uploads\/2019\/04\/Gartenromantik2019.jpg\" alt=\"\" class=\"wp-image-13674\" srcset=\"https:\/\/herzogtum-direkt.de\/wp-content\/uploads\/2019\/04\/Gartenromantik2019.jpg 1000w, https:\/\/herzogtum-direkt.de\/wp-content\/uploads\/2019\/04\/Gartenromantik2019-300x200.jpg 300w, https:\/\/herzogtum-direkt.de\/wp-content\/uploads\/2019\/04\/Gartenromantik2019-768x512.jpg 768w, https:\/\/herzogtum-direkt.de\/wp-content\/uploads\/2019\/04\/Gartenromantik2019-696x464.jpg 696w, https:\/\/herzogtum-direkt.de\/wp-content\/uploads\/2019\/04\/Gartenromantik2019-630x420.jpg 630w\" sizes=\"(max-width: 1000px) 100vw, 1000px\" \/><figcaption class=\"wp-element-caption\">Foto: Anders<\/figcaption><\/figure>\n<\/figure>\n\n\n\n<p>\u201eDurch ein ausgewogenes Angebot an verschiedenen s\u00fc\u00dfen und herzhaften Speisen lassen sich all die kreativen Garten-Ideen dann auch noch wunderbar verdauen.\u201c, so Kathrin Thomann. Der Eulenspiegel l\u00e4sst es sich ebenfalls nicht nehmen, der Veranstaltung mit Schabernack und frechen Spr\u00fcchen beizuwohnen und wird an beiden Tagen der Gartenromantik vor Ort sein. Unterst\u00fctzt wird er dabei von den wandelnden B\u00fcschen, einem Walk-Act, der kleine \u00dcberraschungen f\u00fcr die G\u00e4ste bereith\u00e4lt.<\/p>\n\n\n\n<p>Zus\u00e4tzlich kann man sich auf den verkaufsoffenen Sonntag freuen, der sich in diesem Jahr an die Gartenromantik anschlie\u00dft. Der M\u00f6llner Einzelhandel \u00f6ffnet von 13 bis 18 Uhr die T\u00fcren und l\u00e4dt zum Bummeln durch die Altstadt ein. Das rundet das Shopping-Erlebnis am letzten Aprilwochenende perfekt ab und l\u00e4dt zu einem Ausflug in die Eulenspiegelstadt M\u00f6lln ein. \u201eLassen Sie Ihre Seele baumeln und entdecken Sie an beiden Tagen in der Zeit von 11 bis 18 Uhr eine Mischung aus Garten- und Genusskultur, Kunsthandwerk und Lifestyle. Der Eintritt ist kostenfrei, so k\u00f6nnen Sie Ihr Geld ausschlie\u00dflich f\u00fcr sch\u00f6ne Dinge ausgeben\u201c, sagt das Organisationsteam. \u201eWir freuen uns auf Ihren Besuch!\u201c<\/p>\n","protected":false},"excerpt":{"rendered":"<p>M\u00f6lln (pm). Es ist wieder so weit: Die Eventsaison steht vor der T\u00fcr und die Gartenromantik direkt dahinter. Begleitet von Sonnenstrahlen und dem Duft der aufbl\u00fchenden Natur, bietet ein Besuch der Gartenromantik auch dieses Jahr wieder das ideale Ausflugsziel. Vom Sonnabend, 27. bis Sonntag, 28. April erstreckt sich im M\u00f6llner Kurpark wieder ein breites Angebot [&hellip;]<\/p>\n","protected":false},"author":2,"featured_media":49674,"comment_status":"closed","ping_status":"closed","sticky":false,"template":"","format":"standard","meta":{"jnews-multi-image_gallery":[],"jnews_single_post":{"subtitle":"\u00a0Vielf\u00e4ltige Angebote und ein tolles Programm","format":"standard","video":"","gallery":"","source_name":"","source_url":"","via_name":"","via_url":"","jpwt_enable_post_donation":"0","override_template":"0","override":[{"template":"1","single_blog_custom":"","parallax":"1","fullscreen":"1","layout":"right-sidebar","sidebar":"default-sidebar","second_sidebar":"default-sidebar","sticky_sidebar":"1","share_position":"top","share_float_style":"share-monocrhome","show_share_counter":"0","show_view_counter":"1","show_featured":"1","show_post_meta":"1","show_post_author":"1","show_post_author_image":"1","show_post_date":"1","post_date_format":"default","post_date_format_custom":"Y\/m\/d","show_post_category":"0","show_post_reading_time":"0","post_reading_time_wpm":"300","show_zoom_button":"0","zoom_button_out_step":"2","zoom_button_in_step":"3","show_post_tag":"1","show_prev_next_post":"0","show_popup_post":"1","number_popup_post":"1","show_author_box":"1","show_post_related":"1","show_inline_post_related":"0"}],"override_image_size":"0","image_override":[{"single_post_thumbnail_size":"crop-500","single_post_gallery_size":"crop-500"}],"trending_post":"0","trending_post_position":"meta","trending_post_label":"Trending","sponsored_post":"0","sponsored_post_label":"Sponsored by","sponsored_post_name":"","sponsored_post_url":"","sponsored_post_logo_enable":"0","sponsored_post_logo":"","sponsored_post_desc":"","disable_ad":"0"},"jnews_primary_category":{"id":"","hide":""},"jnews_social_meta":{"fb_title":"","fb_description":"","fb_image":"","twitter_title":"","twitter_description":"","twitter_image":""},"jnews_override_counter":{"override_view_counter":"0","view_counter_number":"0","override_share_counter":"0","share_counter_number":"0","override_like_counter":"0","like_counter_number":"0","override_dislike_counter":"0","dislike_counter_number":"0"},"jnews_post_split":{"enable_post_split":"0","post_split":[{"template":"1","tag":"h2","numbering":"asc","mode":"normal","first":"0","enable_toc":"0","toc_type":"normal"}]},"footnotes":""},"categories":[63,70,66,2],"tags":[133,703],"class_list":["post-59898","post","type-post","status-publish","format-standard","has-post-thumbnail","hentry","category-herzogtum-lauenburg","category-kultur","category-moelln","category-startseite","tag-moelln","tag-tourismus"],"_links":{"self":[{"href":"https:\/\/herzogtum-direkt.de\/index.php\/wp-json\/wp\/v2\/posts\/59898","targetHints":{"allow":["GET"]}}],"collection":[{"href":"https:\/\/herzogtum-direkt.de\/index.php\/wp-json\/wp\/v2\/posts"}],"about":[{"href":"https:\/\/herzogtum-direkt.de\/index.php\/wp-json\/wp\/v2\/types\/post"}],"author":[{"embeddable":true,"href":"https:\/\/herzogtum-direkt.de\/index.php\/wp-json\/wp\/v2\/users\/2"}],"replies":[{"embeddable":true,"href":"https:\/\/herzogtum-direkt.de\/index.php\/wp-json\/wp\/v2\/comments?post=59898"}],"version-history":[{"count":1,"href":"https:\/\/herzogtum-direkt.de\/index.php\/wp-json\/wp\/v2\/posts\/59898\/revisions"}],"predecessor-version":[{"id":59900,"href":"https:\/\/herzogtum-direkt.de\/index.php\/wp-json\/wp\/v2\/posts\/59898\/revisions\/59900"}],"wp:featuredmedia":[{"embeddable":true,"href":"https:\/\/herzogtum-direkt.de\/index.php\/wp-json\/wp\/v2\/media\/49674"}],"wp:attachment":[{"href":"https:\/\/herzogtum-direkt.de\/index.php\/wp-json\/wp\/v2\/media?parent=59898"}],"wp:term":[{"taxonomy":"category","embeddable":true,"href":"https:\/\/herzogtum-direkt.de\/index.php\/wp-json\/wp\/v2\/categories?post=59898"},{"taxonomy":"post_tag","embeddable":true,"href":"https:\/\/herzogtum-direkt.de\/index.php\/wp-json\/wp\/v2\/tags?post=59898"}],"curies":[{"name":"wp","href":"https:\/\/api.w.org\/{rel}","templated":true}]}}