{"id":59404,"date":"2024-03-26T10:58:37","date_gmt":"2024-03-26T08:58:37","guid":{"rendered":"https:\/\/herzogtum-direkt.de\/?p=59404"},"modified":"2024-03-26T11:17:42","modified_gmt":"2024-03-26T09:17:42","slug":"anti-rassismus-tag-an-der-gemeinschaftsschule-sandesneben","status":"publish","type":"post","link":"https:\/\/herzogtum-direkt.de\/index.php\/2024\/03\/26\/anti-rassismus-tag-an-der-gemeinschaftsschule-sandesneben\/","title":{"rendered":"Anti-Rassismus-Tag an der Gemeinschaftsschule Sandesneben"},"content":{"rendered":"\n<p><strong>Sandesneben (pm\/sn).<\/strong> \u00a0Ein wenig Stolz auf ihre Leistung schwingt schon mit, wenn Marie Meyer aus der 11s von den Vorbereitungen f\u00fcr den Anti-Rassismus-Tag an der Grund- und Gemeinschaftsschule Sandesneben berichtet: &#8222;Wir haben uns in unserer Gruppe mit dem Thema Alltagsrassismus besch\u00e4ftigt, denn das k\u00f6nnten die Sch\u00fclerInnen auch so mal mitbekommen. &#8211; Und dann haben wir versucht das f\u00fcr jede Altersgruppe passend vorzubereiten.&#8220;<\/p>\n\n\n\n<p>Im Rahmen des Wirtschafts- und Politikunterrichts (WiPo) hatte der komplette Jahrgang 11 der gymnasialen Oberstufe gemeinsam mit Fachlehrerin Vivien Pracejus das Unterrichtsprojekt im Rahmen der &#8222;Internationalen Woche gegen Rassismus&#8220; ausgearbeitet. Das Ziel war es, mit m\u00f6glichst vielen Sch\u00fclerInnen \u00fcber das Thema Rassismus ins Gespr\u00e4ch zu kommen und Folgen und Alternativen zu dieser menschenverachtenden Einstellung zu vermitteln.<\/p>\n\n\n\n<p>&#8222;Politische Bildung kann und darf nicht neutral sein, denn sie vermittelt grundlegende demokratische Werte&#8220;, so die Organisatorin Vivien Pracejus, bei der alle F\u00e4den zusammenliefen. &#8222;Ich finde es toll, dass\u00a0auch meine Sch\u00fclerinnen und Sch\u00fcler diese Werte wichtig finden und deshalb nachhaltig f\u00fcr unsere Schule umsetzen wollen.&#8220;<br>Und so zog sich das Unterrichtsprojekt von Jahrgang 11 am Freitag, 22. M\u00e4rz wie ein roter Faden durch alle Klassen der Jahrgangsstufen 4 bis 10. <\/p>\n\n\n<div class=\"wp-block-image is-style-rounded\">\n<figure class=\"aligncenter size-full is-resized\"><img fetchpriority=\"high\" decoding=\"async\" width=\"500\" height=\"750\" src=\"https:\/\/herzogtum-direkt.de\/wp-content\/uploads\/2024\/03\/Bild-4-Marie-Meyer-fand-es-gut-dass-ihr-Jahrgang-11-versucht-hat-das-Thema-Rassismus-fuer-jede-Altersgruppe-von-der-3.-bis-zu-10.-Klasse-passend-vorzubereiten.jpg\" alt=\"\" class=\"wp-image-59408\" style=\"width:326px;height:auto\" srcset=\"https:\/\/herzogtum-direkt.de\/wp-content\/uploads\/2024\/03\/Bild-4-Marie-Meyer-fand-es-gut-dass-ihr-Jahrgang-11-versucht-hat-das-Thema-Rassismus-fuer-jede-Altersgruppe-von-der-3.-bis-zu-10.-Klasse-passend-vorzubereiten.jpg 500w, https:\/\/herzogtum-direkt.de\/wp-content\/uploads\/2024\/03\/Bild-4-Marie-Meyer-fand-es-gut-dass-ihr-Jahrgang-11-versucht-hat-das-Thema-Rassismus-fuer-jede-Altersgruppe-von-der-3.-bis-zu-10.-Klasse-passend-vorzubereiten-200x300.jpg 200w\" sizes=\"(max-width: 500px) 100vw, 500px\" \/><figcaption class=\"wp-element-caption\">Marie Meyer fand es gut, dass ihr Jahrgang 11 versucht hat das Thema Rassismus f\u00fcr jede Altersgruppe von der 3. bis zu 10. Klasse passend vorzubereiten. Foto: Durmis \u00d6zen Palma, hfr\n<\/figcaption><\/figure>\n<\/div>\n\n\n<p>W\u00e4hrend in der Grundschule im Stuhlkreis die Gro\u00dfen gemeinsam mit den Kleinen unter anderen der Frage nachgingen warum der Stift \u201aHautfarbe\u2018 genannt wird, obwohl das nicht bei allen passt, besch\u00e4ftigten sich die \u00e4lteren Klassen mit den rassistisch motivierten Anschl\u00e4gen in M\u00f6lln (1993), Hanau (2020) und den NSU-Morden des \u201aNationalsozialistischen Untergrund\u2018 zwischen 2000 bis 2006. \u201eIch fand es total spannend, zu sehen, auf welchem Wissensstand die Kinder sind&#8220;, berichtet Laurin Leitow nach seinem Einsatz in der 4. Klasse und sein Mitsch\u00fcler Matthias Maak ist \u00fcberzeugt, dass die Kinder verstanden haben, was wir erreichen wollten.&#8220; \u00a0<br><\/p>\n\n\n\n<figure class=\"wp-block-gallery has-nested-images columns-default is-cropped wp-block-gallery-1 is-layout-flex wp-block-gallery-is-layout-flex\">\n<figure class=\"wp-block-image size-large\"><img decoding=\"async\" width=\"1000\" height=\"667\" data-id=\"59406\" src=\"https:\/\/herzogtum-direkt.de\/wp-content\/uploads\/2024\/03\/Bild-2-Schulleiter-Jan-Rueder-foerdert-an-der-Gemeinschaftsschule-Sandesneben-das-gemeinsame-Lernen-unabhaengig-von-Herkunft-Hautfarbe-oder-ethnischer-Zugehoerigkeit.jpg\" alt=\"\" class=\"wp-image-59406\" srcset=\"https:\/\/herzogtum-direkt.de\/wp-content\/uploads\/2024\/03\/Bild-2-Schulleiter-Jan-Rueder-foerdert-an-der-Gemeinschaftsschule-Sandesneben-das-gemeinsame-Lernen-unabhaengig-von-Herkunft-Hautfarbe-oder-ethnischer-Zugehoerigkeit.jpg 1000w, https:\/\/herzogtum-direkt.de\/wp-content\/uploads\/2024\/03\/Bild-2-Schulleiter-Jan-Rueder-foerdert-an-der-Gemeinschaftsschule-Sandesneben-das-gemeinsame-Lernen-unabhaengig-von-Herkunft-Hautfarbe-oder-ethnischer-Zugehoerigkeit-300x200.jpg 300w, https:\/\/herzogtum-direkt.de\/wp-content\/uploads\/2024\/03\/Bild-2-Schulleiter-Jan-Rueder-foerdert-an-der-Gemeinschaftsschule-Sandesneben-das-gemeinsame-Lernen-unabhaengig-von-Herkunft-Hautfarbe-oder-ethnischer-Zugehoerigkeit-768x512.jpg 768w, https:\/\/herzogtum-direkt.de\/wp-content\/uploads\/2024\/03\/Bild-2-Schulleiter-Jan-Rueder-foerdert-an-der-Gemeinschaftsschule-Sandesneben-das-gemeinsame-Lernen-unabhaengig-von-Herkunft-Hautfarbe-oder-ethnischer-Zugehoerigkeit-750x500.jpg 750w\" sizes=\"(max-width: 1000px) 100vw, 1000px\" \/><figcaption class=\"wp-element-caption\">Schulleiter Jan R\u00fcder f\u00f6rdert an der Gemeinschaftsschule Sandesneben das gemeinsame Lernen unabh\u00e4ngig von Herkunft, Hautfarbe oder ethnischer Zugeh\u00f6rigkeit. Foto: Durmis \u00d6zen Palma, hfr\n<\/figcaption><\/figure>\n\n\n\n<figure class=\"wp-block-image size-large\"><img decoding=\"async\" width=\"1000\" height=\"667\" data-id=\"59409\" src=\"https:\/\/herzogtum-direkt.de\/wp-content\/uploads\/2024\/03\/Bild-5-Matthias-Maak-li.-und-Laurin-Leitow-aus-der-11s-fanden-es-spannend-zu-sehen-auf-welchem-Wissenstand-die-Kinder-sind.jpg\" alt=\"\" class=\"wp-image-59409\" srcset=\"https:\/\/herzogtum-direkt.de\/wp-content\/uploads\/2024\/03\/Bild-5-Matthias-Maak-li.-und-Laurin-Leitow-aus-der-11s-fanden-es-spannend-zu-sehen-auf-welchem-Wissenstand-die-Kinder-sind.jpg 1000w, https:\/\/herzogtum-direkt.de\/wp-content\/uploads\/2024\/03\/Bild-5-Matthias-Maak-li.-und-Laurin-Leitow-aus-der-11s-fanden-es-spannend-zu-sehen-auf-welchem-Wissenstand-die-Kinder-sind-300x200.jpg 300w, https:\/\/herzogtum-direkt.de\/wp-content\/uploads\/2024\/03\/Bild-5-Matthias-Maak-li.-und-Laurin-Leitow-aus-der-11s-fanden-es-spannend-zu-sehen-auf-welchem-Wissenstand-die-Kinder-sind-768x512.jpg 768w, https:\/\/herzogtum-direkt.de\/wp-content\/uploads\/2024\/03\/Bild-5-Matthias-Maak-li.-und-Laurin-Leitow-aus-der-11s-fanden-es-spannend-zu-sehen-auf-welchem-Wissenstand-die-Kinder-sind-750x500.jpg 750w\" sizes=\"(max-width: 1000px) 100vw, 1000px\" \/><figcaption class=\"wp-element-caption\">Matthias Maak (links) und Laurin Leitow aus der 11s fanden es spannend zu sehen, auf welchem Wissenstand die Kinder sind. Foto: Durmis \u00d6zen Palma, hfr<\/figcaption><\/figure>\n<\/figure>\n\n\n\n<p>Im zentralen Bereich der Mensa hatten die Jugendlichen den Nebenraum zu einer Ausstellung mit Vortr\u00e4gen, Infotafeln, kurzen Videos auf Tablets und einem Quiz vorbereitet. \u201eDas ist viel besser, als alles nur zu lesen!&#8220;, freuten sich Bente Meineke und Giselle Damaschke aus Jahrgang 10 \u00fcber die vielf\u00e4ltigen Wege, um sich mit dem Thema Rassismus zu besch\u00e4ftigen. \u201eUnd die Vorbereitung hat richtig Spa\u00df gemacht&#8220;, erg\u00e4nzt die 17-j\u00e4hrige Emma Bergmann \u00fcber die positive Resonanz bei den j\u00fcngeren Sch\u00fclerInnen. <\/p>\n\n\n<div class=\"wp-block-image\">\n<figure class=\"aligncenter size-full is-resized\"><img loading=\"lazy\" decoding=\"async\" width=\"500\" height=\"667\" src=\"https:\/\/herzogtum-direkt.de\/wp-content\/uploads\/2024\/03\/Bild-3-Emma-Bergmann-li.-und-ihre-Lehrerin-Vivien-Pracejus-haben-mit-Jahrgang-11-der-Oberstufe-im-WiPo-Unterricht-den-Anti-Rassismus-Tag-organisiert.jpg\" alt=\"\" class=\"wp-image-59407\" style=\"width:344px;height:auto\" srcset=\"https:\/\/herzogtum-direkt.de\/wp-content\/uploads\/2024\/03\/Bild-3-Emma-Bergmann-li.-und-ihre-Lehrerin-Vivien-Pracejus-haben-mit-Jahrgang-11-der-Oberstufe-im-WiPo-Unterricht-den-Anti-Rassismus-Tag-organisiert.jpg 500w, https:\/\/herzogtum-direkt.de\/wp-content\/uploads\/2024\/03\/Bild-3-Emma-Bergmann-li.-und-ihre-Lehrerin-Vivien-Pracejus-haben-mit-Jahrgang-11-der-Oberstufe-im-WiPo-Unterricht-den-Anti-Rassismus-Tag-organisiert-225x300.jpg 225w\" sizes=\"(max-width: 500px) 100vw, 500px\" \/><figcaption class=\"wp-element-caption\">Emma Bergmann (links) und ihre Lehrerin Vivien Pracejus haben mit Jahrgang 11 der Oberstufe im WiPo-Unterricht den Anti-Rassismus-Tag organisiert. Foto: Durmis \u00d6zen Palma, hfr<\/figcaption><\/figure>\n<\/div>\n\n\n<p>Ebenso wie die anderen Jugendlichen aus Jahrgang 11 hatte sie in den vergangenen Wochen viel Freizeit in die Vorbereitung investiert, um den Anti-Rassismus-Tag zu organisieren und dem Schulmotto \u201aWir lernen gemeinsam\u2018 ein weiteres Highlight f\u00fcr das gemeinsame Lernen an der Grund- und Gemeinschaftsschule Sandesneben hinzuzuf\u00fcgen.<\/p>\n","protected":false},"excerpt":{"rendered":"<p>Sandesneben (pm\/sn). \u00a0Ein wenig Stolz auf ihre Leistung schwingt schon mit, wenn Marie Meyer aus der 11s von den Vorbereitungen f\u00fcr den Anti-Rassismus-Tag an der Grund- und Gemeinschaftsschule Sandesneben berichtet: &#8222;Wir haben uns in unserer Gruppe mit dem Thema Alltagsrassismus besch\u00e4ftigt, denn das k\u00f6nnten die Sch\u00fclerInnen auch so mal mitbekommen. &#8211; Und dann haben wir [&hellip;]<\/p>\n","protected":false},"author":50,"featured_media":59410,"comment_status":"closed","ping_status":"closed","sticky":false,"template":"","format":"standard","meta":{"jnews-multi-image_gallery":[],"jnews_single_post":{"subtitle":"\"Warum hei\u00dft der Stift 'Hautfarbe', wenn das nicht bei allen Leuten passt?\"- Aufarbeitung des Themas f\u00fcr alle Sch\u00fclerInnen von 4. bis zur 10. Klasse","format":"standard","video":"","gallery":"","source_name":"","source_url":"","via_name":"","via_url":"","jpwt_enable_post_donation":"0","override_template":"0","override":[{"template":"1","single_blog_custom":"","parallax":"1","fullscreen":"1","layout":"right-sidebar","sidebar":"default-sidebar","second_sidebar":"default-sidebar","sticky_sidebar":"1","share_position":"top","share_float_style":"share-monocrhome","show_share_counter":"0","show_view_counter":"1","show_featured":"1","show_post_meta":"1","show_post_author":"1","show_post_author_image":"1","show_post_date":"1","post_date_format":"default","post_date_format_custom":"Y\/m\/d","show_post_category":"0","show_post_reading_time":"0","post_reading_time_wpm":"300","show_zoom_button":"0","zoom_button_out_step":"2","zoom_button_in_step":"3","show_post_tag":"1","show_prev_next_post":"0","show_popup_post":"1","number_popup_post":"1","show_author_box":"1","show_post_related":"1","show_inline_post_related":"0"}],"override_image_size":"0","image_override":[{"single_post_thumbnail_size":"crop-500","single_post_gallery_size":"crop-500"}],"trending_post":"0","trending_post_position":"meta","trending_post_label":"Trending","sponsored_post":"0","sponsored_post_label":"Sponsored by","sponsored_post_name":"","sponsored_post_url":"","sponsored_post_logo_enable":"0","sponsored_post_logo":"","sponsored_post_desc":"","disable_ad":"0"},"jnews_primary_category":{"id":"","hide":""},"jnews_social_meta":{"fb_title":"","fb_description":"","fb_image":"","twitter_title":"","twitter_description":"","twitter_image":""},"jnews_override_counter":{"override_view_counter":"0","view_counter_number":"0","override_share_counter":"0","share_counter_number":"0","override_like_counter":"0","like_counter_number":"0","override_dislike_counter":"0","dislike_counter_number":"0"},"jnews_post_split":{"enable_post_split":"0","post_split":[{"template":"1","tag":"h2","numbering":"asc","mode":"normal","first":"0","enable_toc":"0","toc_type":"normal"}]},"footnotes":""},"categories":[67,63,74],"tags":[1061,1976,3666,486],"class_list":["post-59404","post","type-post","status-publish","format-standard","has-post-thumbnail","hentry","category-amt-sandesneben-nusse","category-herzogtum-lauenburg","category-jugend-direkt","tag-alltagsrassismus","tag-grund-und-gemeinschaftsschule-sandesneben","tag-internationale-woche-gegen-rassismus","tag-sandesneben"],"_links":{"self":[{"href":"https:\/\/herzogtum-direkt.de\/index.php\/wp-json\/wp\/v2\/posts\/59404","targetHints":{"allow":["GET"]}}],"collection":[{"href":"https:\/\/herzogtum-direkt.de\/index.php\/wp-json\/wp\/v2\/posts"}],"about":[{"href":"https:\/\/herzogtum-direkt.de\/index.php\/wp-json\/wp\/v2\/types\/post"}],"author":[{"embeddable":true,"href":"https:\/\/herzogtum-direkt.de\/index.php\/wp-json\/wp\/v2\/users\/50"}],"replies":[{"embeddable":true,"href":"https:\/\/herzogtum-direkt.de\/index.php\/wp-json\/wp\/v2\/comments?post=59404"}],"version-history":[{"count":1,"href":"https:\/\/herzogtum-direkt.de\/index.php\/wp-json\/wp\/v2\/posts\/59404\/revisions"}],"predecessor-version":[{"id":59411,"href":"https:\/\/herzogtum-direkt.de\/index.php\/wp-json\/wp\/v2\/posts\/59404\/revisions\/59411"}],"wp:featuredmedia":[{"embeddable":true,"href":"https:\/\/herzogtum-direkt.de\/index.php\/wp-json\/wp\/v2\/media\/59410"}],"wp:attachment":[{"href":"https:\/\/herzogtum-direkt.de\/index.php\/wp-json\/wp\/v2\/media?parent=59404"}],"wp:term":[{"taxonomy":"category","embeddable":true,"href":"https:\/\/herzogtum-direkt.de\/index.php\/wp-json\/wp\/v2\/categories?post=59404"},{"taxonomy":"post_tag","embeddable":true,"href":"https:\/\/herzogtum-direkt.de\/index.php\/wp-json\/wp\/v2\/tags?post=59404"}],"curies":[{"name":"wp","href":"https:\/\/api.w.org\/{rel}","templated":true}]}}