{"id":59362,"date":"2024-03-25T11:16:56","date_gmt":"2024-03-25T09:16:56","guid":{"rendered":"https:\/\/herzogtum-direkt.de\/?p=59362"},"modified":"2024-03-25T11:16:58","modified_gmt":"2024-03-25T09:16:58","slug":"eulenspiegelkino-im-augustinum-ein-ganzes-leben-2","status":"publish","type":"post","link":"https:\/\/herzogtum-direkt.de\/index.php\/2024\/03\/25\/eulenspiegelkino-im-augustinum-ein-ganzes-leben-2\/","title":{"rendered":"Eulenspiegelkino im Augustinum: \u201eEin ganzes Leben\u201c"},"content":{"rendered":"\n<p><strong>\u00a0M\u00f6lln (pm). <\/strong>Das Eulenspiegelkino im Augustinum M\u00f6lln zeigt am Sonnabend, 30. M\u00e4rz, um 19.30 Uhr und am Oster-Sonntag, 31. M\u00e4rz, um 17.30 Uhr, die K\u00fcnstler-Biografie \u201eAnselm &#8211; Das Rauschen der Zeit\u201c.<\/p>\n\n\n\n<p>Wim Wenders beleuchtet das Werk des K\u00fcnstlers Anselm Kiefer und enth\u00fcllt seinen Lebensweg, seine Inspirationen, seinen kreativen Prozess und seine Faszination f\u00fcr Mythos und Geschichte. Vergangenheit und Gegenwart werden miteinander verwoben, um die Grenze zwischen Film und Malerei zu verwischen, sodass man vollst\u00e4ndig in die Welt eines der gr\u00f6\u00dften zeitgen\u00f6ssischen K\u00fcnstler eintauchen kann. \u00dcber zwei Jahre hinweg hat Wenders f\u00fcr diesen Film mit Kiefer und seiner Kunst verbracht. Besucht werden auch die Schaffensorte des K\u00fcnstlers, der in Deutschland geboren wurde und sich im Laufe seiner f\u00fcnfzigj\u00e4hrigen Karriere schlie\u00dflich in Frankreich niedergelassen hat &#8230; Weitere Infos unter\u00a0\u00a0<a href=\"https:\/\/eulenspiegelkino.de\/\" target=\"_blank\" rel=\"noreferrer noopener\">www.eulenspiegelkino.de<\/a><\/p>\n\n<iframe width=\"1179\" height=\"663\" src=https:\/\/www.youtube.com\/embed\/ScN2RXINkm4 title=\"ANSELM \u2013 Das Rauschen der Zeit | TRAILER (deutsch)\" frameborder=\"0\" allow=\"accelerometer; autoplay; clipboard-write; encrypted-media; gyroscope; picture-in-picture; web-share\" allowfullscreen><\/iframe>","protected":false},"excerpt":{"rendered":"<p>\u00a0M\u00f6lln (pm). Das Eulenspiegelkino im Augustinum M\u00f6lln zeigt am Sonnabend, 30. M\u00e4rz, um 19.30 Uhr und am Oster-Sonntag, 31. M\u00e4rz, um 17.30 Uhr, die K\u00fcnstler-Biografie \u201eAnselm &#8211; Das Rauschen der Zeit\u201c. Wim Wenders beleuchtet das Werk des K\u00fcnstlers Anselm Kiefer und enth\u00fcllt seinen Lebensweg, seine Inspirationen, seinen kreativen Prozess und seine Faszination f\u00fcr Mythos und [&hellip;]<\/p>\n","protected":false},"author":2,"featured_media":59363,"comment_status":"closed","ping_status":"closed","sticky":false,"template":"","format":"standard","meta":{"jnews-multi-image_gallery":[],"jnews_single_post":{"subtitle":"","format":"standard","video":"","gallery":"","source_name":"","source_url":"","via_name":"","via_url":"","jpwt_enable_post_donation":"0","override_template":"0","override":[{"template":"1","single_blog_custom":"","parallax":"1","fullscreen":"1","layout":"right-sidebar","sidebar":"default-sidebar","second_sidebar":"default-sidebar","sticky_sidebar":"1","share_position":"top","share_float_style":"share-monocrhome","show_share_counter":"0","show_view_counter":"1","show_featured":"1","show_post_meta":"1","show_post_author":"1","show_post_author_image":"1","show_post_date":"1","post_date_format":"default","post_date_format_custom":"Y\/m\/d","show_post_category":"0","show_post_reading_time":"0","post_reading_time_wpm":"300","show_zoom_button":"0","zoom_button_out_step":"2","zoom_button_in_step":"3","show_post_tag":"1","show_prev_next_post":"0","show_popup_post":"1","number_popup_post":"1","show_author_box":"1","show_post_related":"1","show_inline_post_related":"0"}],"override_image_size":"0","image_override":[{"single_post_thumbnail_size":"crop-500","single_post_gallery_size":"crop-500"}],"trending_post":"0","trending_post_position":"meta","trending_post_label":"Trending","sponsored_post":"0","sponsored_post_label":"Sponsored by","sponsored_post_name":"","sponsored_post_url":"","sponsored_post_logo_enable":"0","sponsored_post_logo":"","sponsored_post_desc":"","disable_ad":"0"},"jnews_primary_category":{"id":"","hide":""},"jnews_social_meta":{"fb_title":"","fb_description":"","fb_image":"","twitter_title":"","twitter_description":"","twitter_image":""},"jnews_override_counter":{"override_view_counter":"0","view_counter_number":"0","override_share_counter":"0","share_counter_number":"0","override_like_counter":"0","like_counter_number":"0","override_dislike_counter":"0","dislike_counter_number":"0"},"jnews_post_split":{"enable_post_split":"0","post_split":[{"template":"1","tag":"h2","numbering":"asc","mode":"normal","first":"0","enable_toc":"0","toc_type":"normal"}]},"footnotes":""},"categories":[63,66],"tags":[464,3527,234,133],"class_list":["post-59362","post","type-post","status-publish","format-standard","has-post-thumbnail","hentry","category-herzogtum-lauenburg","category-moelln","tag-augustinum-moelln","tag-eulenspiegelkino","tag-kino","tag-moelln"],"_links":{"self":[{"href":"https:\/\/herzogtum-direkt.de\/index.php\/wp-json\/wp\/v2\/posts\/59362","targetHints":{"allow":["GET"]}}],"collection":[{"href":"https:\/\/herzogtum-direkt.de\/index.php\/wp-json\/wp\/v2\/posts"}],"about":[{"href":"https:\/\/herzogtum-direkt.de\/index.php\/wp-json\/wp\/v2\/types\/post"}],"author":[{"embeddable":true,"href":"https:\/\/herzogtum-direkt.de\/index.php\/wp-json\/wp\/v2\/users\/2"}],"replies":[{"embeddable":true,"href":"https:\/\/herzogtum-direkt.de\/index.php\/wp-json\/wp\/v2\/comments?post=59362"}],"version-history":[{"count":1,"href":"https:\/\/herzogtum-direkt.de\/index.php\/wp-json\/wp\/v2\/posts\/59362\/revisions"}],"predecessor-version":[{"id":59364,"href":"https:\/\/herzogtum-direkt.de\/index.php\/wp-json\/wp\/v2\/posts\/59362\/revisions\/59364"}],"wp:featuredmedia":[{"embeddable":true,"href":"https:\/\/herzogtum-direkt.de\/index.php\/wp-json\/wp\/v2\/media\/59363"}],"wp:attachment":[{"href":"https:\/\/herzogtum-direkt.de\/index.php\/wp-json\/wp\/v2\/media?parent=59362"}],"wp:term":[{"taxonomy":"category","embeddable":true,"href":"https:\/\/herzogtum-direkt.de\/index.php\/wp-json\/wp\/v2\/categories?post=59362"},{"taxonomy":"post_tag","embeddable":true,"href":"https:\/\/herzogtum-direkt.de\/index.php\/wp-json\/wp\/v2\/tags?post=59362"}],"curies":[{"name":"wp","href":"https:\/\/api.w.org\/{rel}","templated":true}]}}