{"id":59262,"date":"2024-03-22T09:30:17","date_gmt":"2024-03-22T07:30:17","guid":{"rendered":"https:\/\/herzogtum-direkt.de\/?p=59262"},"modified":"2024-03-22T09:30:19","modified_gmt":"2024-03-22T07:30:19","slug":"erste-kunstausstellung-von-schuelerinnen","status":"publish","type":"post","link":"https:\/\/herzogtum-direkt.de\/index.php\/2024\/03\/22\/erste-kunstausstellung-von-schuelerinnen\/","title":{"rendered":"Erste Kunstausstellung von Sch\u00fclerInnen"},"content":{"rendered":"\n<p><strong>M\u00f6lln\/Ratzeburg (pm\/gb).<\/strong> Der Wahlpflichtkurs 7 Kunst und einzelne Sch\u00fcler der Klassenstufe 8 der Gemeinschaftsschule Lauenburgische Seen in Ratzeburg veranstalten ihre erste Kunstausstellung. Am Dienstag, 26. M\u00e4rz 2024 in der Zeit von 15 Uhr bis 17 Uhr laden die jungen K\u00fcnstlerInnen in das Caf\u00e9 Uhlenkolk im Waldhallenweg 11 zur Vernissage ein. Auch nach diesem Tag k\u00f6nnen viele der Werke im Caf\u00e9 angesehen werden.<\/p>\n\n\n\n<p>Gezeigt werden verschiedene Arbeitstechniken, die erkennen lassen, wie viel Freude die jungen Menschen an ihrem k\u00fcnstlerischen Tun haben. Zentangle, 3D-Bilder, Pop-up-Grafitti, Schwarzlichtkunst, Laminierk\u00f6pfe\u2026sind die Medien, mit denen sie die K\u00fcnstlerInnen vertraut gemacht haben. \u201eWir haben mit fluoreszierenden Farben gearbeitet, laminiert, Formen aus Ton erstellt f\u00fcr unsere 3D- Tierbilder, Zentangle gezeichnet und Pop-up Graffitis entwickelt\u201c, berichtet Nadine Knoll, die Leiterin des Projektes.<\/p>\n\n\n\n<figure class=\"wp-block-gallery has-nested-images columns-default is-cropped wp-block-gallery-1 is-layout-flex wp-block-gallery-is-layout-flex\">\n<figure class=\"wp-block-image size-large\"><img fetchpriority=\"high\" decoding=\"async\" width=\"1000\" height=\"750\" data-id=\"59263\" src=\"https:\/\/herzogtum-direkt.de\/wp-content\/uploads\/2024\/03\/Kunstkurs-GLS-Schuelerin-bei-der-Arbeit-FotoHfr.jpg\" alt=\"\" class=\"wp-image-59263\" srcset=\"https:\/\/herzogtum-direkt.de\/wp-content\/uploads\/2024\/03\/Kunstkurs-GLS-Schuelerin-bei-der-Arbeit-FotoHfr.jpg 1000w, https:\/\/herzogtum-direkt.de\/wp-content\/uploads\/2024\/03\/Kunstkurs-GLS-Schuelerin-bei-der-Arbeit-FotoHfr-300x225.jpg 300w, https:\/\/herzogtum-direkt.de\/wp-content\/uploads\/2024\/03\/Kunstkurs-GLS-Schuelerin-bei-der-Arbeit-FotoHfr-768x576.jpg 768w, https:\/\/herzogtum-direkt.de\/wp-content\/uploads\/2024\/03\/Kunstkurs-GLS-Schuelerin-bei-der-Arbeit-FotoHfr-750x563.jpg 750w\" sizes=\"(max-width: 1000px) 100vw, 1000px\" \/><figcaption class=\"wp-element-caption\">Teilnehmer des Kunstkurses der GLS. Foto: hfr<\/figcaption><\/figure>\n\n\n\n<figure class=\"wp-block-image size-large\"><img decoding=\"async\" width=\"1000\" height=\"750\" data-id=\"59264\" src=\"https:\/\/herzogtum-direkt.de\/wp-content\/uploads\/2024\/03\/SchuelerInnen-GLS-Ratzeburg-Kunstunterricht-2024-hfr.jpg\" alt=\"\" class=\"wp-image-59264\" srcset=\"https:\/\/herzogtum-direkt.de\/wp-content\/uploads\/2024\/03\/SchuelerInnen-GLS-Ratzeburg-Kunstunterricht-2024-hfr.jpg 1000w, https:\/\/herzogtum-direkt.de\/wp-content\/uploads\/2024\/03\/SchuelerInnen-GLS-Ratzeburg-Kunstunterricht-2024-hfr-300x225.jpg 300w, https:\/\/herzogtum-direkt.de\/wp-content\/uploads\/2024\/03\/SchuelerInnen-GLS-Ratzeburg-Kunstunterricht-2024-hfr-768x576.jpg 768w, https:\/\/herzogtum-direkt.de\/wp-content\/uploads\/2024\/03\/SchuelerInnen-GLS-Ratzeburg-Kunstunterricht-2024-hfr-750x563.jpg 750w\" sizes=\"(max-width: 1000px) 100vw, 1000px\" \/><figcaption class=\"wp-element-caption\">Der Kunstkurs der GLS bei der Arbeit. Foto: hfr<\/figcaption><\/figure>\n<\/figure>\n\n\n\n<p>\u201eFreude ist das, was wir euch mit unseren Werken vermitteln wollen\u201c, sagen die K\u00fcnstlerInnen. \u201eWir freuen uns auf euch!\u201c Leckere Speisen und Getr\u00e4nke sind wie gewohnt im Uhlenkolk Caf\u00e9 k\u00e4uflich zu erwerben.<\/p>\n","protected":false},"excerpt":{"rendered":"<p>M\u00f6lln\/Ratzeburg (pm\/gb). Der Wahlpflichtkurs 7 Kunst und einzelne Sch\u00fcler der Klassenstufe 8 der Gemeinschaftsschule Lauenburgische Seen in Ratzeburg veranstalten ihre erste Kunstausstellung. Am Dienstag, 26. M\u00e4rz 2024 in der Zeit von 15 Uhr bis 17 Uhr laden die jungen K\u00fcnstlerInnen in das Caf\u00e9 Uhlenkolk im Waldhallenweg 11 zur Vernissage ein. Auch nach diesem Tag k\u00f6nnen [&hellip;]<\/p>\n","protected":false},"author":49,"featured_media":59265,"comment_status":"closed","ping_status":"closed","sticky":false,"template":"","format":"standard","meta":{"jnews-multi-image_gallery":[],"jnews_single_post":{"subtitle":"Zentangle, 3D-Bilder, Pop-up-Grafitti, Schwarzlichtkunst, Laminierk\u00f6pfe\u2026","format":"standard","video":"","gallery":"","source_name":"","source_url":"","via_name":"","via_url":"","jpwt_enable_post_donation":"0","override_template":"0","override":[{"template":"1","single_blog_custom":"","parallax":"1","fullscreen":"1","layout":"right-sidebar","sidebar":"default-sidebar","second_sidebar":"default-sidebar","sticky_sidebar":"1","share_position":"top","share_float_style":"share-monocrhome","show_share_counter":"0","show_view_counter":"1","show_featured":"1","show_post_meta":"1","show_post_author":"1","show_post_author_image":"1","show_post_date":"1","post_date_format":"default","post_date_format_custom":"Y\/m\/d","show_post_category":"0","show_post_reading_time":"0","post_reading_time_wpm":"300","show_zoom_button":"0","zoom_button_out_step":"2","zoom_button_in_step":"3","show_post_tag":"1","show_prev_next_post":"0","show_popup_post":"1","number_popup_post":"1","show_author_box":"1","show_post_related":"1","show_inline_post_related":"0"}],"override_image_size":"0","image_override":[{"single_post_thumbnail_size":"crop-500","single_post_gallery_size":"crop-500"}],"trending_post":"0","trending_post_position":"meta","trending_post_label":"Trending","sponsored_post":"0","sponsored_post_label":"Sponsored by","sponsored_post_name":"","sponsored_post_url":"","sponsored_post_logo_enable":"0","sponsored_post_logo":"","sponsored_post_desc":"","disable_ad":"0"},"jnews_primary_category":{"id":"","hide":""},"jnews_social_meta":{"fb_title":"","fb_description":"","fb_image":"","twitter_title":"","twitter_description":"","twitter_image":""},"jnews_override_counter":{"override_view_counter":"0","view_counter_number":"0","override_share_counter":"0","share_counter_number":"0","override_like_counter":"0","like_counter_number":"0","override_dislike_counter":"0","dislike_counter_number":"0"},"jnews_post_split":{"enable_post_split":"0","post_split":[{"template":"1","tag":"h2","numbering":"asc","mode":"normal","first":"0","enable_toc":"0","toc_type":"normal"}]},"footnotes":""},"categories":[63,74,66],"tags":[1180,1129,1073,133,114,263],"class_list":["post-59262","post","type-post","status-publish","format-standard","has-post-thumbnail","hentry","category-herzogtum-lauenburg","category-jugend-direkt","category-moelln","tag-ausstellung","tag-gemeinschaftsschule-lauenburgische-seen","tag-kunst","tag-moelln","tag-ratzeburg","tag-uhlenkolk"],"_links":{"self":[{"href":"https:\/\/herzogtum-direkt.de\/index.php\/wp-json\/wp\/v2\/posts\/59262","targetHints":{"allow":["GET"]}}],"collection":[{"href":"https:\/\/herzogtum-direkt.de\/index.php\/wp-json\/wp\/v2\/posts"}],"about":[{"href":"https:\/\/herzogtum-direkt.de\/index.php\/wp-json\/wp\/v2\/types\/post"}],"author":[{"embeddable":true,"href":"https:\/\/herzogtum-direkt.de\/index.php\/wp-json\/wp\/v2\/users\/49"}],"replies":[{"embeddable":true,"href":"https:\/\/herzogtum-direkt.de\/index.php\/wp-json\/wp\/v2\/comments?post=59262"}],"version-history":[{"count":1,"href":"https:\/\/herzogtum-direkt.de\/index.php\/wp-json\/wp\/v2\/posts\/59262\/revisions"}],"predecessor-version":[{"id":59266,"href":"https:\/\/herzogtum-direkt.de\/index.php\/wp-json\/wp\/v2\/posts\/59262\/revisions\/59266"}],"wp:featuredmedia":[{"embeddable":true,"href":"https:\/\/herzogtum-direkt.de\/index.php\/wp-json\/wp\/v2\/media\/59265"}],"wp:attachment":[{"href":"https:\/\/herzogtum-direkt.de\/index.php\/wp-json\/wp\/v2\/media?parent=59262"}],"wp:term":[{"taxonomy":"category","embeddable":true,"href":"https:\/\/herzogtum-direkt.de\/index.php\/wp-json\/wp\/v2\/categories?post=59262"},{"taxonomy":"post_tag","embeddable":true,"href":"https:\/\/herzogtum-direkt.de\/index.php\/wp-json\/wp\/v2\/tags?post=59262"}],"curies":[{"name":"wp","href":"https:\/\/api.w.org\/{rel}","templated":true}]}}