{"id":59252,"date":"2024-03-21T12:32:18","date_gmt":"2024-03-21T10:32:18","guid":{"rendered":"https:\/\/herzogtum-direkt.de\/?p=59252"},"modified":"2024-03-21T12:32:22","modified_gmt":"2024-03-21T10:32:22","slug":"getraenke-und-speisenverkauf-im-ratzeburger-kurpark","status":"publish","type":"post","link":"https:\/\/herzogtum-direkt.de\/index.php\/2024\/03\/21\/getraenke-und-speisenverkauf-im-ratzeburger-kurpark\/","title":{"rendered":"Getr\u00e4nke- und Speisenverkauf im Ratzeburger Kurpark"},"content":{"rendered":"\n<p><strong>Ratzeburg (pm).<\/strong> Die Gr\u00fcne Fraktion in der Ratzeburger Stadtvertretung setzt sich f\u00fcr eine L\u00f6sung zur Verbesserung der Versorgungssituation im beliebten Kurpark ein. Angesichts der aktuellen Herausforderungen haben die<a href=\"https:\/\/herzogtum-direkt.de\/wp-content\/uploads\/2024\/03\/Lizenzvergabe-fuer-eine-mobile-Versorgungseinrichtung-im-Kurpark.pdf\" target=\"_blank\" rel=\"noreferrer noopener\"> Gr\u00fcnen einen Antrag<\/a> f\u00fcr den Ausschuss f\u00fcr Wirtschaft, Tourismus und Stadtmarketing eingereicht, der die Lizenzvergabe f\u00fcr eine mobile Versorgungseinrichtung im Kurpark vorsieht.<\/p>\n\n\n\n<p>Der Vorsitzende der Gr\u00fcnen Fraktion, Robert Wlodarczyk, erkl\u00e4rt dazu: &#8222;Trotz der Bedeutung des Kurparks mangelt es an einer Versorgung mit Getr\u00e4nken und Speisen. Um die Attraktivit\u00e4t des Kurparks sowohl f\u00fcr die Touristinnen und Touristen, als auch f\u00fcr die Ratzeburgerinnen und Ratzeburger zu steigern, m\u00f6chten wir diesem Engpass nun entgegenwirken. Dies m\u00f6glichst Fl\u00e4chenschonend, weswegen wir nun eine mobile L\u00f6sung ins Gespr\u00e4ch bringen.&#8220;<\/p>\n\n\n\n<p>Die geplante mobile Versorgungseinrichtung soll zwischen der Br\u00fccke am Schwanenteich und dem Aqua Siwa platziert werden und beispielsweise Getr\u00e4nke, Geb\u00e4ck oder warme Speisen bereitstellen. Dies w\u00fcrde nicht nur die Attraktivit\u00e4t des Kurparks steigern, sondern auch lokale Anbieter unterst\u00fctzen und zus\u00e4tzliche Einnahmen f\u00fcr die Stadt generieren. &#8222;Wir suchen nach pragmatischen L\u00f6sungen, um die Lebensqualit\u00e4t in Ratzeburg zu verbessern und gleichzeitig die lokale Wirtschaft zu st\u00e4rken. Eine mobile Versorgungseinrichtung im Kurpark ist ein wichtiger Schritt in diese Richtung.&#8220;, so Wlodarczyk weiter.<\/p>\n\n\n\n<p>Die Gr\u00fcne Fraktion l\u00e4dt alle B\u00fcrgerinnen und B\u00fcrger dazu ein, die Diskussion im Ratssaal des Ratzeburger Rathauses mitzuverfolgen. Der Antrag wird am Mittwoch, 27. M\u00e4rz 2024 ab 18.30 Uhr im Ausschuss f\u00fcr Wirtschaft, Tourismus und Stadtmarketing behandelt.<\/p>\n","protected":false},"excerpt":{"rendered":"<p>Ratzeburg (pm). Die Gr\u00fcne Fraktion in der Ratzeburger Stadtvertretung setzt sich f\u00fcr eine L\u00f6sung zur Verbesserung der Versorgungssituation im beliebten Kurpark ein. Angesichts der aktuellen Herausforderungen haben die Gr\u00fcnen einen Antrag f\u00fcr den Ausschuss f\u00fcr Wirtschaft, Tourismus und Stadtmarketing eingereicht, der die Lizenzvergabe f\u00fcr eine mobile Versorgungseinrichtung im Kurpark vorsieht. Der Vorsitzende der Gr\u00fcnen Fraktion, [&hellip;]<\/p>\n","protected":false},"author":2,"featured_media":59254,"comment_status":"closed","ping_status":"closed","sticky":false,"template":"","format":"standard","meta":{"jnews-multi-image_gallery":[],"jnews_single_post":{"subtitle":"","format":"standard","video":"","gallery":"","source_name":"","source_url":"","via_name":"","via_url":"","jpwt_enable_post_donation":"0","override_template":"0","override":[{"template":"1","single_blog_custom":"","parallax":"1","fullscreen":"1","layout":"right-sidebar","sidebar":"default-sidebar","second_sidebar":"default-sidebar","sticky_sidebar":"1","share_position":"top","share_float_style":"share-monocrhome","show_share_counter":"0","show_view_counter":"1","show_featured":"1","show_post_meta":"1","show_post_author":"1","show_post_author_image":"1","show_post_date":"1","post_date_format":"default","post_date_format_custom":"Y\/m\/d","show_post_category":"0","show_post_reading_time":"0","post_reading_time_wpm":"300","show_zoom_button":"0","zoom_button_out_step":"2","zoom_button_in_step":"3","show_post_tag":"1","show_prev_next_post":"0","show_popup_post":"1","number_popup_post":"1","show_author_box":"1","show_post_related":"1","show_inline_post_related":"0"}],"override_image_size":"0","image_override":[{"single_post_thumbnail_size":"crop-500","single_post_gallery_size":"crop-500"}],"trending_post":"0","trending_post_position":"meta","trending_post_label":"Trending","sponsored_post":"0","sponsored_post_label":"Sponsored by","sponsored_post_name":"","sponsored_post_url":"","sponsored_post_logo_enable":"0","sponsored_post_logo":"","sponsored_post_desc":"","disable_ad":"0"},"jnews_primary_category":{"id":"","hide":""},"jnews_social_meta":{"fb_title":"","fb_description":"","fb_image":"","twitter_title":"","twitter_description":"","twitter_image":""},"jnews_override_counter":{"override_view_counter":"0","view_counter_number":"0","override_share_counter":"0","share_counter_number":"0","override_like_counter":"0","like_counter_number":"0","override_dislike_counter":"0","dislike_counter_number":"0"},"jnews_post_split":{"enable_post_split":"0","post_split":[{"template":"1","tag":"h2","numbering":"asc","mode":"normal","first":"0","enable_toc":"0","toc_type":"normal"}]},"footnotes":""},"categories":[63,64],"tags":[3210,2231,2290,114,703],"class_list":["post-59252","post","type-post","status-publish","format-standard","has-post-thumbnail","hentry","category-herzogtum-lauenburg","category-ratzeburg","tag-gruene-ratzeburg","tag-kommunalpolitik","tag-kurpark","tag-ratzeburg","tag-tourismus"],"_links":{"self":[{"href":"https:\/\/herzogtum-direkt.de\/index.php\/wp-json\/wp\/v2\/posts\/59252","targetHints":{"allow":["GET"]}}],"collection":[{"href":"https:\/\/herzogtum-direkt.de\/index.php\/wp-json\/wp\/v2\/posts"}],"about":[{"href":"https:\/\/herzogtum-direkt.de\/index.php\/wp-json\/wp\/v2\/types\/post"}],"author":[{"embeddable":true,"href":"https:\/\/herzogtum-direkt.de\/index.php\/wp-json\/wp\/v2\/users\/2"}],"replies":[{"embeddable":true,"href":"https:\/\/herzogtum-direkt.de\/index.php\/wp-json\/wp\/v2\/comments?post=59252"}],"version-history":[{"count":1,"href":"https:\/\/herzogtum-direkt.de\/index.php\/wp-json\/wp\/v2\/posts\/59252\/revisions"}],"predecessor-version":[{"id":59255,"href":"https:\/\/herzogtum-direkt.de\/index.php\/wp-json\/wp\/v2\/posts\/59252\/revisions\/59255"}],"wp:featuredmedia":[{"embeddable":true,"href":"https:\/\/herzogtum-direkt.de\/index.php\/wp-json\/wp\/v2\/media\/59254"}],"wp:attachment":[{"href":"https:\/\/herzogtum-direkt.de\/index.php\/wp-json\/wp\/v2\/media?parent=59252"}],"wp:term":[{"taxonomy":"category","embeddable":true,"href":"https:\/\/herzogtum-direkt.de\/index.php\/wp-json\/wp\/v2\/categories?post=59252"},{"taxonomy":"post_tag","embeddable":true,"href":"https:\/\/herzogtum-direkt.de\/index.php\/wp-json\/wp\/v2\/tags?post=59252"}],"curies":[{"name":"wp","href":"https:\/\/api.w.org\/{rel}","templated":true}]}}