{"id":58827,"date":"2024-03-08T10:08:07","date_gmt":"2024-03-08T08:08:07","guid":{"rendered":"https:\/\/herzogtum-direkt.de\/?p=58827"},"modified":"2024-03-08T10:08:09","modified_gmt":"2024-03-08T08:08:09","slug":"jugendvereine-und-jugendverbaende-als-werkstaetten-der-demokratie","status":"publish","type":"post","link":"https:\/\/herzogtum-direkt.de\/index.php\/2024\/03\/08\/jugendvereine-und-jugendverbaende-als-werkstaetten-der-demokratie\/","title":{"rendered":"\u201eJugendvereine und Jugendverb\u00e4nde als Werkst\u00e4tten der Demokratie\u201c"},"content":{"rendered":"\n<p><strong>M\u00f6lln\/Breitenfelde (pm).<\/strong> \u201eJugendvereine und Jugendverb\u00e4nde als Werkst\u00e4tten der Demokratie\u201c ist der Titel einer Abendveranstaltung des Kreisjugendring (KJR) am Montag, 25. M\u00e4rz ab 18 Uhr in Breitenfelde. Junge Menschen erleben in Vereinen und Jugendgruppen oft erstmals demokratische Strukturen. Sie k\u00f6nnen mitgestalten, sich einbringen und Verantwortung f\u00fcr sich und andere \u00fcbernehmen. <\/p>\n\n\n\n<p>Wie aber wird dies in den Vereinen gelebt? Wirken zudem Jugendliche in Vereinen und Verb\u00e4nden und ihre Jugendvorst\u00e4nde auch in ihre Gemeinde und Kommune? Die Medical School Hamburg hat unter dem Titel \u201eDemoPark\u201c hierzu geforscht. Der KJR l\u00e4dt Vertreter und Vertreterinnen aus den Jugendvereinen und Jugendverb\u00e4nden ein anhand der Ergebnisse des Forschungsprojekts \u00fcber das Selbstverst\u00e4ndnis von Jugendvereinen und -verb\u00e4nden als Werkst\u00e4tten der Demokratie ins Gespr\u00e4ch zu kommen. Dar\u00fcber hinaus geht es um die Frage, wie \u00fcber den Verein oder die Jugendgruppe hinaus junge Menschen in die Gemeinde wirken und diese mitgestalten k\u00f6nnen.<\/p>\n\n\n\n<p>Um Anmeldung wird m\u00f6glichst bis zum Freitag, 15. M\u00e4rz beim KJR per Mail an info@kjr-herzogtum-lauenburg.de oder unter der Telefonnummer 04542-843784 gebeten.<\/p>\n","protected":false},"excerpt":{"rendered":"<p>M\u00f6lln\/Breitenfelde (pm). \u201eJugendvereine und Jugendverb\u00e4nde als Werkst\u00e4tten der Demokratie\u201c ist der Titel einer Abendveranstaltung des Kreisjugendring (KJR) am Montag, 25. M\u00e4rz ab 18 Uhr in Breitenfelde. Junge Menschen erleben in Vereinen und Jugendgruppen oft erstmals demokratische Strukturen. Sie k\u00f6nnen mitgestalten, sich einbringen und Verantwortung f\u00fcr sich und andere \u00fcbernehmen. Wie aber wird dies in den [&hellip;]<\/p>\n","protected":false},"author":2,"featured_media":39363,"comment_status":"closed","ping_status":"closed","sticky":false,"template":"","format":"standard","meta":{"jnews-multi-image_gallery":[],"jnews_single_post":{"subtitle":"Kreisjugendring l\u00e4dt Vertreter aus den Jugendvereinen und Jugendverb\u00e4nden ein","format":"standard","video":"","gallery":"","source_name":"","source_url":"","via_name":"","via_url":"","jpwt_enable_post_donation":"0","override_template":"0","override":[{"template":"1","single_blog_custom":"","parallax":"1","fullscreen":"1","layout":"right-sidebar","sidebar":"default-sidebar","second_sidebar":"default-sidebar","sticky_sidebar":"1","share_position":"top","share_float_style":"share-monocrhome","show_share_counter":"0","show_view_counter":"1","show_featured":"1","show_post_meta":"1","show_post_author":"1","show_post_author_image":"1","show_post_date":"1","post_date_format":"default","post_date_format_custom":"Y\/m\/d","show_post_category":"0","show_post_reading_time":"0","post_reading_time_wpm":"300","show_zoom_button":"0","zoom_button_out_step":"2","zoom_button_in_step":"3","show_post_tag":"1","show_prev_next_post":"0","show_popup_post":"1","number_popup_post":"1","show_author_box":"1","show_post_related":"1","show_inline_post_related":"0"}],"override_image_size":"0","image_override":[{"single_post_thumbnail_size":"crop-500","single_post_gallery_size":"crop-500"}],"trending_post":"0","trending_post_position":"meta","trending_post_label":"Trending","sponsored_post":"0","sponsored_post_label":"Sponsored by","sponsored_post_name":"","sponsored_post_url":"","sponsored_post_logo_enable":"0","sponsored_post_logo":"","sponsored_post_desc":"","disable_ad":"0"},"jnews_primary_category":{"id":"","hide":""},"jnews_social_meta":{"fb_title":"","fb_description":"","fb_image":"","twitter_title":"","twitter_description":"","twitter_image":""},"jnews_override_counter":{"override_view_counter":"0","view_counter_number":"0","override_share_counter":"0","share_counter_number":"0","override_like_counter":"0","like_counter_number":"0","override_dislike_counter":"0","dislike_counter_number":"0"},"jnews_post_split":{"enable_post_split":"0","post_split":[{"template":"1","tag":"h2","numbering":"asc","mode":"normal","first":"0","enable_toc":"0","toc_type":"normal"}]},"footnotes":""},"categories":[63,74,66],"tags":[399,3468,121,226,3329],"class_list":["post-58827","post","type-post","status-publish","format-standard","has-post-thumbnail","hentry","category-herzogtum-lauenburg","category-jugend-direkt","category-moelln","tag-breitenfelde","tag-informationsveranstaltung","tag-jugend","tag-kreisjugendring","tag-veranstaltung"],"_links":{"self":[{"href":"https:\/\/herzogtum-direkt.de\/index.php\/wp-json\/wp\/v2\/posts\/58827","targetHints":{"allow":["GET"]}}],"collection":[{"href":"https:\/\/herzogtum-direkt.de\/index.php\/wp-json\/wp\/v2\/posts"}],"about":[{"href":"https:\/\/herzogtum-direkt.de\/index.php\/wp-json\/wp\/v2\/types\/post"}],"author":[{"embeddable":true,"href":"https:\/\/herzogtum-direkt.de\/index.php\/wp-json\/wp\/v2\/users\/2"}],"replies":[{"embeddable":true,"href":"https:\/\/herzogtum-direkt.de\/index.php\/wp-json\/wp\/v2\/comments?post=58827"}],"version-history":[{"count":1,"href":"https:\/\/herzogtum-direkt.de\/index.php\/wp-json\/wp\/v2\/posts\/58827\/revisions"}],"predecessor-version":[{"id":58828,"href":"https:\/\/herzogtum-direkt.de\/index.php\/wp-json\/wp\/v2\/posts\/58827\/revisions\/58828"}],"wp:featuredmedia":[{"embeddable":true,"href":"https:\/\/herzogtum-direkt.de\/index.php\/wp-json\/wp\/v2\/media\/39363"}],"wp:attachment":[{"href":"https:\/\/herzogtum-direkt.de\/index.php\/wp-json\/wp\/v2\/media?parent=58827"}],"wp:term":[{"taxonomy":"category","embeddable":true,"href":"https:\/\/herzogtum-direkt.de\/index.php\/wp-json\/wp\/v2\/categories?post=58827"},{"taxonomy":"post_tag","embeddable":true,"href":"https:\/\/herzogtum-direkt.de\/index.php\/wp-json\/wp\/v2\/tags?post=58827"}],"curies":[{"name":"wp","href":"https:\/\/api.w.org\/{rel}","templated":true}]}}