{"id":58549,"date":"2024-02-29T06:13:00","date_gmt":"2024-02-29T04:13:00","guid":{"rendered":"https:\/\/herzogtum-direkt.de\/?p=58549"},"modified":"2024-02-28T10:14:50","modified_gmt":"2024-02-28T08:14:50","slug":"starke-kids-beim-vfl-geesthacht","status":"publish","type":"post","link":"https:\/\/herzogtum-direkt.de\/index.php\/2024\/02\/29\/starke-kids-beim-vfl-geesthacht\/","title":{"rendered":"Starke Kids beim VfL Geesthacht"},"content":{"rendered":"\n<p><strong>Geesthacht (pm).<\/strong> \u201eSei stark, mutig und du selbst\u201c, hei\u00dft es im neuen Angebot f\u00fcr Kinder beim VfL Geesthacht. Gemeinsam mit Jennifer Kulke, Selbstbehauptungs- und Resilienztrainerin, bietet der VfL Geesthacht ab M\u00e4rz zweit\u00e4gige Selbstbehauptungsworkshops f\u00fcr Kids an.<\/p>\n\n\n\n<p>In den altersgerechten Workshops wird spielerisch, anschaulich und angstfrei vermittelt, wie sich Kinder mit der richtigen K\u00f6rpersprache, Stimme und einer selbstbewussten Ausstrahlung behaupten k\u00f6nnen. Es gilt Gef\u00fchle zu erkennen, Grenzen zu setzen und klare Kommunikation zu \u00fcben. Gezielte, individuelle F\u00f6rderung unterst\u00fctzt das sichere, nachhaltige Aufwachsen. Der Workshop f\u00fcr 5\u20137-J\u00e4hrige findet am Sonnabend, 9. M\u00e4rz und Sonntag, 10. M\u00e4rz 2024 jeweils von 10 bis 12 Uhr statt. Der Workshop f\u00fcr 8 bis 11-J\u00e4hrige jeweils von 13 Uhr bis 15 Uhr.<\/p>\n\n\n\n<p>Nach den Workshops beginnen zehnw\u00f6chige Kurse, in denen die Kinder lernen, wie sie in belastenden Situationen handlungsf\u00e4hig bleiben und wie sie ihre innere St\u00e4rke aktivieren k\u00f6nnen. Die Kurse unterst\u00fctzen bei ihrer Entwicklung und f\u00f6rdern Selbstbehauptung und Resilienz. Weitere Informationen zu Inhalt und Teilnahmegeb\u00fchren sowie Anmeldungen erhalten Interessierte \u00fcber die Sportzentrale des VfL Geesthacht via E-Mail an info@vfl-geesthacht.de oder unter der Telefonnummer 04152\/9314010.<\/p>\n","protected":false},"excerpt":{"rendered":"<p>Geesthacht (pm). \u201eSei stark, mutig und du selbst\u201c, hei\u00dft es im neuen Angebot f\u00fcr Kinder beim VfL Geesthacht. Gemeinsam mit Jennifer Kulke, Selbstbehauptungs- und Resilienztrainerin, bietet der VfL Geesthacht ab M\u00e4rz zweit\u00e4gige Selbstbehauptungsworkshops f\u00fcr Kids an. In den altersgerechten Workshops wird spielerisch, anschaulich und angstfrei vermittelt, wie sich Kinder mit der richtigen K\u00f6rpersprache, Stimme und [&hellip;]<\/p>\n","protected":false},"author":2,"featured_media":45165,"comment_status":"closed","ping_status":"closed","sticky":false,"template":"","format":"standard","meta":{"jnews-multi-image_gallery":[],"jnews_single_post":{"subtitle":"","format":"standard","video":"","gallery":"","source_name":"","source_url":"","via_name":"","via_url":"","jpwt_enable_post_donation":"0","override_template":"0","override":[{"template":"1","single_blog_custom":"","parallax":"1","fullscreen":"1","layout":"right-sidebar","sidebar":"default-sidebar","second_sidebar":"default-sidebar","sticky_sidebar":"1","share_position":"top","share_float_style":"share-monocrhome","show_share_counter":"0","show_view_counter":"1","show_featured":"1","show_post_meta":"1","show_post_author":"1","show_post_author_image":"1","show_post_date":"1","post_date_format":"default","post_date_format_custom":"Y\/m\/d","show_post_category":"0","show_post_reading_time":"0","post_reading_time_wpm":"300","show_zoom_button":"0","zoom_button_out_step":"2","zoom_button_in_step":"3","show_post_tag":"1","show_prev_next_post":"0","show_popup_post":"1","number_popup_post":"1","show_author_box":"1","show_post_related":"1","show_inline_post_related":"0"}],"override_image_size":"0","image_override":[{"single_post_thumbnail_size":"crop-500","single_post_gallery_size":"crop-500"}],"trending_post":"0","trending_post_position":"meta","trending_post_label":"Trending","sponsored_post":"0","sponsored_post_label":"Sponsored by","sponsored_post_name":"","sponsored_post_url":"","sponsored_post_logo_enable":"0","sponsored_post_logo":"","sponsored_post_desc":"","disable_ad":"0"},"jnews_primary_category":{"id":"","hide":""},"jnews_social_meta":{"fb_title":"","fb_description":"","fb_image":"","twitter_title":"","twitter_description":"","twitter_image":""},"jnews_override_counter":{"override_view_counter":"0","view_counter_number":"0","override_share_counter":"0","share_counter_number":"0","override_like_counter":"0","like_counter_number":"0","override_dislike_counter":"0","dislike_counter_number":"0"},"jnews_post_split":{"enable_post_split":"0","post_split":[{"template":"1","tag":"h2","numbering":"asc","mode":"normal","first":"0","enable_toc":"0","toc_type":"normal"}]},"footnotes":""},"categories":[2625,63,71],"tags":[249,121,3266,2147,3365],"class_list":["post-58549","post","type-post","status-publish","format-standard","has-post-thumbnail","hentry","category-geesthacht","category-herzogtum-lauenburg","category-sport","tag-geesthacht","tag-jugend","tag-kinder","tag-vfl-geesthacht","tag-workshop"],"_links":{"self":[{"href":"https:\/\/herzogtum-direkt.de\/index.php\/wp-json\/wp\/v2\/posts\/58549","targetHints":{"allow":["GET"]}}],"collection":[{"href":"https:\/\/herzogtum-direkt.de\/index.php\/wp-json\/wp\/v2\/posts"}],"about":[{"href":"https:\/\/herzogtum-direkt.de\/index.php\/wp-json\/wp\/v2\/types\/post"}],"author":[{"embeddable":true,"href":"https:\/\/herzogtum-direkt.de\/index.php\/wp-json\/wp\/v2\/users\/2"}],"replies":[{"embeddable":true,"href":"https:\/\/herzogtum-direkt.de\/index.php\/wp-json\/wp\/v2\/comments?post=58549"}],"version-history":[{"count":1,"href":"https:\/\/herzogtum-direkt.de\/index.php\/wp-json\/wp\/v2\/posts\/58549\/revisions"}],"predecessor-version":[{"id":58550,"href":"https:\/\/herzogtum-direkt.de\/index.php\/wp-json\/wp\/v2\/posts\/58549\/revisions\/58550"}],"wp:featuredmedia":[{"embeddable":true,"href":"https:\/\/herzogtum-direkt.de\/index.php\/wp-json\/wp\/v2\/media\/45165"}],"wp:attachment":[{"href":"https:\/\/herzogtum-direkt.de\/index.php\/wp-json\/wp\/v2\/media?parent=58549"}],"wp:term":[{"taxonomy":"category","embeddable":true,"href":"https:\/\/herzogtum-direkt.de\/index.php\/wp-json\/wp\/v2\/categories?post=58549"},{"taxonomy":"post_tag","embeddable":true,"href":"https:\/\/herzogtum-direkt.de\/index.php\/wp-json\/wp\/v2\/tags?post=58549"}],"curies":[{"name":"wp","href":"https:\/\/api.w.org\/{rel}","templated":true}]}}