{"id":58429,"date":"2024-02-24T06:14:00","date_gmt":"2024-02-24T04:14:00","guid":{"rendered":"https:\/\/herzogtum-direkt.de\/?p=58429"},"modified":"2024-02-23T11:21:25","modified_gmt":"2024-02-23T09:21:25","slug":"beschluss-ueber-ferienbetreuung-an-foerderschulen-verschoben","status":"publish","type":"post","link":"https:\/\/herzogtum-direkt.de\/index.php\/2024\/02\/24\/beschluss-ueber-ferienbetreuung-an-foerderschulen-verschoben\/","title":{"rendered":"Beschluss \u00fcber Ferienbetreuung an F\u00f6rderschulen verschoben"},"content":{"rendered":"\n<p><strong>Herzogtum Lauenburg (pm).<\/strong> Die FDP bedauert, dass der Beschluss \u00fcber Ferienbetreuung f\u00fcr Sch\u00fclerinnen und Sch\u00fcler der F\u00f6rderschulen in Geestacht und M\u00f6lln erneut verschoben wurde. In der Sitzung des Ausschusses f\u00fcr Soziales, Bildung und Kultur (22. Februar 2024) war erneut die Einf\u00fchrung und F\u00f6rderung der Ferienbetreuung f\u00fcr Sch\u00fclerinnen und Sch\u00fcler der Hachede-Schule sowie der Steinfeldschule Thema. In drei Antr\u00e4gen mit \u00e4hnlicher Zielrichtung forderten die Fraktionen der FDP, der SPD und der Freien W\u00e4hler eine dreiw\u00f6chige Ferienbetreuung f\u00fcr die Sch\u00fclerinnen und Sch\u00fcler der beiden F\u00f6rderschulen. Die Abgeordneten von CDU und den Gr\u00fcnen lehnten dies mit unterschiedlichen Begr\u00fcndungen ab. Der politische Wille der beiden Mehrheitsfraktionen, eine Ferienbetreuung f\u00fcr die F\u00f6rdersch\u00fcler und F\u00f6rdersch\u00fclerinnen zu f\u00f6rdern, war nicht gegeben.<\/p>\n\n\n\n<p>\u201eHerr Blanke, Fachdienstleiter Kinderbetreuung f\u00fchrte aus, dass nicht an jeder Schule aber in nahezu jedem Ort im Kreis eine Ferienbetreuung f\u00fcr Sch\u00fclerinnen und Sch\u00fcler der Grundschulen angeboten wird\u201c, berichtete die Fraktion der FDP. Da diese Angebote von den Sch\u00fclerinnen und Sch\u00fclern der beiden F\u00f6rderschulen auf Grund ihres Handicaps nicht genutzt werden k\u00f6nnen, ist ein spezielles Angebot f\u00fcr diese Sch\u00fcler erforderlich. Deswegen hatten die drei Fraktionen ihre Antr\u00e4ge gestellt.<\/p>\n\n\n\n<p>\u201eDie voraussichtlichen Kosten f\u00fcr die Bef\u00f6rderung wurden von Herrn Yomi, Fachbereichsleiter f\u00fcr \u00d6PNV und Sch\u00fclerbef\u00f6rderung, dargestellt. Er wies darauf hin, dass eine exakte Darstellung nicht m\u00f6glich sei, da nicht vorherzusehen sei, wie viele Sch\u00fclerinnen und Sch\u00fcler aus welchen Orten das Angebot wahrnehmen w\u00fcrden.&nbsp; In der Gr\u00f6\u00dfenordnung sei mit 39 000 Euro zu rechnen.\u201c<\/p>\n\n\n\n<p>F\u00fcr die FDP stellte Dr. Christel Happach-Kasan dar, dass aus Sicht der FDP ein Einstieg in die Ferienbetreuung f\u00fcr F\u00f6rdersch\u00fcler bereits in diesem Jahr anzustreben sei. In welchem Umfang das Angebot wahrgenommen wird, l\u00e4sst sich nicht vorhersagen, daher w\u00e4re es gut, schon jetzt Erfahrungen zu sammeln, denn ab 2026 wird es die gesetzliche Verpflichtung geben. Die Ablehnung durch CDU und Gr\u00fcne ist nicht stichhaltig. Der Haushalt des Kreises hat ein Gesamtvolumen von fast einer halben Milliarde Euro, umfasst freiwillige Leistungen wie den Partybus. Ob alle bewilligten Stellen besetzt werden k\u00f6nnen, ist eher fraglich. Die erforderlichen zus\u00e4tzlichen Mittel k\u00f6nnten bei entsprechendem politischem Willen in einem Nachtragshaushalt zur Verf\u00fcgung gestellt werden. \u201eEs ist ein sozialpolitisches Armutszeugnis bei den schw\u00e4chsten Mitgliedern der Gesellschaft zu sparen. Immerhin hat sich die CDU inzwischen bereit erkl\u00e4rt, im n\u00e4chsten Jahr mit der F\u00f6rderung der Ferienbetreuung f\u00fcr die F\u00f6rdersch\u00fcler zu beginnen.\u201c In der Septembersitzung steht das Thema erneut auf der Tagesordnung des Ausschusses.&nbsp;&nbsp;<\/p>\n","protected":false},"excerpt":{"rendered":"<p>Herzogtum Lauenburg (pm). Die FDP bedauert, dass der Beschluss \u00fcber Ferienbetreuung f\u00fcr Sch\u00fclerinnen und Sch\u00fcler der F\u00f6rderschulen in Geestacht und M\u00f6lln erneut verschoben wurde. In der Sitzung des Ausschusses f\u00fcr Soziales, Bildung und Kultur (22. Februar 2024) war erneut die Einf\u00fchrung und F\u00f6rderung der Ferienbetreuung f\u00fcr Sch\u00fclerinnen und Sch\u00fcler der Hachede-Schule sowie der Steinfeldschule Thema. [&hellip;]<\/p>\n","protected":false},"author":2,"featured_media":58430,"comment_status":"closed","ping_status":"closed","sticky":false,"template":"","format":"standard","meta":{"jnews-multi-image_gallery":[],"jnews_single_post":{"subtitle":"","format":"standard","video":"","gallery":"","source_name":"","source_url":"","via_name":"","via_url":"","jpwt_enable_post_donation":"0","override_template":"0","override":[{"template":"1","single_blog_custom":"","parallax":"1","fullscreen":"1","layout":"right-sidebar","sidebar":"default-sidebar","second_sidebar":"default-sidebar","sticky_sidebar":"1","share_position":"top","share_float_style":"share-monocrhome","show_share_counter":"0","show_view_counter":"1","show_featured":"1","show_post_meta":"1","show_post_author":"1","show_post_author_image":"1","show_post_date":"1","post_date_format":"default","post_date_format_custom":"Y\/m\/d","show_post_category":"0","show_post_reading_time":"0","post_reading_time_wpm":"300","show_zoom_button":"0","zoom_button_out_step":"2","zoom_button_in_step":"3","show_post_tag":"1","show_prev_next_post":"0","show_popup_post":"1","number_popup_post":"1","show_author_box":"1","show_post_related":"1","show_inline_post_related":"0"}],"override_image_size":"0","image_override":[{"single_post_thumbnail_size":"crop-500","single_post_gallery_size":"crop-500"}],"trending_post":"0","trending_post_position":"meta","trending_post_label":"Trending","sponsored_post":"0","sponsored_post_label":"Sponsored by","sponsored_post_name":"","sponsored_post_url":"","sponsored_post_logo_enable":"0","sponsored_post_logo":"","sponsored_post_desc":"","disable_ad":"0"},"jnews_primary_category":{"id":"","hide":""},"jnews_social_meta":{"fb_title":"","fb_description":"","fb_image":"","twitter_title":"","twitter_description":"","twitter_image":""},"jnews_override_counter":{"override_view_counter":"0","view_counter_number":"0","override_share_counter":"0","share_counter_number":"0","override_like_counter":"0","like_counter_number":"0","override_dislike_counter":"0","dislike_counter_number":"0"},"jnews_post_split":{"enable_post_split":"0","post_split":[{"template":"1","tag":"h2","numbering":"asc","mode":"normal","first":"0","enable_toc":"0","toc_type":"normal"}]},"footnotes":""},"categories":[2625,63,66],"tags":[1120,1135,3459,249,1922,133,2489],"class_list":["post-58429","post","type-post","status-publish","format-standard","has-post-thumbnail","hentry","category-geesthacht","category-herzogtum-lauenburg","category-moelln","tag-ferien","tag-ferienbetreuung","tag-foerderung","tag-geesthacht","tag-hachede-schule","tag-moelln","tag-schule-steinfeld"],"_links":{"self":[{"href":"https:\/\/herzogtum-direkt.de\/index.php\/wp-json\/wp\/v2\/posts\/58429","targetHints":{"allow":["GET"]}}],"collection":[{"href":"https:\/\/herzogtum-direkt.de\/index.php\/wp-json\/wp\/v2\/posts"}],"about":[{"href":"https:\/\/herzogtum-direkt.de\/index.php\/wp-json\/wp\/v2\/types\/post"}],"author":[{"embeddable":true,"href":"https:\/\/herzogtum-direkt.de\/index.php\/wp-json\/wp\/v2\/users\/2"}],"replies":[{"embeddable":true,"href":"https:\/\/herzogtum-direkt.de\/index.php\/wp-json\/wp\/v2\/comments?post=58429"}],"version-history":[{"count":1,"href":"https:\/\/herzogtum-direkt.de\/index.php\/wp-json\/wp\/v2\/posts\/58429\/revisions"}],"predecessor-version":[{"id":58431,"href":"https:\/\/herzogtum-direkt.de\/index.php\/wp-json\/wp\/v2\/posts\/58429\/revisions\/58431"}],"wp:featuredmedia":[{"embeddable":true,"href":"https:\/\/herzogtum-direkt.de\/index.php\/wp-json\/wp\/v2\/media\/58430"}],"wp:attachment":[{"href":"https:\/\/herzogtum-direkt.de\/index.php\/wp-json\/wp\/v2\/media?parent=58429"}],"wp:term":[{"taxonomy":"category","embeddable":true,"href":"https:\/\/herzogtum-direkt.de\/index.php\/wp-json\/wp\/v2\/categories?post=58429"},{"taxonomy":"post_tag","embeddable":true,"href":"https:\/\/herzogtum-direkt.de\/index.php\/wp-json\/wp\/v2\/tags?post=58429"}],"curies":[{"name":"wp","href":"https:\/\/api.w.org\/{rel}","templated":true}]}}