{"id":5840,"date":"2018-07-29T07:26:10","date_gmt":"2018-07-29T05:26:10","guid":{"rendered":"https:\/\/herzogtum-direkt.de\/?p=5840"},"modified":"2018-07-29T07:26:40","modified_gmt":"2018-07-29T05:26:40","slug":"op-platt-dat-eerste-mol-vun-tohuus-wech","status":"publish","type":"post","link":"https:\/\/herzogtum-direkt.de\/index.php\/2018\/07\/29\/op-platt-dat-eerste-mol-vun-tohuus-wech\/","title":{"rendered":"Op platt: Dat eerste Mol vun Tohuus wech"},"content":{"rendered":"<p>Min Tohuus, dat weer Hamfelln, dat 1. Huus achter de Bahn, mine Familie, Oma, Opa, Vadder, Mudder, Brauder Fritz und mine l\u00fctte S\u00fcster Greta, grad 2 Johr old. Min Vadder harr to de Tied een gaude Arbeit bi\u2018t Hamborger Waderwark in Grotensee. De HWW harrn in Lehmrade bi M\u00f6lln een eegen Kinner-Erholungsheim. Dor kunn min Brauder Fritz een Johr v\u00f6r mi to Erholung henn schickt wardn. He hett dat gaut mokt un wenig oder gar nix dorvun vertellt.<\/p>\n<p>Dat n\u00e4chste Johr weer ick nu an de Reeg. So, und nu schull ick in\u2019n Freuhjohr dat 1. Mol von Tohuus wech. Dat Dropen mit all de Kinner vun Hamborg und \u00dcmtau weer in Hamborg an\u2018n Bessenbinnerhoff, dat weet ick noch. Min Mudder is mit mi mit\u2019n Bus von Trittau dor hen. Vun dor ut g\u00fcng dat denn no Lehmrade, \u201eHummelsh\u00f6he\u201c hett dat Kinnerheim heiten. H\u00fct is dat eene Reha-Klinik mit scheunen Park dorbi. Keen een bekanntes Gesicht f\u00f6r mi weer in den Bus dormang. Naja, mit elben Johr, dor denkst du noch nich so wiet.<\/p>\n<p>Man veer Weeken, dat kann doch ganz scheun lang wardn und as dat mennigmol so k\u00fcmmt, ick krieg richtig Lengen no min Tohuus an meisten no min l\u00fctte S\u00fcster. To de Tied weit ick dat blots noch gor nich. Ick weer nich recht up\u2019n Damm, much nix eeten und heff weent. De \u201eTanten\u201c, de uns versorgt, kriegt dat mit de Angst to daun \u2013 ick heff eenen dicken Hals \u2013 dat k\u00fcnn Mumps wardn und dat is jo gef\u00e4hrlich anstekend, wenn so veele Kinner up een Hupen s\u00fcnd. Wat nu?<\/p>\n<p>Hilde m\u00fctt no Huus, erer se de annern Kinner ansteeken kann. Blots woans mokt w\u00fc dat?<br \/>\nDe F\u00fcerwehr m\u00fctt her! Richtig, een F\u00fcerwehrauto, dat weer een roden VW K\u00e4fer, ick seih em h\u00fct noch, dor w\u00f6r ick rinsett mit min poor Soken und denn nix wie wech. Man blots ick w\u00fcss doch gor nich wo\u2019t langgeiht..<\/p>\n<p>De Straten weern lang nich so as h\u00fc\u00fct, de Fohrer hett sick ohn min H\u00fclp trechfunnen (Navi geef dat nich) und w\u00fc s\u00fcnd gaut in Hamfelln ankomen. Achter M\u00f6hlenrad &#8211; bi J\u00fcrgen Rahn sin B\u00e4ckerie &#8211; dor w\u00fcss ick denn ok, dat w\u00fc richtig s\u00fcnd.<\/p>\n<p>Min Mudder hett sick fix verfehrt, as w\u00fc ankeumen, een dickes wittes Handdauk harrns mi \u00fcm den Hals t\u00fcdert. Dree Daag laater, weer ick wedder springlebennig\u2026.. dor weer Ostern! Wenn ick ehrlich b\u00fcn, ick mach h\u00fct noch nich girn von Tohuus wech\u2026<\/p>\n<p><strong>Beleewt un upschreeben vun Hilde Schulz, Hamfelln Juli 2018<\/strong><\/p>\n","protected":false},"excerpt":{"rendered":"<p>Min Tohuus, dat weer Hamfelln, dat 1. Huus achter de Bahn, mine Familie, Oma, Opa, Vadder, Mudder, Brauder Fritz und mine l\u00fctte S\u00fcster Greta, grad 2 Johr old. Min Vadder harr to de Tied een gaude Arbeit bi\u2018t Hamborger Waderwark in Grotensee. De HWW harrn in Lehmrade bi M\u00f6lln een eegen Kinner-Erholungsheim. Dor kunn min [&hellip;]<\/p>\n","protected":false},"author":19,"featured_media":5841,"comment_status":"open","ping_status":"closed","sticky":false,"template":"","format":"standard","meta":{"jnews-multi-image_gallery":[],"jnews_single_post":[],"jnews_primary_category":[],"jnews_social_meta":[],"jnews_override_counter":[],"jnews_post_split":[],"footnotes":""},"categories":[73,108,2],"tags":[1243,432],"class_list":["post-5840","post","type-post","status-publish","format-standard","has-post-thumbnail","hentry","category-landleute","category-op-platt","category-startseite","tag-op-platt","tag-plattdeutsch"],"_links":{"self":[{"href":"https:\/\/herzogtum-direkt.de\/index.php\/wp-json\/wp\/v2\/posts\/5840","targetHints":{"allow":["GET"]}}],"collection":[{"href":"https:\/\/herzogtum-direkt.de\/index.php\/wp-json\/wp\/v2\/posts"}],"about":[{"href":"https:\/\/herzogtum-direkt.de\/index.php\/wp-json\/wp\/v2\/types\/post"}],"author":[{"embeddable":true,"href":"https:\/\/herzogtum-direkt.de\/index.php\/wp-json\/wp\/v2\/users\/19"}],"replies":[{"embeddable":true,"href":"https:\/\/herzogtum-direkt.de\/index.php\/wp-json\/wp\/v2\/comments?post=5840"}],"version-history":[{"count":1,"href":"https:\/\/herzogtum-direkt.de\/index.php\/wp-json\/wp\/v2\/posts\/5840\/revisions"}],"predecessor-version":[{"id":5842,"href":"https:\/\/herzogtum-direkt.de\/index.php\/wp-json\/wp\/v2\/posts\/5840\/revisions\/5842"}],"wp:featuredmedia":[{"embeddable":true,"href":"https:\/\/herzogtum-direkt.de\/index.php\/wp-json\/wp\/v2\/media\/5841"}],"wp:attachment":[{"href":"https:\/\/herzogtum-direkt.de\/index.php\/wp-json\/wp\/v2\/media?parent=5840"}],"wp:term":[{"taxonomy":"category","embeddable":true,"href":"https:\/\/herzogtum-direkt.de\/index.php\/wp-json\/wp\/v2\/categories?post=5840"},{"taxonomy":"post_tag","embeddable":true,"href":"https:\/\/herzogtum-direkt.de\/index.php\/wp-json\/wp\/v2\/tags?post=5840"}],"curies":[{"name":"wp","href":"https:\/\/api.w.org\/{rel}","templated":true}]}}