{"id":58145,"date":"2024-02-16T12:15:03","date_gmt":"2024-02-16T10:15:03","guid":{"rendered":"https:\/\/herzogtum-direkt.de\/?p=58145"},"modified":"2024-02-16T12:15:05","modified_gmt":"2024-02-16T10:15:05","slug":"energiewende-kommunale-waermeplanung-und-gebaeudeenergiegesetz","status":"publish","type":"post","link":"https:\/\/herzogtum-direkt.de\/index.php\/2024\/02\/16\/energiewende-kommunale-waermeplanung-und-gebaeudeenergiegesetz\/","title":{"rendered":"Energiewende &#8211; kommunale W\u00e4rmeplanung und  Geb\u00e4udeenergiegesetz"},"content":{"rendered":"\n<p><strong>Ratzeburg (pm).<\/strong> Am Mittwoch, 14. Februar versammelten sich \u00fcber 70 engagierte B\u00fcrgerinnen und B\u00fcrger im Kinosaal 1 des Burgtheaters Ratzeburg, um an der Veranstaltung &#8222;Heizen &#8211; Welche L\u00f6sung passt f\u00fcr welches Haus?&#8220; teilzunehmen, organisiert vom Ortsverband Ratzeburg von B\u00fcndnis 90\/Die Gr\u00fcnen, und sorgten so f\u00fcr einen komplett gef\u00fcllten Kinosaal. Die Versammlung bot eine Plattform f\u00fcr einen offenen und informativen Dialog \u00fcber effektive Heizl\u00f6sungen, F\u00f6rderm\u00f6glichkeiten und die zuk\u00fcnftige Entwicklung im Kontext des k\u00fcrzlich beschlossenen Geb\u00e4udeenergiegesetzes (GEG).<\/p>\n\n\n\n<p>Die Veranstaltung wurde von Dr. Gert Schwiethal, Vorstandsmitglied der Gr\u00fcnen in Ratzeburg und b\u00fcrgerliches Mitglied in der Ratzeburger Stadtvertretung, moderiert. Dr. Schwiethal f\u00fchrte die Zuh\u00f6rer durch den Abend und leitete zu den kompetenten Referenten \u00fcber. Siegfried Schr\u00f6der, Berater f\u00fcr Heizl\u00f6sungen bei Elco Heating Solutions, pr\u00e4sentierte einen informativen Vortrag \u00fcber verschiedene Heizl\u00f6sungen mit einem starken Fokus auf W\u00e4rmepumpen und andere nachhaltige Alternativen. Er erl\u00e4uterte detailliert deren Funktionsweise sowie Vor- und Nachteile und stellte klar, wann zum Beispiel eine W\u00e4rmepumpe als geeignete L\u00f6sung in Betracht gezogen werden sollte und wann eine Alternative mehr Sinn ergibt. Seine Ehrlichkeit und Kompetenz wurden von den Zuschauern besonders gesch\u00e4tzt.<\/p>\n\n\n\n<p>Dr. Ingrid Nestle, Abgeordnete im Deutschen Bundestag und Sprecherin f\u00fcr Klimaschutz und Energie der Gr\u00fcnen Bundestagsfraktion, pr\u00e4sentierte einen klaren \u00dcberblick \u00fcber das Geb\u00e4udeenergiegesetz (GEG) und ging dabei auf weit verbreitete Fehlinformationen im Bezug auf das GEG ein und widerlegte diese. Dar\u00fcber hinaus informierte sie \u00fcber die F\u00f6rderm\u00f6glichkeiten im Zusammenhang mit dem GEG.<\/p>\n\n\n<div class=\"wp-block-image is-style-rounded\">\n<figure class=\"aligncenter size-full is-resized\"><img fetchpriority=\"high\" decoding=\"async\" width=\"1000\" height=\"667\" src=\"https:\/\/herzogtum-direkt.de\/wp-content\/uploads\/2024\/02\/Gruene-Ratzeburg-Burgtheater-Energie-Waerme-2024-Nestle.jpg\" alt=\"\" class=\"wp-image-58148\" style=\"width:690px;height:auto\" srcset=\"https:\/\/herzogtum-direkt.de\/wp-content\/uploads\/2024\/02\/Gruene-Ratzeburg-Burgtheater-Energie-Waerme-2024-Nestle.jpg 1000w, https:\/\/herzogtum-direkt.de\/wp-content\/uploads\/2024\/02\/Gruene-Ratzeburg-Burgtheater-Energie-Waerme-2024-Nestle-300x200.jpg 300w, https:\/\/herzogtum-direkt.de\/wp-content\/uploads\/2024\/02\/Gruene-Ratzeburg-Burgtheater-Energie-Waerme-2024-Nestle-768x512.jpg 768w, https:\/\/herzogtum-direkt.de\/wp-content\/uploads\/2024\/02\/Gruene-Ratzeburg-Burgtheater-Energie-Waerme-2024-Nestle-750x500.jpg 750w\" sizes=\"(max-width: 1000px) 100vw, 1000px\" \/><figcaption class=\"wp-element-caption\">Dr. Ingrid Nestle, Abgeordnete im Deutschen Bundestag und Sprecherin f\u00fcr Klimaschutz und Energie der Gr\u00fcnen Bundestagsfraktion. Foto: Robert Wlodarczyk, hfr<\/figcaption><\/figure>\n<\/div>\n\n\n<p>Ratsherr Reimar von Wachholtz, Mitglied der Gr\u00fcnen Stadtfraktion in der Ratzeburger Stadtvertretung sowie Kommunalberater, schloss die Vortr\u00e4ge mit einem Einblick in die kommunale W\u00e4rmeplanung ab. Er ging hierbei insbesondere auf die Fortschritte der Stadt Ratzeburg in diesem Bereich ein und k\u00fcndigte die Einstellung eines Klimaschutzmanagers an, der sich speziell mit der kommunalen W\u00e4rmeplanung befassen wird.<\/p>\n\n\n<div class=\"wp-block-image\">\n<figure class=\"aligncenter size-full is-resized\"><img decoding=\"async\" width=\"1000\" height=\"667\" src=\"https:\/\/herzogtum-direkt.de\/wp-content\/uploads\/2024\/02\/Energiewende-Veranstaltung-Gruene-Ratzeburg-2024_von_Wachholtz.jpg\" alt=\"\" class=\"wp-image-58146\" style=\"width:574px;height:auto\" srcset=\"https:\/\/herzogtum-direkt.de\/wp-content\/uploads\/2024\/02\/Energiewende-Veranstaltung-Gruene-Ratzeburg-2024_von_Wachholtz.jpg 1000w, https:\/\/herzogtum-direkt.de\/wp-content\/uploads\/2024\/02\/Energiewende-Veranstaltung-Gruene-Ratzeburg-2024_von_Wachholtz-300x200.jpg 300w, https:\/\/herzogtum-direkt.de\/wp-content\/uploads\/2024\/02\/Energiewende-Veranstaltung-Gruene-Ratzeburg-2024_von_Wachholtz-768x512.jpg 768w, https:\/\/herzogtum-direkt.de\/wp-content\/uploads\/2024\/02\/Energiewende-Veranstaltung-Gruene-Ratzeburg-2024_von_Wachholtz-750x500.jpg 750w\" sizes=\"(max-width: 1000px) 100vw, 1000px\" \/><figcaption class=\"wp-element-caption\">Reimer von Wachholtz spricht bei der Veranstaltung im Burgtheater \u00fcber kommunalen W\u00e4rmeplanung zum Energiegesetz. Foto: Robert Wlodarczyk , hfr<\/figcaption><\/figure>\n<\/div>\n\n\n<p>Die Veranstaltung bot den Teilnehmenden die M\u00f6glichkeit, Fragen zu stellen, die von den Referenten ehrlich und kompetent beantwortet wurden. Das Engagement und das Fachwissen des referierenden Trios trugen zu einem informativen und bereichernden Abend bei. Nach Abschluss der Vortr\u00e4ge standen die Referenten den Teilnehmenden f\u00fcr weitere Diskussionen zur Verf\u00fcgung, was zu einer vertieften Interaktion und einem regen Austausch f\u00fchrte. Auch nach Abschluss der Veranstaltung gab es die M\u00f6glichkeit auf die Referenten zuzugehen und in den Austausch f\u00fcr speziellere Fragen zu kommen.<\/p>\n\n\n\n<p>&#8222;Wir sind sehr zufrieden mit dem Verlauf der Veranstaltung und m\u00f6chten allen Teilnehmenden sowie unseren Referenten f\u00fcr ihr Engagement und Interesse danken&#8220;, sagte Tom Kallweit, Sprecher der Gr\u00fcnen in Ratzeburg. &#8222;Diese Veranstaltung hat gezeigt, dass das Thema Klimaschutz und Energiewende in unserer Stadt von gro\u00dfem Interesse ist und dass wir als Gr\u00fcne eine wichtige Rolle dabei spielen, Informations- und Diskussionsforen anzubieten.&#8220; Die Gr\u00fcnen Ratzeburg freuen sich \u00fcber die rege Teilnahme und laden alle Interessierten ein, an zuk\u00fcnftigen Veranstaltungen teilzunehmen. Weitere Informationen zu kommenden Veranstaltungen finden sich auf<a href=\"http:\/\/www.gruene-ratzeburg.d\" target=\"_blank\" rel=\"noreferrer noopener\"> www.gruene-ratzeburg.d<\/a>e und auf den Social-Media-Kan\u00e4len des Gr\u00fcnen Ortsverbandes.\u00a0<\/p>\n","protected":false},"excerpt":{"rendered":"<p>Ratzeburg (pm). Am Mittwoch, 14. Februar versammelten sich \u00fcber 70 engagierte B\u00fcrgerinnen und B\u00fcrger im Kinosaal 1 des Burgtheaters Ratzeburg, um an der Veranstaltung &#8222;Heizen &#8211; Welche L\u00f6sung passt f\u00fcr welches Haus?&#8220; teilzunehmen, organisiert vom Ortsverband Ratzeburg von B\u00fcndnis 90\/Die Gr\u00fcnen, und sorgten so f\u00fcr einen komplett gef\u00fcllten Kinosaal. Die Versammlung bot eine Plattform f\u00fcr [&hellip;]<\/p>\n","protected":false},"author":2,"featured_media":58147,"comment_status":"closed","ping_status":"closed","sticky":false,"template":"","format":"standard","meta":{"jnews-multi-image_gallery":[],"jnews_single_post":{"subtitle":"Gute besuchte Veranstaltung zur W\u00e4rmewende","format":"standard","video":"","gallery":"","source_name":"","source_url":"","via_name":"","via_url":"","jpwt_enable_post_donation":"0","override_template":"0","override":[{"template":"1","single_blog_custom":"","parallax":"1","fullscreen":"1","layout":"right-sidebar","sidebar":"default-sidebar","second_sidebar":"default-sidebar","sticky_sidebar":"1","share_position":"top","share_float_style":"share-monocrhome","show_share_counter":"0","show_view_counter":"1","show_featured":"1","show_post_meta":"1","show_post_author":"1","show_post_author_image":"1","show_post_date":"1","post_date_format":"default","post_date_format_custom":"Y\/m\/d","show_post_category":"0","show_post_reading_time":"0","post_reading_time_wpm":"300","show_zoom_button":"0","zoom_button_out_step":"2","zoom_button_in_step":"3","show_post_tag":"1","show_prev_next_post":"0","show_popup_post":"1","number_popup_post":"1","show_author_box":"1","show_post_related":"1","show_inline_post_related":"0"}],"override_image_size":"0","image_override":[{"single_post_thumbnail_size":"crop-500","single_post_gallery_size":"crop-500"}],"trending_post":"0","trending_post_position":"meta","trending_post_label":"Trending","sponsored_post":"0","sponsored_post_label":"Sponsored by","sponsored_post_name":"","sponsored_post_url":"","sponsored_post_logo_enable":"0","sponsored_post_logo":"","sponsored_post_desc":"","disable_ad":"0"},"jnews_primary_category":{"id":"","hide":""},"jnews_social_meta":{"fb_title":"","fb_description":"","fb_image":"","twitter_title":"","twitter_description":"","twitter_image":""},"jnews_override_counter":{"override_view_counter":"0","view_counter_number":"0","override_share_counter":"0","share_counter_number":"0","override_like_counter":"0","like_counter_number":"0","override_dislike_counter":"0","dislike_counter_number":"0"},"jnews_post_split":{"enable_post_split":"0","post_split":[{"template":"1","tag":"h2","numbering":"asc","mode":"normal","first":"0","enable_toc":"0","toc_type":"normal"}]},"footnotes":""},"categories":[63,64,1237],"tags":[144,373,3468,114],"class_list":["post-58145","post","type-post","status-publish","format-standard","has-post-thumbnail","hentry","category-herzogtum-lauenburg","category-ratzeburg","category-umweltnatur","tag-buendnis-90-die-gruene","tag-burgtheater-ratzeburg","tag-informationsveranstaltung","tag-ratzeburg"],"_links":{"self":[{"href":"https:\/\/herzogtum-direkt.de\/index.php\/wp-json\/wp\/v2\/posts\/58145","targetHints":{"allow":["GET"]}}],"collection":[{"href":"https:\/\/herzogtum-direkt.de\/index.php\/wp-json\/wp\/v2\/posts"}],"about":[{"href":"https:\/\/herzogtum-direkt.de\/index.php\/wp-json\/wp\/v2\/types\/post"}],"author":[{"embeddable":true,"href":"https:\/\/herzogtum-direkt.de\/index.php\/wp-json\/wp\/v2\/users\/2"}],"replies":[{"embeddable":true,"href":"https:\/\/herzogtum-direkt.de\/index.php\/wp-json\/wp\/v2\/comments?post=58145"}],"version-history":[{"count":1,"href":"https:\/\/herzogtum-direkt.de\/index.php\/wp-json\/wp\/v2\/posts\/58145\/revisions"}],"predecessor-version":[{"id":58149,"href":"https:\/\/herzogtum-direkt.de\/index.php\/wp-json\/wp\/v2\/posts\/58145\/revisions\/58149"}],"wp:featuredmedia":[{"embeddable":true,"href":"https:\/\/herzogtum-direkt.de\/index.php\/wp-json\/wp\/v2\/media\/58147"}],"wp:attachment":[{"href":"https:\/\/herzogtum-direkt.de\/index.php\/wp-json\/wp\/v2\/media?parent=58145"}],"wp:term":[{"taxonomy":"category","embeddable":true,"href":"https:\/\/herzogtum-direkt.de\/index.php\/wp-json\/wp\/v2\/categories?post=58145"},{"taxonomy":"post_tag","embeddable":true,"href":"https:\/\/herzogtum-direkt.de\/index.php\/wp-json\/wp\/v2\/tags?post=58145"}],"curies":[{"name":"wp","href":"https:\/\/api.w.org\/{rel}","templated":true}]}}