{"id":57538,"date":"2024-01-29T10:32:49","date_gmt":"2024-01-29T08:32:49","guid":{"rendered":"https:\/\/herzogtum-direkt.de\/?p=57538"},"modified":"2024-01-29T13:02:58","modified_gmt":"2024-01-29T11:02:58","slug":"demonstration-in-moelln-setzt-starkes-zeichen-fuer-demokratie-und-vielfalt","status":"publish","type":"post","link":"https:\/\/herzogtum-direkt.de\/index.php\/2024\/01\/29\/demonstration-in-moelln-setzt-starkes-zeichen-fuer-demokratie-und-vielfalt\/","title":{"rendered":"Demonstration in M\u00f6lln setzt starkes Zeichen f\u00fcr Demokratie und Vielfalt"},"content":{"rendered":"\n<p><strong>M\u00f6lln (pm).<\/strong> Unter dem Motto &#8222;Nie wieder ist Jetzt! \u2013 B\u00fcndnis f\u00fcr Anstand, Demokratie und gegen Rassismus&#8220; folgten etwa 500 B\u00fcrgerinnen und B\u00fcrger aus M\u00f6lln und der Umgebung dem Aufruf des SPD-Kreisverbandes Herzogtum Lauenburg sowie weiterer demokratischer Parteien. Die beeindruckende Demonstration richtete sich gegen faschistische und rassistische Str\u00f6mungen und setzte ein starkes Zeichen f\u00fcr die Werte der Demokratie und Vielfalt in unserer Gesellschaft.<\/p>\n\n\n\n<p>Die Teilnehmenden versammelten sich zun\u00e4chst am Waldsportplatz und zogen von dort aus zum historischen Marktplatz, wo die zentrale Kundgebung stattfand. Passanten und Autofahrer entlang des Stra\u00dfenrandes bekundeten ihre Zustimmung durch Beifallsgesten. Die Kundgebung wurde von Cira Ahmad, der Co-Vorsitzenden der SPD-Herzogtum Lauenburg, er\u00f6ffnet. In ihrer Rede forderte sie dazu auf, sich vehement gegen antidemokratische und rassistische Str\u00f6mungen in unserer Gesellschaft zu stellen.<\/p>\n\n\n<div class=\"wp-block-image is-style-rounded\">\n<figure class=\"aligncenter size-full is-resized\"><img fetchpriority=\"high\" decoding=\"async\" width=\"1000\" height=\"750\" src=\"https:\/\/herzogtum-direkt.de\/wp-content\/uploads\/2024\/01\/Abschlusskundgebung-Moelln-2024.jpg\" alt=\"\" class=\"wp-image-57539\" style=\"width:842px;height:auto\" srcset=\"https:\/\/herzogtum-direkt.de\/wp-content\/uploads\/2024\/01\/Abschlusskundgebung-Moelln-2024.jpg 1000w, https:\/\/herzogtum-direkt.de\/wp-content\/uploads\/2024\/01\/Abschlusskundgebung-Moelln-2024-300x225.jpg 300w, https:\/\/herzogtum-direkt.de\/wp-content\/uploads\/2024\/01\/Abschlusskundgebung-Moelln-2024-768x576.jpg 768w, https:\/\/herzogtum-direkt.de\/wp-content\/uploads\/2024\/01\/Abschlusskundgebung-Moelln-2024-750x563.jpg 750w\" sizes=\"(max-width: 1000px) 100vw, 1000px\" \/><figcaption class=\"wp-element-caption\"><mark style=\"background-color:#00d084\" class=\"has-inline-color has-black-color\">Abschlusskundgebung &#8222;Nie wieder ist jetzt&#8220; auf dem M\u00f6llner Marktplatz. Foto: hfr<\/mark><\/figcaption><\/figure>\n<\/div>\n\n\n<p>Dr. Nina Scheer, \u00f6rtliche SPD-Bundestagsabgeordnete, appellierte in ihrer eindringlichen Ansprache an die Mitwirkung Aller, um dem verfassungsfeindlichen Wirken der AfD entschieden entgegenzutreten. Wer die AfD w\u00e4hle, wirke an der Demontage des Rechtsstaates mit. Die stellvertretende Kreisvorsitzende der CDU, Henrike Biebow, unterstrich ebenfalls die Notwendigkeit des Zusammenhaltes, ein Standpunkt, dem sich auch Burkhard Peters, ehemaliger Landtagsabgeordneter der Gr\u00fcnen, anschloss. Burkhard Peters sprach sich dar\u00fcber hinaus nachdr\u00fccklich f\u00fcr ein Parteiverbotsverfahren der AfD aus.<\/p>\n\n\n\n<figure class=\"wp-block-gallery has-nested-images columns-default is-cropped wp-block-gallery-1 is-layout-flex wp-block-gallery-is-layout-flex\">\n<figure class=\"wp-block-image size-large\"><img decoding=\"async\" width=\"500\" height=\"613\" data-id=\"57540\" src=\"https:\/\/herzogtum-direkt.de\/wp-content\/uploads\/2024\/01\/Nina-Scheer-links-Abschlusskundgebung-Moelln-2024-hfr.jpg\" alt=\"\" class=\"wp-image-57540\" srcset=\"https:\/\/herzogtum-direkt.de\/wp-content\/uploads\/2024\/01\/Nina-Scheer-links-Abschlusskundgebung-Moelln-2024-hfr.jpg 500w, https:\/\/herzogtum-direkt.de\/wp-content\/uploads\/2024\/01\/Nina-Scheer-links-Abschlusskundgebung-Moelln-2024-hfr-245x300.jpg 245w\" sizes=\"(max-width: 500px) 100vw, 500px\" \/><figcaption class=\"wp-element-caption\"><strong><mark style=\"background-color:#9b51e0\" class=\"has-inline-color has-black-color\">Dr. Nina Scheer, Mdb und stellv. Vorsitzende SPD Kreisverband Herzogtum Lauenburg, Cira Ahamd Co-Vorsitzende SPD Kreisverband Herzogtum Lauenburg und Hinnerk Bruhn Co-Vorsitzender SPD Kreisverband Herzogtum Lauenburg bei der Kundgebung &#8222;Nie wieder ist jetzt&#8220; in M\u00f6lln. Foto: hfr<\/mark><\/strong><\/figcaption><\/figure>\n\n\n\n<figure class=\"wp-block-image size-large\"><img decoding=\"async\" width=\"500\" height=\"667\" data-id=\"57541\" src=\"https:\/\/herzogtum-direkt.de\/wp-content\/uploads\/2024\/01\/Demo-Moelln-Jan-2024-rotated.jpg\" alt=\"\" class=\"wp-image-57541\" srcset=\"https:\/\/herzogtum-direkt.de\/wp-content\/uploads\/2024\/01\/Demo-Moelln-Jan-2024-rotated.jpg 500w, https:\/\/herzogtum-direkt.de\/wp-content\/uploads\/2024\/01\/Demo-Moelln-Jan-2024-225x300.jpg 225w\" sizes=\"(max-width: 500px) 100vw, 500px\" \/><figcaption class=\"wp-element-caption\"><mark style=\"background-color:#cf2e2e\" class=\"has-inline-color has-black-color\"><strong>Buntes M\u00f6lln &#8211; ein Bild am Rande des Demonstrationszuges. Foto: hfr<\/strong><\/mark><\/figcaption><\/figure>\n<\/figure>\n\n\n\n<p>Lars-Uwe Rieck, Landesfachbereichsleiter von ver.di, wies auf die Verantwortung der Unternehmen hin, sich dem rechten Mob entschieden entgegenzustellen und klare Position zu beziehen. Den Abschluss der Veranstaltung bildete der Auftritt der &#8222;Omas gegen Rechts&#8220;, die das \u201eOMA-Lied\u201c vortrugen und damit ihr Zeichen des Widerstandes gegen Rechtsextremismus setzten. Die Demonstration verdeutlichte die Einigkeit der B\u00fcrgerinnen und B\u00fcrger in M\u00f6lln und Umgebung im Kampf gegen antidemokratische Kr\u00e4fte und f\u00fcr die St\u00e4rkung demokratischer Werte in unserer Gesellschaft.<\/p>\n","protected":false},"excerpt":{"rendered":"<p>M\u00f6lln (pm). Unter dem Motto &#8222;Nie wieder ist Jetzt! \u2013 B\u00fcndnis f\u00fcr Anstand, Demokratie und gegen Rassismus&#8220; folgten etwa 500 B\u00fcrgerinnen und B\u00fcrger aus M\u00f6lln und der Umgebung dem Aufruf des SPD-Kreisverbandes Herzogtum Lauenburg sowie weiterer demokratischer Parteien. Die beeindruckende Demonstration richtete sich gegen faschistische und rassistische Str\u00f6mungen und setzte ein starkes Zeichen f\u00fcr die [&hellip;]<\/p>\n","protected":false},"author":2,"featured_media":57542,"comment_status":"closed","ping_status":"closed","sticky":false,"template":"","format":"standard","meta":{"jnews-multi-image_gallery":[],"jnews_single_post":{"subtitle":"","format":"standard","video":"","gallery":"","source_name":"","source_url":"","via_name":"","via_url":"","jpwt_enable_post_donation":"0","override_template":"0","override":[{"template":"1","single_blog_custom":"","parallax":"1","fullscreen":"1","layout":"right-sidebar","sidebar":"default-sidebar","second_sidebar":"default-sidebar","sticky_sidebar":"1","share_position":"top","share_float_style":"share-monocrhome","show_share_counter":"0","show_view_counter":"1","show_featured":"1","show_post_meta":"1","show_post_author":"1","show_post_author_image":"1","show_post_date":"1","post_date_format":"default","post_date_format_custom":"Y\/m\/d","show_post_category":"0","show_post_reading_time":"0","post_reading_time_wpm":"300","show_zoom_button":"0","zoom_button_out_step":"2","zoom_button_in_step":"3","show_post_tag":"1","show_prev_next_post":"0","show_popup_post":"1","number_popup_post":"1","show_author_box":"1","show_post_related":"1","show_inline_post_related":"0"}],"override_image_size":"0","image_override":[{"single_post_thumbnail_size":"crop-500","single_post_gallery_size":"crop-500"}],"trending_post":"0","trending_post_position":"meta","trending_post_label":"Trending","sponsored_post":"0","sponsored_post_label":"Sponsored by","sponsored_post_name":"","sponsored_post_url":"","sponsored_post_logo_enable":"0","sponsored_post_logo":"","sponsored_post_desc":"","disable_ad":"0"},"jnews_primary_category":{"id":"","hide":""},"jnews_social_meta":{"fb_title":"","fb_description":"","fb_image":"","twitter_title":"","twitter_description":"","twitter_image":""},"jnews_override_counter":{"override_view_counter":"0","view_counter_number":"0","override_share_counter":"0","share_counter_number":"0","override_like_counter":"0","like_counter_number":"0","override_dislike_counter":"0","dislike_counter_number":"0"},"jnews_post_split":{"enable_post_split":"0","post_split":[{"template":"1","tag":"h2","numbering":"asc","mode":"normal","first":"0","enable_toc":"0","toc_type":"normal"}]},"footnotes":""},"categories":[63,73,66],"tags":[1222,1512,3252,133,467,446],"class_list":["post-57538","post","type-post","status-publish","format-standard","has-post-thumbnail","hentry","category-herzogtum-lauenburg","category-landleute","category-moelln","tag-demokratie","tag-demonstration","tag-kundgebung","tag-moelln","tag-nina-scheer","tag-spd"],"_links":{"self":[{"href":"https:\/\/herzogtum-direkt.de\/index.php\/wp-json\/wp\/v2\/posts\/57538","targetHints":{"allow":["GET"]}}],"collection":[{"href":"https:\/\/herzogtum-direkt.de\/index.php\/wp-json\/wp\/v2\/posts"}],"about":[{"href":"https:\/\/herzogtum-direkt.de\/index.php\/wp-json\/wp\/v2\/types\/post"}],"author":[{"embeddable":true,"href":"https:\/\/herzogtum-direkt.de\/index.php\/wp-json\/wp\/v2\/users\/2"}],"replies":[{"embeddable":true,"href":"https:\/\/herzogtum-direkt.de\/index.php\/wp-json\/wp\/v2\/comments?post=57538"}],"version-history":[{"count":1,"href":"https:\/\/herzogtum-direkt.de\/index.php\/wp-json\/wp\/v2\/posts\/57538\/revisions"}],"predecessor-version":[{"id":57544,"href":"https:\/\/herzogtum-direkt.de\/index.php\/wp-json\/wp\/v2\/posts\/57538\/revisions\/57544"}],"wp:featuredmedia":[{"embeddable":true,"href":"https:\/\/herzogtum-direkt.de\/index.php\/wp-json\/wp\/v2\/media\/57542"}],"wp:attachment":[{"href":"https:\/\/herzogtum-direkt.de\/index.php\/wp-json\/wp\/v2\/media?parent=57538"}],"wp:term":[{"taxonomy":"category","embeddable":true,"href":"https:\/\/herzogtum-direkt.de\/index.php\/wp-json\/wp\/v2\/categories?post=57538"},{"taxonomy":"post_tag","embeddable":true,"href":"https:\/\/herzogtum-direkt.de\/index.php\/wp-json\/wp\/v2\/tags?post=57538"}],"curies":[{"name":"wp","href":"https:\/\/api.w.org\/{rel}","templated":true}]}}