{"id":57109,"date":"2024-01-12T11:22:10","date_gmt":"2024-01-12T09:22:10","guid":{"rendered":"https:\/\/herzogtum-direkt.de\/?p=57109"},"modified":"2024-01-12T11:22:12","modified_gmt":"2024-01-12T09:22:12","slug":"pfarrsprengel-marien-mit-neuem-namen-fit-fuer-die-zukunft","status":"publish","type":"post","link":"https:\/\/herzogtum-direkt.de\/index.php\/2024\/01\/12\/pfarrsprengel-marien-mit-neuem-namen-fit-fuer-die-zukunft\/","title":{"rendered":"Pfarrsprengel Marien: Mit neuem Namen fit f\u00fcr die Zukunft!"},"content":{"rendered":"\n<p><strong>Berkenthin\/Sandesneben\/Nusse (pm).<\/strong> Der Pfarrsprengel der Kirchengemeinden Sandesneben, Siebenb\u00e4umen, Berkenthin und Nusse-Behlendorf hat nun einen Namen: \u201ePfarrsprengel Marien &#8211; evangelisch hoch 4&#8243; darf er sich ganz offiziell nennen. Ein weiterer Schritt, der die Zusammenarbeit st\u00e4rkt.<\/p>\n\n\n\n<p>Seit einem Jahr bilden die Kirchengemeinden Berkenthin, Nusse-Behlendorf, Sandesneben und Siebenb\u00e4umen einen sogenannten Pfarrsprengel. Das hei\u00dft: Sie b\u00fcndeln ihre Kr\u00e4fte auf ganz unterschiedlichen Ebenen und arbeiten in s\u00e4mtlichen Bereichen zusammen. Von der Gemeindep\u00e4dagogik und Verwaltung, \u00fcber die Seelsorge bis zu Gottesdiensten, Seniorengruppen und in der Kinder- und Jugendarbeit.<\/p>\n\n\n\n<p><strong>30 Vorschl\u00e4ge waren f\u00fcr den Namen im Rennen<\/strong><\/p>\n\n\n\n<p>Was noch fehlte, war ein Name f\u00fcr den neuen Pfarrsprengel. Der ist nun nach langer Suche gefunden: Pfarrsprengel Marien, Marien-Pfarrsprengel oder einfach Mariensprengel. So darf er k\u00fcnftig ganz offiziell genannt werden. Das haben die vier Kirchengemeinder\u00e4te beschlossen. Das Motto des Mariensprengels lautet \u201eevangelisch hoch 4\u201c. Die Namenssuche war durch einen kreativen Wettbewerb angeregt worden. \u201eWir hatten am Ende etwa 30 Vorschl\u00e4ge und sind f\u00fcr die Beteiligung sehr dankbar\u201c, berichtet Pastor Tobias Pfeifer. \u201eJetzt sind wir sehr froh, dass eine Entscheidung gefallen ist!\u201c<\/p>\n\n\n\n<p><strong>Wof\u00fcr steht der Name \u201cMarien-Pfarrsprengel\u201d?<\/strong><\/p>\n\n\n\n<p>\u201eDie Namenspatronin Maria begegnet uns im Pfarrsprengel an ganz verschiedenen Stellen\u201d, erl\u00e4utert Pastor Oliver Erckens. So sind die Kirchen in Siebenb\u00e4umen und Sandesneben Marienkirchen, in Sch\u00f6nberg gibt es die St. Marien-Kapelle. Alle drei sind benannt nach Maria, der Mutter Jesu. In der Berkenthiner Maria-Magdalenen-Kirche gibt es im Chorraum eine mehr als 500 Jahre alte Figur der Maria Magdalena, die zu den engsten Freund:innen Jesu geh\u00f6rte. Und in der Nusser Kirche findet sich ein Gem\u00e4lde aus der Reformationszeit, auf dem der Engel Maria die Geburt von Jesus ank\u00fcndigt.<\/p>\n\n\n\n<p><strong>Pfarrsprengel-Team ist viel unterwegs<\/strong><\/p>\n\n\n\n<p>Zum Team des Mariensprengels geh\u00f6ren die PastorInnen Jaan Thiesen (Berkenthin), Tobias Pfeifer (Nusse-Behlendorf), Doris Pfeifer (Sandesneben) und Oliver Erckens (Sandesneben und Siebenb\u00e4umen) und die Jugenddiakonin Svenja Leppin. Sie verantwortet im gesamten Pfarrsprengel die Jugendarbeit. Au\u00dferdem mit dabei ist seit kurzem Stefan Eggers. Er ist als Gemeindep\u00e4dagoge in den 13 Kitas im Mariensprengel f\u00fcr ErzieherInnen und Kinder da. Au\u00dferdem bietet er Kindergruppen an, die reihum an allen Orten stattfinden. Susanne Wischendorf k\u00fcmmert sich als Gemeindeassistentin darum, dass in den Kirchenb\u00fcros alles reibungslos l\u00e4uft. Ab dem Sommer gibt es au\u00dferdem eine neue gemeinsame Kirchenmusikerin: Johanna Drei\u00dfig.<\/p>\n\n\n\n<p>Die vergangenen Jahre der Umgestaltung haben viel Kraft gezogen. Mit reduzierten Pfarrstellen und sinkenden Mitgliederzahlen umzugehen, erfordert Flexibilit\u00e4t und das Verlassen alter Pfade. Dennoch ist der Tatendrang im Team weiterhin gro\u00df: \u201eEs geht darum, eine zukunftsf\u00e4hige Struktur zu haben und daf\u00fcr arbeiten wir alle!\u201c, so Doris Pfeifer.<\/p>\n\n\n<div class=\"wp-block-image is-style-rounded\">\n<figure class=\"aligncenter size-full is-resized\"><img fetchpriority=\"high\" decoding=\"async\" width=\"1000\" height=\"667\" src=\"https:\/\/herzogtum-direkt.de\/wp-content\/uploads\/2024\/01\/Kirchenkreis-LL-Berkenthin-Nusse-Sandesneben-2024-marien-pfarrsprengel-team-WEB.jpg\" alt=\"\" class=\"wp-image-57110\" style=\"width:632px;height:auto\" srcset=\"https:\/\/herzogtum-direkt.de\/wp-content\/uploads\/2024\/01\/Kirchenkreis-LL-Berkenthin-Nusse-Sandesneben-2024-marien-pfarrsprengel-team-WEB.jpg 1000w, https:\/\/herzogtum-direkt.de\/wp-content\/uploads\/2024\/01\/Kirchenkreis-LL-Berkenthin-Nusse-Sandesneben-2024-marien-pfarrsprengel-team-WEB-300x200.jpg 300w, https:\/\/herzogtum-direkt.de\/wp-content\/uploads\/2024\/01\/Kirchenkreis-LL-Berkenthin-Nusse-Sandesneben-2024-marien-pfarrsprengel-team-WEB-768x512.jpg 768w, https:\/\/herzogtum-direkt.de\/wp-content\/uploads\/2024\/01\/Kirchenkreis-LL-Berkenthin-Nusse-Sandesneben-2024-marien-pfarrsprengel-team-WEB-750x500.jpg 750w\" sizes=\"(max-width: 1000px) 100vw, 1000px\" \/><figcaption class=\"wp-element-caption\">Oliver Erckens, Susanne Wischendorf, Jaan Thiesen, Stefan Eggers, Doris und Tobias Pfeifer in der Maria-Magdalenen-Kirche in Berkenthin. Foto: Annkathrin Bornholdt, hfr<\/figcaption><\/figure>\n<\/div>\n\n\n<p><strong>Teamgeist ist nach au\u00dfen deutlich zu sp\u00fcren<\/strong><\/p>\n\n\n\n<p>Einmal w\u00f6chentlich trifft sich das Team zu einer digitalen \u201eLagebesprechung\u201c. \u201eLetztendlich geht es immer darum zu gucken, welche Themen sind grade wichtig und wie k\u00f6nnen wir sie gemeinsam angehen\u201c, sagt Jaan Thiesen. Dazu geh\u00f6ren auch Herzensprojekte wie die Sommerreise durch den Sprengel mit kleinen kulturell-geistlichen Veranstaltungen.<\/p>\n\n\n\n<p>F\u00fcr alle im Team hei\u00dft das: \u201eWir kommen viel herum!\u201c, lacht Stefan Eggers. Das Sch\u00f6ne dabei sei aber &#8211; da sind sich alle einig &#8211; dass sie alle in den Gemeinden bekannt sind und somit auch im Falle einer Vertretung keine Irritation entsteht. \u201eIch bekomme oft zur\u00fcckgemeldet, dass wir schon sehr als Team wahrgenommen werden, das freut mich\u201c, so Pastor Oliver Erckens.<\/p>\n","protected":false},"excerpt":{"rendered":"<p>Berkenthin\/Sandesneben\/Nusse (pm). Der Pfarrsprengel der Kirchengemeinden Sandesneben, Siebenb\u00e4umen, Berkenthin und Nusse-Behlendorf hat nun einen Namen: \u201ePfarrsprengel Marien &#8211; evangelisch hoch 4&#8243; darf er sich ganz offiziell nennen. Ein weiterer Schritt, der die Zusammenarbeit st\u00e4rkt. Seit einem Jahr bilden die Kirchengemeinden Berkenthin, Nusse-Behlendorf, Sandesneben und Siebenb\u00e4umen einen sogenannten Pfarrsprengel. Das hei\u00dft: Sie b\u00fcndeln ihre Kr\u00e4fte auf [&hellip;]<\/p>\n","protected":false},"author":2,"featured_media":3356,"comment_status":"closed","ping_status":"closed","sticky":false,"template":"","format":"standard","meta":{"jnews-multi-image_gallery":[],"jnews_single_post":{"subtitle":"","format":"standard","video":"","gallery":"","source_name":"","source_url":"","via_name":"","via_url":"","jpwt_enable_post_donation":"0","override_template":"0","override":[{"template":"1","single_blog_custom":"","parallax":"1","fullscreen":"1","layout":"right-sidebar","sidebar":"default-sidebar","second_sidebar":"default-sidebar","sticky_sidebar":"1","share_position":"top","share_float_style":"share-monocrhome","show_share_counter":"0","show_view_counter":"1","show_featured":"1","show_post_meta":"1","show_post_author":"1","show_post_author_image":"1","show_post_date":"1","post_date_format":"default","post_date_format_custom":"Y\/m\/d","show_post_category":"0","show_post_reading_time":"0","post_reading_time_wpm":"300","show_zoom_button":"0","zoom_button_out_step":"2","zoom_button_in_step":"3","show_post_tag":"1","show_prev_next_post":"0","show_popup_post":"1","number_popup_post":"1","show_author_box":"1","show_post_related":"1","show_inline_post_related":"0"}],"override_image_size":"0","image_override":[{"single_post_thumbnail_size":"crop-500","single_post_gallery_size":"crop-500"}],"trending_post":"0","trending_post_position":"meta","trending_post_label":"Trending","sponsored_post":"0","sponsored_post_label":"Sponsored by","sponsored_post_name":"","sponsored_post_url":"","sponsored_post_logo_enable":"0","sponsored_post_logo":"","sponsored_post_desc":"","disable_ad":"0"},"jnews_primary_category":{"id":"","hide":""},"jnews_social_meta":{"fb_title":"","fb_description":"","fb_image":"","twitter_title":"","twitter_description":"","twitter_image":""},"jnews_override_counter":{"override_view_counter":"0","view_counter_number":"0","override_share_counter":"0","share_counter_number":"0","override_like_counter":"0","like_counter_number":"0","override_dislike_counter":"0","dislike_counter_number":"0"},"jnews_post_split":{"enable_post_split":"0","post_split":[{"template":"1","tag":"h2","numbering":"asc","mode":"normal","first":"0","enable_toc":"0","toc_type":"normal"}]},"footnotes":""},"categories":[63,73,2],"tags":[224,118,3095,204,486,1214],"class_list":["post-57109","post","type-post","status-publish","format-standard","has-post-thumbnail","hentry","category-herzogtum-lauenburg","category-landleute","category-startseite","tag-behlendorf","tag-berkenthin","tag-kirche","tag-nusse","tag-sandesneben","tag-siebenbaeumen"],"_links":{"self":[{"href":"https:\/\/herzogtum-direkt.de\/index.php\/wp-json\/wp\/v2\/posts\/57109","targetHints":{"allow":["GET"]}}],"collection":[{"href":"https:\/\/herzogtum-direkt.de\/index.php\/wp-json\/wp\/v2\/posts"}],"about":[{"href":"https:\/\/herzogtum-direkt.de\/index.php\/wp-json\/wp\/v2\/types\/post"}],"author":[{"embeddable":true,"href":"https:\/\/herzogtum-direkt.de\/index.php\/wp-json\/wp\/v2\/users\/2"}],"replies":[{"embeddable":true,"href":"https:\/\/herzogtum-direkt.de\/index.php\/wp-json\/wp\/v2\/comments?post=57109"}],"version-history":[{"count":1,"href":"https:\/\/herzogtum-direkt.de\/index.php\/wp-json\/wp\/v2\/posts\/57109\/revisions"}],"predecessor-version":[{"id":57111,"href":"https:\/\/herzogtum-direkt.de\/index.php\/wp-json\/wp\/v2\/posts\/57109\/revisions\/57111"}],"wp:featuredmedia":[{"embeddable":true,"href":"https:\/\/herzogtum-direkt.de\/index.php\/wp-json\/wp\/v2\/media\/3356"}],"wp:attachment":[{"href":"https:\/\/herzogtum-direkt.de\/index.php\/wp-json\/wp\/v2\/media?parent=57109"}],"wp:term":[{"taxonomy":"category","embeddable":true,"href":"https:\/\/herzogtum-direkt.de\/index.php\/wp-json\/wp\/v2\/categories?post=57109"},{"taxonomy":"post_tag","embeddable":true,"href":"https:\/\/herzogtum-direkt.de\/index.php\/wp-json\/wp\/v2\/tags?post=57109"}],"curies":[{"name":"wp","href":"https:\/\/api.w.org\/{rel}","templated":true}]}}