{"id":56215,"date":"2023-12-10T06:45:00","date_gmt":"2023-12-10T04:45:00","guid":{"rendered":"https:\/\/herzogtum-direkt.de\/?p=56215"},"modified":"2023-12-05T10:52:00","modified_gmt":"2023-12-05T08:52:00","slug":"themenabend-wir-werden-grosseltern","status":"publish","type":"post","link":"https:\/\/herzogtum-direkt.de\/index.php\/2023\/12\/10\/themenabend-wir-werden-grosseltern\/","title":{"rendered":"Themenabend &#8222;Wir werden Gro\u00dfeltern&#8220;"},"content":{"rendered":"\n<p><strong>Ratzeburg\/Geesthacht (pm).<\/strong> Die Geburt eines Enkelkinds ist f\u00fcr Gro\u00dfeltern ein ganz besonderer Moment. Doch neben der Freude stellen sich auch Fragen ein: Wie sehe ich meine Rolle als Gro\u00dfmutter oder Gro\u00dfvater? Was hat sich ver\u00e4ndert, seit wir selbst Eltern wurden? Und wie lassen sich m\u00f6gliche Konflikte mit Kindern oder Schwiegerkindern gut l\u00f6sen?<\/p>\n\n\n\n<p>Die Autorin des Buches \u201eWir werden Gro\u00dfeltern\u201c Silke Geercken und die Moderatorin Christine Nolze kommen mit Interessierten am Mittwoch, 24. Januar 2024, im Familienzentrum Regenbogen (Neuer Krug 31) ins Gespr\u00e4ch. Beginn des 90-min\u00fctigen Themenabends \u201eWir werden Gro\u00dfeltern\u201c, der im Rahmen der Veranstaltungsreihe fff (fit f\u00fcr Familie) stattfindet, ist um 19 Uhr im Mehrzweckraum der st\u00e4dtischen Einrichtung. Der Eintritt ist frei. Weitergehende Informationen erteilt Anna Szwat, die Koordinatorin des Familienzentrums, unter 04152 89034 12 sowie\u00a0<a href=\"mailto:anna.szwat@geesthacht.de\" target=\"_blank\" rel=\"noreferrer noopener\">anna.szwat@geesthacht.de<\/a>. Sie nimmt auch Anmeldungen entgegen.\u00a0<\/p>\n","protected":false},"excerpt":{"rendered":"<p>Ratzeburg\/Geesthacht (pm). Die Geburt eines Enkelkinds ist f\u00fcr Gro\u00dfeltern ein ganz besonderer Moment. Doch neben der Freude stellen sich auch Fragen ein: Wie sehe ich meine Rolle als Gro\u00dfmutter oder Gro\u00dfvater? Was hat sich ver\u00e4ndert, seit wir selbst Eltern wurden? Und wie lassen sich m\u00f6gliche Konflikte mit Kindern oder Schwiegerkindern gut l\u00f6sen? Die Autorin des [&hellip;]<\/p>\n","protected":false},"author":2,"featured_media":10555,"comment_status":"closed","ping_status":"closed","sticky":false,"template":"","format":"standard","meta":{"jnews-multi-image_gallery":[],"jnews_single_post":{"subtitle":"","format":"standard","video":"","gallery":"","source_name":"","source_url":"","via_name":"","via_url":"","jpwt_enable_post_donation":"0","override_template":"0","override":[{"template":"1","single_blog_custom":"","parallax":"1","fullscreen":"1","layout":"right-sidebar","sidebar":"default-sidebar","second_sidebar":"default-sidebar","sticky_sidebar":"1","share_position":"top","share_float_style":"share-monocrhome","show_share_counter":"0","show_view_counter":"1","show_featured":"1","show_post_meta":"1","show_post_author":"1","show_post_author_image":"1","show_post_date":"1","post_date_format":"default","post_date_format_custom":"Y\/m\/d","show_post_category":"0","show_post_reading_time":"0","post_reading_time_wpm":"300","show_zoom_button":"0","zoom_button_out_step":"2","zoom_button_in_step":"3","show_post_tag":"1","show_prev_next_post":"0","show_popup_post":"1","number_popup_post":"1","show_author_box":"1","show_post_related":"1","show_inline_post_related":"0"}],"override_image_size":"0","image_override":[{"single_post_thumbnail_size":"crop-500","single_post_gallery_size":"crop-500"}],"trending_post":"0","trending_post_position":"meta","trending_post_label":"Trending","sponsored_post":"0","sponsored_post_label":"Sponsored by","sponsored_post_name":"","sponsored_post_url":"","sponsored_post_logo_enable":"0","sponsored_post_logo":"","sponsored_post_desc":"","disable_ad":"0"},"jnews_primary_category":{"id":"","hide":""},"jnews_social_meta":{"fb_title":"","fb_description":"","fb_image":"","twitter_title":"","twitter_description":"","twitter_image":""},"jnews_override_counter":{"override_view_counter":"0","view_counter_number":"0","override_share_counter":"0","share_counter_number":"0","override_like_counter":"0","like_counter_number":"0","override_dislike_counter":"0","dislike_counter_number":"0"},"jnews_post_split":{"enable_post_split":"0","post_split":[{"template":"1","tag":"h2","numbering":"asc","mode":"normal","first":"0","enable_toc":"0","toc_type":"normal"}]},"footnotes":""},"categories":[2625,63],"tags":[3619,776,249,114],"class_list":["post-56215","post","type-post","status-publish","format-standard","has-post-thumbnail","hentry","category-geesthacht","category-herzogtum-lauenburg","tag-baby","tag-familienbildungsstaette","tag-geesthacht","tag-ratzeburg"],"_links":{"self":[{"href":"https:\/\/herzogtum-direkt.de\/index.php\/wp-json\/wp\/v2\/posts\/56215","targetHints":{"allow":["GET"]}}],"collection":[{"href":"https:\/\/herzogtum-direkt.de\/index.php\/wp-json\/wp\/v2\/posts"}],"about":[{"href":"https:\/\/herzogtum-direkt.de\/index.php\/wp-json\/wp\/v2\/types\/post"}],"author":[{"embeddable":true,"href":"https:\/\/herzogtum-direkt.de\/index.php\/wp-json\/wp\/v2\/users\/2"}],"replies":[{"embeddable":true,"href":"https:\/\/herzogtum-direkt.de\/index.php\/wp-json\/wp\/v2\/comments?post=56215"}],"version-history":[{"count":1,"href":"https:\/\/herzogtum-direkt.de\/index.php\/wp-json\/wp\/v2\/posts\/56215\/revisions"}],"predecessor-version":[{"id":56216,"href":"https:\/\/herzogtum-direkt.de\/index.php\/wp-json\/wp\/v2\/posts\/56215\/revisions\/56216"}],"wp:featuredmedia":[{"embeddable":true,"href":"https:\/\/herzogtum-direkt.de\/index.php\/wp-json\/wp\/v2\/media\/10555"}],"wp:attachment":[{"href":"https:\/\/herzogtum-direkt.de\/index.php\/wp-json\/wp\/v2\/media?parent=56215"}],"wp:term":[{"taxonomy":"category","embeddable":true,"href":"https:\/\/herzogtum-direkt.de\/index.php\/wp-json\/wp\/v2\/categories?post=56215"},{"taxonomy":"post_tag","embeddable":true,"href":"https:\/\/herzogtum-direkt.de\/index.php\/wp-json\/wp\/v2\/tags?post=56215"}],"curies":[{"name":"wp","href":"https:\/\/api.w.org\/{rel}","templated":true}]}}