{"id":55501,"date":"2023-11-12T06:08:00","date_gmt":"2023-11-12T04:08:00","guid":{"rendered":"https:\/\/herzogtum-direkt.de\/?p=55501"},"modified":"2023-11-06T10:14:27","modified_gmt":"2023-11-06T08:14:27","slug":"maerchen-fuer-die-seele","status":"publish","type":"post","link":"https:\/\/herzogtum-direkt.de\/index.php\/2023\/11\/12\/maerchen-fuer-die-seele\/","title":{"rendered":"M\u00e4rchen f\u00fcr die Seele"},"content":{"rendered":"\n<p><strong>Anker (pm).<\/strong> \u201eTauchen Sie ein in die wunderbare Welt der M\u00e4rchen!\u201c, hei\u00dft es in der <a href=\"https:\/\/herzogtum-direkt.de\/wp-content\/uploads\/2023\/11\/Maerchen-2023-Plakat-Anker.pdf\">Ank\u00fcndigung f\u00fcr die Abendveranstaltung<\/a>, bei der Volksm\u00e4rchen aus aller Welt von Anja Wallbaum erz\u00e4hlt werden. Am Mittwoch, 29. November 2023 um 18 Uhr findet diese Veranstaltung f\u00fcr Erwachsene im Caf\u00e9 Brandtschatz in Anker statt.<\/p>\n\n\n\n<p>Mal heiter, mal ernst, ber\u00fchrend und ermutigend sind die Geschichten, die zum Nachdenken und Nachsp\u00fcren einladen. Unterst\u00fctzt von den sanften Kl\u00e4ngen ihrer keltischen Harfe nimmt Anja Wallbaum die Zuh\u00f6renden auf eine entspannende Reise in das Reich der M\u00e4rchen mit. Um Anmeldung bis zum Freitag, 24. November 2023 unter der Telefonnummer 04543 897 83 43 oder per Mail an <a rel=\"noreferrer noopener\" href=\"mailto:anjabergedorf@gmail.com\" target=\"_blank\">anjabergedorf@gmail.com<\/a> wird gebeten. Der Eintritt kostet 7 Euro pro Person, vor der Veranstaltung und in der Pause werden Getr\u00e4nke und kleine Snacks gegen Entgelt angeboten.<\/p>\n","protected":false},"excerpt":{"rendered":"<p>Anker (pm). \u201eTauchen Sie ein in die wunderbare Welt der M\u00e4rchen!\u201c, hei\u00dft es in der Ank\u00fcndigung f\u00fcr die Abendveranstaltung, bei der Volksm\u00e4rchen aus aller Welt von Anja Wallbaum erz\u00e4hlt werden. Am Mittwoch, 29. November 2023 um 18 Uhr findet diese Veranstaltung f\u00fcr Erwachsene im Caf\u00e9 Brandtschatz in Anker statt. Mal heiter, mal ernst, ber\u00fchrend und [&hellip;]<\/p>\n","protected":false},"author":2,"featured_media":55503,"comment_status":"closed","ping_status":"closed","sticky":false,"template":"","format":"standard","meta":{"jnews-multi-image_gallery":[],"jnews_single_post":{"subtitle":"","format":"standard","video":"","gallery":"","source_name":"","source_url":"","via_name":"","via_url":"","jpwt_enable_post_donation":"0","override_template":"0","override":[{"template":"1","single_blog_custom":"","parallax":"1","fullscreen":"1","layout":"right-sidebar","sidebar":"default-sidebar","second_sidebar":"default-sidebar","sticky_sidebar":"1","share_position":"top","share_float_style":"share-monocrhome","show_share_counter":"0","show_view_counter":"1","show_featured":"1","show_post_meta":"1","show_post_author":"1","show_post_author_image":"1","show_post_date":"1","post_date_format":"default","post_date_format_custom":"Y\/m\/d","show_post_category":"0","show_post_reading_time":"0","post_reading_time_wpm":"300","show_zoom_button":"0","zoom_button_out_step":"2","zoom_button_in_step":"3","show_post_tag":"1","show_prev_next_post":"0","show_popup_post":"1","number_popup_post":"1","show_author_box":"1","show_post_related":"1","show_inline_post_related":"0"}],"override_image_size":"0","image_override":[{"single_post_thumbnail_size":"crop-500","single_post_gallery_size":"crop-500"}],"trending_post":"0","trending_post_position":"meta","trending_post_label":"Trending","sponsored_post":"0","sponsored_post_label":"Sponsored by","sponsored_post_name":"","sponsored_post_url":"","sponsored_post_logo_enable":"0","sponsored_post_logo":"","sponsored_post_desc":"","disable_ad":"0"},"jnews_primary_category":{"id":"","hide":""},"jnews_social_meta":{"fb_title":"","fb_description":"","fb_image":"","twitter_title":"","twitter_description":"","twitter_image":""},"jnews_override_counter":{"override_view_counter":"0","view_counter_number":"0","override_share_counter":"0","share_counter_number":"0","override_like_counter":"0","like_counter_number":"0","override_dislike_counter":"0","dislike_counter_number":"0"},"jnews_post_split":{"enable_post_split":"0","post_split":[{"template":"1","tag":"h2","numbering":"asc","mode":"normal","first":"0","enable_toc":"0","toc_type":"normal"}]},"footnotes":""},"categories":[67,63,70],"tags":[1724,125,640,2519],"class_list":["post-55501","post","type-post","status-publish","format-standard","has-post-thumbnail","hentry","category-amt-sandesneben-nusse","category-herzogtum-lauenburg","category-kultur","tag-anker","tag-konzert","tag-lesung","tag-maerchen"],"_links":{"self":[{"href":"https:\/\/herzogtum-direkt.de\/index.php\/wp-json\/wp\/v2\/posts\/55501","targetHints":{"allow":["GET"]}}],"collection":[{"href":"https:\/\/herzogtum-direkt.de\/index.php\/wp-json\/wp\/v2\/posts"}],"about":[{"href":"https:\/\/herzogtum-direkt.de\/index.php\/wp-json\/wp\/v2\/types\/post"}],"author":[{"embeddable":true,"href":"https:\/\/herzogtum-direkt.de\/index.php\/wp-json\/wp\/v2\/users\/2"}],"replies":[{"embeddable":true,"href":"https:\/\/herzogtum-direkt.de\/index.php\/wp-json\/wp\/v2\/comments?post=55501"}],"version-history":[{"count":1,"href":"https:\/\/herzogtum-direkt.de\/index.php\/wp-json\/wp\/v2\/posts\/55501\/revisions"}],"predecessor-version":[{"id":55504,"href":"https:\/\/herzogtum-direkt.de\/index.php\/wp-json\/wp\/v2\/posts\/55501\/revisions\/55504"}],"wp:featuredmedia":[{"embeddable":true,"href":"https:\/\/herzogtum-direkt.de\/index.php\/wp-json\/wp\/v2\/media\/55503"}],"wp:attachment":[{"href":"https:\/\/herzogtum-direkt.de\/index.php\/wp-json\/wp\/v2\/media?parent=55501"}],"wp:term":[{"taxonomy":"category","embeddable":true,"href":"https:\/\/herzogtum-direkt.de\/index.php\/wp-json\/wp\/v2\/categories?post=55501"},{"taxonomy":"post_tag","embeddable":true,"href":"https:\/\/herzogtum-direkt.de\/index.php\/wp-json\/wp\/v2\/tags?post=55501"}],"curies":[{"name":"wp","href":"https:\/\/api.w.org\/{rel}","templated":true}]}}