{"id":55427,"date":"2023-11-02T10:52:31","date_gmt":"2023-11-02T08:52:31","guid":{"rendered":"https:\/\/herzogtum-direkt.de\/?p=55427"},"modified":"2023-11-02T10:52:32","modified_gmt":"2023-11-02T08:52:32","slug":"oktober-2023-ehrenamtler-der-moellner-wehr-wurden-29-mal-alarmiert","status":"publish","type":"post","link":"https:\/\/herzogtum-direkt.de\/index.php\/2023\/11\/02\/oktober-2023-ehrenamtler-der-moellner-wehr-wurden-29-mal-alarmiert\/","title":{"rendered":"Oktober 2023: Ehrenamtler der M\u00f6llner Wehr wurden 29-mal alarmiert\u00a0"},"content":{"rendered":"\n<p><strong>M\u00f6lln (ts).<\/strong> Einen festen Platz im Jahreskreis der M\u00f6llner Feuerwehr nimmt der gro\u00dfe Laternenumzug durch das Hansaviertel ein. Am Sonnabend, 28. Oktober startete, begleitet vom Spielmannszug der Freiwilligen Feuerwehr M\u00f6lln und dem Musikzug aus Talkau, nun schon zum 20. Mal der beliebte Laternenumzug. Der Dank der M\u00f6llner Wehr geht an alle, die diese Veranstaltung unterst\u00fctzt und so zum Gelingen beigetragen haben. &nbsp;<\/p>\n\n\n\n<p>Allein sechs Eins\u00e4tze, die durch automatische Brandmeldeanlagen beziehungsweise durch private Rauchwarnmelder verursacht wurden, stellten sich nach dem Eintreffen der Einsatzkr\u00e4fte als Fehlalarme heraus. Viermal wurden die Blaur\u00f6cke zudem zu Notfallt\u00fcr\u00f6ffnungen f\u00fcr den Rettungsdienst gerufen. Hinzu kam eine Tragehilfe. &nbsp;Die Mitglieder, die dem L\u00f6schzug-Gefahrgut angeh\u00f6ren, beteiligten sich am 14. Oktober an einer gro\u00dfen Alarm\u00fcbung in Lauenburg.<\/p>\n\n\n\n<p><strong>1. Oktober<\/strong> Viermal wurden die ehrenamtlichen Retter der M\u00f6llner Feuerwehr an diesem Tag gefordert. Neben einer Notfallt\u00fcr\u00f6ffnung und dem Alarm zweier Rauchwarnmelder in Wohnungen an der Bismarckstra\u00dfe und der Potsdamer Stra\u00dfe wurde die Hilfe um 16.34 Uhr noch nach einem Verkehrsunfall am ZOB ben\u00f6tigt. Vor Ort waren zwei Fahrzeuge mit vier Insassen miteinander kollidiert. Da einige Kr\u00e4fte des Rettungsdienstes einen l\u00e4ngeren Anfahrtsweg hatten, unterst\u00fctzten M\u00f6llner Feuerwehrkr\u00e4fte den bereits vor Ort anwesenden Rettungsdienst bei der Erstversorgung der Verletzten. Au\u00dferdem wurden ausgetretene Betriebsstoffe abgestreut.<\/p>\n\n\n\n<p><strong>2. Oktober<\/strong> Zwei Menschen konnten an diesem Nachmittag in Hammer von Feuerwehrleuten aus ihrem brennenden Haus gerettet werden. Das Feuer war im Keller des Einfamilienhauses ausgebrochen. Aufgrund der starken Rauchentwicklung und der Meldung, dass sich noch Personen in dem Haus befinden w\u00fcrden, wurde umgehend das Alarmstichwort auf \u201eFeuer 2\u201c erh\u00f6ht. Da zur Bek\u00e4mpfung des Feuers vor allem Atemschutzger\u00e4tetr\u00e4ger ben\u00f6tigt wurden, wurden um 16.30 Uhr auch entsprechende Kr\u00e4fte der M\u00f6llner Wehr alarmiert. Diese wurden dann aber nicht mehr ben\u00f6tigt und kehrten ohne weitere T\u00e4tigkeit ins Ger\u00e4tehaus zur\u00fcck.<\/p>\n\n\n<div class=\"wp-block-image\">\n<figure class=\"aligncenter size-full is-resized\"><img fetchpriority=\"high\" decoding=\"async\" width=\"1000\" height=\"875\" src=\"https:\/\/herzogtum-direkt.de\/wp-content\/uploads\/2023\/11\/2.-Oktober-Feuerwehr-Moelln-Unklare-Rauchentwicklung-Bereich-Muehlenplatz-hfr.jpg\" alt=\"\" class=\"wp-image-55429\" style=\"aspect-ratio:1.1428571428571428;width:476px;height:auto\" srcset=\"https:\/\/herzogtum-direkt.de\/wp-content\/uploads\/2023\/11\/2.-Oktober-Feuerwehr-Moelln-Unklare-Rauchentwicklung-Bereich-Muehlenplatz-hfr.jpg 1000w, https:\/\/herzogtum-direkt.de\/wp-content\/uploads\/2023\/11\/2.-Oktober-Feuerwehr-Moelln-Unklare-Rauchentwicklung-Bereich-Muehlenplatz-hfr-300x263.jpg 300w, https:\/\/herzogtum-direkt.de\/wp-content\/uploads\/2023\/11\/2.-Oktober-Feuerwehr-Moelln-Unklare-Rauchentwicklung-Bereich-Muehlenplatz-hfr-768x672.jpg 768w, https:\/\/herzogtum-direkt.de\/wp-content\/uploads\/2023\/11\/2.-Oktober-Feuerwehr-Moelln-Unklare-Rauchentwicklung-Bereich-Muehlenplatz-hfr-750x656.jpg 750w\" sizes=\"(max-width: 1000px) 100vw, 1000px\" \/><figcaption class=\"wp-element-caption\">2. Oktober 23 Unklare Rauchentwicklung im Bereich des M\u00fchlenplatzes. Foto: hfr<\/figcaption><\/figure>\n<\/div>\n\n\n<p><strong>2. Oktober<\/strong> Um 22.06 Uhr erreichte die M\u00e4nner und Frauen der Wehr aufgrund einer zuvor gemeldeten unklaren starken Rauchentwicklung im Bereich des M\u00fchlengangs das n\u00e4chste Hilfeersuchen des Tages. Die eingesetzten Kr\u00e4fte sowie Polizeibeamte suchten den Bereich ab, konnten aber zun\u00e4chst nichts Auff\u00e4lliges entdecken. Schlie\u00dflich konnte dann auf einem Grundst\u00fcck ein Lagerfeuer, das unter Aufsicht stand, als Ursache f\u00fcr die Rauchentwicklung ausgemacht werden. &nbsp;&nbsp;<\/p>\n\n\n\n<p><strong>5. Oktober<\/strong> Nachdem in Ratzeburg in einem Seniorenwohnsitz die Brandmeldeanlage ausgel\u00f6st hatte und das Teleskopfahrzeug der Ratzeburger Wehr als nicht einsatzbereit gemeldet war, wurde um 16.27 Uhr vorsichtshalber auch die Drehleiter der M\u00f6llner Wehr nach Ratzeburg beordert. Unmittelbar nach der Abfahrt vom Ger\u00e4tehaus erreichte die Einsatzkr\u00e4fte \u00fcber Funk die Nachricht, dass ihre Hilfe in Ratzeburg nicht mehr ben\u00f6tigt wird, da das Teleskopfahrzeug wieder einsatzf\u00e4hig war.<\/p>\n\n\n\n<p><strong>9. Oktober <\/strong>Um ein Kleinkind sowie einen Hund, die sich in einem verschlossenen Pkw auf dem Parkplatz vor dem M\u00f6llner Stadthaus befanden, aus ihrer misslichen Lage zu befreien, wurde um 9.41 Uhr die Hilfe der M\u00f6llner Wehr erbeten. Die Fahrerin hatte ihren PKW abgeschlossen, konnte das Fahrzeug dann nicht mehr \u00f6ffnen.<\/p>\n\n\n\n<p><strong>12. Oktober<\/strong> Als Fehlalarm stellte sich die Meldung \u00fcber einen brennenden Pkw auf der Fahrbahn des Grambeker Weges beim Eintreffen der um 10.47 Uhr alarmierten Einsatzkr\u00e4fte heraus.<\/p>\n\n\n\n<p><strong>15. Oktober <\/strong>Derzeit gibt es inM\u00f6lln eine City-Wache der Feuerwehr. Die City-Wache, die f\u00fcr die Dauer der Sperrung der Hauptstra\u00dfe eingerichtet ist befindet auf dem Gel\u00e4nde der ehemaligen Kl\u00e4ranlage. &nbsp;Auf dem R\u00fcckweg von einem Einsatz am Rudolf-Diesel-Weg, zu dem die Wehr aufgrund des Alarms einer Brandmeldeanlag gerufen worden war, erreichte die Besatzung des Fahrzeuges die Information, dass auf dem Geh- und Radweg am Bahndamm ein Baum auf den Weg zu fallen drohe. Die Gefahrenquelle wurde beseitigt.<\/p>\n\n\n\n<p><strong>16. Oktober<\/strong> Als die Bewohnerin eines Hauses am Rotdornweg der Mitarbeiterin eines Pflegedienstes die Haust\u00fcr aufgrund einer Sicherheitskette, die sich nicht \u00f6ffnen lie\u00df, nicht \u00f6ffnen konnte, wurde die Feuerwehr um Hilfe gebeten. Die um 6.42 Uhr alarmierten Kr\u00e4fte durchtrennten die Kette und verschafften somit der Pflegerin Zutritt zum Haus.<\/p>\n\n\n\n<p><strong>17. Oktober<\/strong> Die Mieter einer Wohnung im Untergeschoss eines Wohn- und Gesch\u00e4ftshauses an der Hauptstra\u00dfe bemerkten, dass Wasser aus dem Deckenbereich tropft und baten in ihrer Not um 1.54 Uhr die Feuerwehr um Hilfe. Da nicht festzustellen war, woher das Wasser kam, wurde nach R\u00fccksprache mit den Mietern der Hauptwasserhahn geschlossen. Wenig sp\u00e4ter konnten die 13 Ehrenamtler ihre unterbrochene Nachtruhe fortsetzen.<\/p>\n\n\n\n<p><strong>17. Oktober<\/strong> Um eine zirka 450 m lange \u00d6lspur im Bereich der Ratzeburger Stra\u00dfe zu beseitigen, alarmierte die Leitstelle um 12.32 Uhr Kr\u00e4fte der Wehr.&nbsp;<\/p>\n\n\n<div class=\"wp-block-image\">\n<figure class=\"aligncenter size-full\"><img decoding=\"async\" width=\"500\" height=\"667\" src=\"https:\/\/herzogtum-direkt.de\/wp-content\/uploads\/2023\/11\/Feuerwehr-Moelln-Oelspur-2023-hfr.jpg\" alt=\"\" class=\"wp-image-55430\" srcset=\"https:\/\/herzogtum-direkt.de\/wp-content\/uploads\/2023\/11\/Feuerwehr-Moelln-Oelspur-2023-hfr.jpg 500w, https:\/\/herzogtum-direkt.de\/wp-content\/uploads\/2023\/11\/Feuerwehr-Moelln-Oelspur-2023-hfr-225x300.jpg 225w\" sizes=\"(max-width: 500px) 100vw, 500px\" \/><figcaption class=\"wp-element-caption\">17. Oktober 23 Abstreuen einer \u00d6lspur in der Ratzeburger Stra\u00dfe. Foto: hfr<\/figcaption><\/figure>\n<\/div>\n\n\n<p><strong>21. Oktober<\/strong> W\u00e4hrend einer Ausbildungsveranstaltung am Feuerwehrger\u00e4tehaus erreichte die Anwesenden gegen 12 Uhr ein Anruf, indem mitgeteilt wurde, dass im Hempsch\u00f6rt ein Baum sehr schief stehen w\u00fcrde. Da die Gefahr bestand, dass der Baum aufgrund des Windes auf einen parkenden Pkw fallen k\u00f6nnte, wurde er abgenommen.<\/p>\n\n\n\n<p><strong>22. Oktober<\/strong> Als in Breitenfelde ein Holzschuppen brannte, wurden um 17.26 Uhr die Feuerwehren aus Breitenfelde und Alt-M\u00f6lln sowie sicherheitshalber die Drehleiter aus M\u00f6lln alarmiert. Kurz nach dem Eintreffen der ersten Kr\u00e4fte vor Ort wurde gemeldet, dass das Feuer unter Kontrolle sei. Somit war die Unterst\u00fctzung der M\u00f6llner Kr\u00e4fte nicht mehr erforderlich.<\/p>\n\n\n\n<p><strong>29. Oktober<\/strong> Ein starker Regenschauer, der gegen 20 Uhr \u00fcber M\u00f6lln niederging, setzte aufgrund verstopfter Regenabflusssiele einige Stra\u00dfen im Stadtgebiet unter Wasser. Besorgte B\u00fcrger setzten daraufhin einen Notruf ab. So r\u00fcckten Kr\u00e4fte, die um 20.03 Uhr alarmiert worden waren, zun\u00e4chst zur Hauptstra\u00dfe aus. Die im \u00fcberfluteten Bereich liegenden Siele wurden von Laub und Sand befreit, so dass das Wasser ablaufen konnte.&nbsp;<\/p>\n\n\n<div class=\"wp-block-image\">\n<figure class=\"aligncenter size-full is-resized\"><img decoding=\"async\" width=\"500\" height=\"667\" src=\"https:\/\/herzogtum-direkt.de\/wp-content\/uploads\/2023\/11\/Feuerwehr-Moelln-29.-Oktober-23-Hauptstrasse-unter-Wasser.jpg\" alt=\"\" class=\"wp-image-55431\" style=\"aspect-ratio:0.7496251874062968;width:302px;height:auto\" srcset=\"https:\/\/herzogtum-direkt.de\/wp-content\/uploads\/2023\/11\/Feuerwehr-Moelln-29.-Oktober-23-Hauptstrasse-unter-Wasser.jpg 500w, https:\/\/herzogtum-direkt.de\/wp-content\/uploads\/2023\/11\/Feuerwehr-Moelln-29.-Oktober-23-Hauptstrasse-unter-Wasser-225x300.jpg 225w\" sizes=\"(max-width: 500px) 100vw, 500px\" \/><figcaption class=\"wp-element-caption\">29. Oktober 23 Hauptstra\u00dfe unter Wasser. Foto: hfr<\/figcaption><\/figure>\n<\/div>\n\n\n<p>Da auch im Bereich Berliner Stra\u00dfe \/ Sechseichener Weg die Stra\u00dfe unter Wasser stehen sollte, fuhr dann ein Fahrzeug um 20.35 Uhr diesen Bereich an. Hier war aber die Polizei bereits t\u00e4tig geworden und hatte einen Fangkorb gereinigt, so dass das Wasser auch hier wieder ablaufen konnte. Somit war ein Einsatz der Feuerwehr nicht mehr n\u00f6tig.<\/p>\n\n\n<div class=\"wp-block-image is-style-rounded\">\n<figure class=\"aligncenter size-full is-resized\"><img loading=\"lazy\" decoding=\"async\" width=\"1000\" height=\"667\" src=\"https:\/\/herzogtum-direkt.de\/wp-content\/uploads\/2022\/11\/Laternenumzug-2022-Hansviertel-Feuerwehr-Moelln.jpg\" alt=\"\" class=\"wp-image-45364\" style=\"aspect-ratio:1.4992503748125936;width:784px;height:auto\" srcset=\"https:\/\/herzogtum-direkt.de\/wp-content\/uploads\/2022\/11\/Laternenumzug-2022-Hansviertel-Feuerwehr-Moelln.jpg 1000w, https:\/\/herzogtum-direkt.de\/wp-content\/uploads\/2022\/11\/Laternenumzug-2022-Hansviertel-Feuerwehr-Moelln-300x200.jpg 300w, https:\/\/herzogtum-direkt.de\/wp-content\/uploads\/2022\/11\/Laternenumzug-2022-Hansviertel-Feuerwehr-Moelln-768x512.jpg 768w, https:\/\/herzogtum-direkt.de\/wp-content\/uploads\/2022\/11\/Laternenumzug-2022-Hansviertel-Feuerwehr-Moelln-750x500.jpg 750w\" sizes=\"(max-width: 1000px) 100vw, 1000px\" \/><figcaption class=\"wp-element-caption\">Der Laternenumzug 2022 f\u00fchrte durch das M\u00f6llner Hansaviertel. Foto: Feuerwehr M\u00f6lln, hfr<\/figcaption><\/figure>\n<\/div>\n\n\n<p><strong>30. Oktober<\/strong> Aus einem Bagger, der auf einem Grundst\u00fcck an der Feuergr\u00e4fenstra\u00dfe abgestellt war, trat Hydraulik\u00f6l aus und sorgte um 13.23 Uhr f\u00fcr einen Einsatz der Wehr, die den Bereich abstreute.<\/p>\n","protected":false},"excerpt":{"rendered":"<p>M\u00f6lln (ts). Einen festen Platz im Jahreskreis der M\u00f6llner Feuerwehr nimmt der gro\u00dfe Laternenumzug durch das Hansaviertel ein. Am Sonnabend, 28. Oktober startete, begleitet vom Spielmannszug der Freiwilligen Feuerwehr M\u00f6lln und dem Musikzug aus Talkau, nun schon zum 20. Mal der beliebte Laternenumzug. Der Dank der M\u00f6llner Wehr geht an alle, die diese Veranstaltung unterst\u00fctzt [&hellip;]<\/p>\n","protected":false},"author":36,"featured_media":26780,"comment_status":"closed","ping_status":"closed","sticky":false,"template":"","format":"standard","meta":{"jnews-multi-image_gallery":[],"jnews_single_post":{"subtitle":"Gro\u00dfe Beteiligung beim diesj\u00e4hrigen Laternenumzug \u00a0\u00a0\u00a0\u00a0\u00a0\u00a0\u00a0\u00a0\u00a0\u00a0\u00a0\u00a0\u00a0\u00a0\u00a0\u00a0\u00a0\u00a0","format":"standard","video":"","gallery":"","source_name":"","source_url":"","via_name":"","via_url":"","jpwt_enable_post_donation":"0","override_template":"0","override":[{"template":"1","single_blog_custom":"","parallax":"1","fullscreen":"1","layout":"right-sidebar","sidebar":"default-sidebar","second_sidebar":"default-sidebar","sticky_sidebar":"1","share_position":"top","share_float_style":"share-monocrhome","show_share_counter":"0","show_view_counter":"1","show_featured":"1","show_post_meta":"1","show_post_author":"1","show_post_author_image":"1","show_post_date":"1","post_date_format":"default","post_date_format_custom":"Y\/m\/d","show_post_category":"0","show_post_reading_time":"0","post_reading_time_wpm":"300","show_zoom_button":"0","zoom_button_out_step":"2","zoom_button_in_step":"3","show_post_tag":"1","show_prev_next_post":"0","show_popup_post":"1","number_popup_post":"1","show_author_box":"1","show_post_related":"1","show_inline_post_related":"0"}],"override_image_size":"0","image_override":[{"single_post_thumbnail_size":"crop-500","single_post_gallery_size":"crop-500"}],"trending_post":"0","trending_post_position":"meta","trending_post_label":"Trending","sponsored_post":"0","sponsored_post_label":"Sponsored by","sponsored_post_name":"","sponsored_post_url":"","sponsored_post_logo_enable":"0","sponsored_post_logo":"","sponsored_post_desc":"","disable_ad":"0"},"jnews_primary_category":{"id":"","hide":""},"jnews_social_meta":{"fb_title":"","fb_description":"","fb_image":"","twitter_title":"","twitter_description":"","twitter_image":""},"jnews_override_counter":{"override_view_counter":"0","view_counter_number":"0","override_share_counter":"0","share_counter_number":"0","override_like_counter":"0","like_counter_number":"0","override_dislike_counter":"0","dislike_counter_number":"0"},"jnews_post_split":{"enable_post_split":"0","post_split":[{"template":"1","tag":"h2","numbering":"asc","mode":"normal","first":"0","enable_toc":"0","toc_type":"normal"}]},"footnotes":""},"categories":[63,66,2],"tags":[301,275,133],"class_list":["post-55427","post","type-post","status-publish","format-standard","has-post-thumbnail","hentry","category-herzogtum-lauenburg","category-moelln","category-startseite","tag-ehrenamt","tag-freiwillige-feuerwehr-moelln","tag-moelln"],"_links":{"self":[{"href":"https:\/\/herzogtum-direkt.de\/index.php\/wp-json\/wp\/v2\/posts\/55427","targetHints":{"allow":["GET"]}}],"collection":[{"href":"https:\/\/herzogtum-direkt.de\/index.php\/wp-json\/wp\/v2\/posts"}],"about":[{"href":"https:\/\/herzogtum-direkt.de\/index.php\/wp-json\/wp\/v2\/types\/post"}],"author":[{"embeddable":true,"href":"https:\/\/herzogtum-direkt.de\/index.php\/wp-json\/wp\/v2\/users\/36"}],"replies":[{"embeddable":true,"href":"https:\/\/herzogtum-direkt.de\/index.php\/wp-json\/wp\/v2\/comments?post=55427"}],"version-history":[{"count":4,"href":"https:\/\/herzogtum-direkt.de\/index.php\/wp-json\/wp\/v2\/posts\/55427\/revisions"}],"predecessor-version":[{"id":55434,"href":"https:\/\/herzogtum-direkt.de\/index.php\/wp-json\/wp\/v2\/posts\/55427\/revisions\/55434"}],"wp:featuredmedia":[{"embeddable":true,"href":"https:\/\/herzogtum-direkt.de\/index.php\/wp-json\/wp\/v2\/media\/26780"}],"wp:attachment":[{"href":"https:\/\/herzogtum-direkt.de\/index.php\/wp-json\/wp\/v2\/media?parent=55427"}],"wp:term":[{"taxonomy":"category","embeddable":true,"href":"https:\/\/herzogtum-direkt.de\/index.php\/wp-json\/wp\/v2\/categories?post=55427"},{"taxonomy":"post_tag","embeddable":true,"href":"https:\/\/herzogtum-direkt.de\/index.php\/wp-json\/wp\/v2\/tags?post=55427"}],"curies":[{"name":"wp","href":"https:\/\/api.w.org\/{rel}","templated":true}]}}