{"id":55415,"date":"2023-11-01T12:05:02","date_gmt":"2023-11-01T10:05:02","guid":{"rendered":"https:\/\/herzogtum-direkt.de\/?p=55415"},"modified":"2023-11-01T12:05:04","modified_gmt":"2023-11-01T10:05:04","slug":"zeitreise-eine-musikalische-lesung-der-deutschen-musikikone-inga-rumpf-in-moelln","status":"publish","type":"post","link":"https:\/\/herzogtum-direkt.de\/index.php\/2023\/11\/01\/zeitreise-eine-musikalische-lesung-der-deutschen-musikikone-inga-rumpf-in-moelln\/","title":{"rendered":"Zeitreise &#8211; eine musikalische Lesung der deutschen Musikikone Inga Rumpf in M\u00f6lln"},"content":{"rendered":"\n<p><strong>M\u00f6lln (pm).<\/strong> Am Sonntag, 12. November 2023 geht die K\u00fcnstlerin Inga Rumpf auf eine musikalisch- biographische Zeitreise durch ihr Musikerinnenleben. Inga Rumpf liest, singt und spielt Musik in Wort, Schrift und Gesang, denn nat\u00fcrlich wird sie sich auch ans Klavier setzen oder ihre geliebte Gitarre in die Hand nehmen.<\/p>\n\n\n\n<p>Als Songwriterin und S\u00e4ngerin zahlloser Alltime-Klassiker der Rock-\/Pop- und Soulmusik, des Blues, Rhythm\u2019n\u2019Blues, Jazz, Gospel und Folk ist Inga Rumpf zu einer Ikone der Musikszene avanciert. Auf ihren Tourneen rund um den Globus ist sie vom Publikum geliebt und von den Kritikern gefeiert worden. Auf ihrer musikalischen Lesereise kommt Inga dem Publikum ganz nah. Die musikalische Lesung im Stadthauptmannshof in der Hauptstra\u00dfe 150, beginnt um 19 Uhr und kommt in einer Kooperation des F\u00f6rdervereins M\u00f6llner Folksfeste mit der Stiftung Herzogtum Lauenburg zustande.F\u00fcr die ausverkaufte Lesung gibt es die M\u00f6glichkeit sich unter info@folksfest-moelln.de oder unter der Telefonnummer 04542 \/ 870 00 auf eine Warteliste einzutragen, falls Karten (25 Euro) wieder frei werden.<\/p>\n","protected":false},"excerpt":{"rendered":"<p>M\u00f6lln (pm). Am Sonntag, 12. November 2023 geht die K\u00fcnstlerin Inga Rumpf auf eine musikalisch- biographische Zeitreise durch ihr Musikerinnenleben. Inga Rumpf liest, singt und spielt Musik in Wort, Schrift und Gesang, denn nat\u00fcrlich wird sie sich auch ans Klavier setzen oder ihre geliebte Gitarre in die Hand nehmen. Als Songwriterin und S\u00e4ngerin zahlloser Alltime-Klassiker [&hellip;]<\/p>\n","protected":false},"author":2,"featured_media":55416,"comment_status":"closed","ping_status":"closed","sticky":false,"template":"","format":"standard","meta":{"jnews-multi-image_gallery":[],"jnews_single_post":{"subtitle":"","format":"standard","video":"","gallery":"","source_name":"","source_url":"","via_name":"","via_url":"","jpwt_enable_post_donation":"0","override_template":"0","override":[{"template":"1","single_blog_custom":"","parallax":"1","fullscreen":"1","layout":"right-sidebar","sidebar":"default-sidebar","second_sidebar":"default-sidebar","sticky_sidebar":"1","share_position":"top","share_float_style":"share-monocrhome","show_share_counter":"0","show_view_counter":"1","show_featured":"1","show_post_meta":"1","show_post_author":"1","show_post_author_image":"1","show_post_date":"1","post_date_format":"default","post_date_format_custom":"Y\/m\/d","show_post_category":"0","show_post_reading_time":"0","post_reading_time_wpm":"300","show_zoom_button":"0","zoom_button_out_step":"2","zoom_button_in_step":"3","show_post_tag":"1","show_prev_next_post":"0","show_popup_post":"1","number_popup_post":"1","show_author_box":"1","show_post_related":"1","show_inline_post_related":"0"}],"override_image_size":"0","image_override":[{"single_post_thumbnail_size":"crop-500","single_post_gallery_size":"crop-500"}],"trending_post":"0","trending_post_position":"meta","trending_post_label":"Trending","sponsored_post":"0","sponsored_post_label":"Sponsored by","sponsored_post_name":"","sponsored_post_url":"","sponsored_post_logo_enable":"0","sponsored_post_logo":"","sponsored_post_desc":"","disable_ad":"0"},"jnews_primary_category":{"id":"","hide":""},"jnews_social_meta":{"fb_title":"","fb_description":"","fb_image":"","twitter_title":"","twitter_description":"","twitter_image":""},"jnews_override_counter":{"override_view_counter":"0","view_counter_number":"0","override_share_counter":"0","share_counter_number":"0","override_like_counter":"0","like_counter_number":"0","override_dislike_counter":"0","dislike_counter_number":"0"},"jnews_post_split":{"enable_post_split":"0","post_split":[{"template":"1","tag":"h2","numbering":"asc","mode":"normal","first":"0","enable_toc":"0","toc_type":"normal"}]},"footnotes":""},"categories":[63,70,66],"tags":[191,640,133,3262,752],"class_list":["post-55415","post","type-post","status-publish","format-standard","has-post-thumbnail","hentry","category-herzogtum-lauenburg","category-kultur","category-moelln","tag-folk","tag-lesung","tag-moelln","tag-stadthauptmannshof","tag-stiftung-herzogtum-lauenburg"],"_links":{"self":[{"href":"https:\/\/herzogtum-direkt.de\/index.php\/wp-json\/wp\/v2\/posts\/55415","targetHints":{"allow":["GET"]}}],"collection":[{"href":"https:\/\/herzogtum-direkt.de\/index.php\/wp-json\/wp\/v2\/posts"}],"about":[{"href":"https:\/\/herzogtum-direkt.de\/index.php\/wp-json\/wp\/v2\/types\/post"}],"author":[{"embeddable":true,"href":"https:\/\/herzogtum-direkt.de\/index.php\/wp-json\/wp\/v2\/users\/2"}],"replies":[{"embeddable":true,"href":"https:\/\/herzogtum-direkt.de\/index.php\/wp-json\/wp\/v2\/comments?post=55415"}],"version-history":[{"count":1,"href":"https:\/\/herzogtum-direkt.de\/index.php\/wp-json\/wp\/v2\/posts\/55415\/revisions"}],"predecessor-version":[{"id":55417,"href":"https:\/\/herzogtum-direkt.de\/index.php\/wp-json\/wp\/v2\/posts\/55415\/revisions\/55417"}],"wp:featuredmedia":[{"embeddable":true,"href":"https:\/\/herzogtum-direkt.de\/index.php\/wp-json\/wp\/v2\/media\/55416"}],"wp:attachment":[{"href":"https:\/\/herzogtum-direkt.de\/index.php\/wp-json\/wp\/v2\/media?parent=55415"}],"wp:term":[{"taxonomy":"category","embeddable":true,"href":"https:\/\/herzogtum-direkt.de\/index.php\/wp-json\/wp\/v2\/categories?post=55415"},{"taxonomy":"post_tag","embeddable":true,"href":"https:\/\/herzogtum-direkt.de\/index.php\/wp-json\/wp\/v2\/tags?post=55415"}],"curies":[{"name":"wp","href":"https:\/\/api.w.org\/{rel}","templated":true}]}}