{"id":55410,"date":"2023-11-01T10:37:38","date_gmt":"2023-11-01T08:37:38","guid":{"rendered":"https:\/\/herzogtum-direkt.de\/?p=55410"},"modified":"2023-11-01T10:37:39","modified_gmt":"2023-11-01T08:37:39","slug":"weihnachtspaeckchenkonvoi-gemeinsam-freude-schenken","status":"publish","type":"post","link":"https:\/\/herzogtum-direkt.de\/index.php\/2023\/11\/01\/weihnachtspaeckchenkonvoi-gemeinsam-freude-schenken\/","title":{"rendered":"Weihnachtsp\u00e4ckchenkonvoi \u2013 \u201eGemeinsam Freude schenken\u201c"},"content":{"rendered":"\n<p><strong>B\u00fcchen (pm).<\/strong> Die Firma RAMPA ruft alle engagierten B\u00fcrgerinnen und B\u00fcrger aus B\u00fcchen und Umgebung dazu auf, sich an der herzlichen Aktion des Weihnachtsp\u00e4ckchenkonvois 2023 zu beteiligen. \u201eBis zum Mittwoch, 15. November sammeln wir f\u00fcr bed\u00fcrftige Kinder in Osteuropa, um gemeinsam zur Weihnachtszeit Freude zu schenken.\u201c<\/p>\n\n\n\n<p>Ziel dieser besonderen Initiative ist es, bed\u00fcrftigen Kindern in entlegenen und l\u00e4ndlichen Regionen Osteuropas ein strahlendes Weihnachtsfest zu bereiten. Der Weihnachtsp\u00e4ckchenkonvoi bringt die Weihnachtsgeschenke zu Waisen- und Krankenh\u00e4usern, Behinderteneinrichtungen, Kinderg\u00e4rten und Schulen in den \u00e4rmsten und entlegensten Regionen Osteuropas, gezielt in Ungarn, Serbien und der Ukraine zum Beispiel. F\u00fcr viele dieser Kinder ist es das einzige Geschenk, das sie zu Weihnachten bekommen.<\/p>\n\n\n\n<p>Unter dem Motto &#8222;Gemeinsam Freude schenken&#8220; l\u00e4dt RAMPA dazu ein, anpackend und als M\u00f6glichmacher bis zum Mittwoch, 15. November im Lager von RAMPA (Auf der Heide 8 in B\u00fcchen) fertig eingepackte, kinderfreundliche Geschenke abzugeben. Als Sammelstelle hat sich das Unternehmen vorgenommen, 700 Geschenke zusammenzubekommen. Die Geb\u00fchren f\u00fcr Transport und Logistik in H\u00f6he von zwei Euro je Geschenk \u00fcbernimmt der Betrieb.<\/p>\n\n\n\n<p>Die Teilnahme an der Aktion ist denkbar einfach: Bei RAMPA werden Geschenke f\u00fcr Kinder jeden Alters und Geschlechts gesammelt. Auf dem Geschenk ist zu markieren, ob das Geschenk f\u00fcr Jungen oder M\u00e4dchen im entsprechenden Alter gedacht ist, damit vor Ort die Verteilung reibungslos und gezielt verl\u00e4uft. Hierf\u00fcr stellen wir Vordrucke zur Verf\u00fcgung, entweder als Flyer vor Ort bei RAMPA abzuholen oder digital zum Ausdrucken \u00fcber die Website <a href=\"http:\/\/www.rampa.com\" target=\"_blank\" rel=\"noreferrer noopener\">www.rampa.com<\/a>. Die Geschenke sollten neuwertig oder sehr gut erhalten sein, kindgerecht, gut haltbar und gerne auch n\u00fctzlich. Weitere Infos dazu sind auf der Internetseite des Veranstalters zu finden (<a href=\"https:\/\/weihnachtspaeckchenkonvoi.de\/\" target=\"_blank\" rel=\"noreferrer noopener\">https:\/\/weihnachtspaeckchenkonvoi.de\/<\/a>). Das RAMPA Team freut sich auf eine rege Teilnahme und auf ein gemeinsames Engagement f\u00fcr diese wohlt\u00e4tige Aktion.<\/p>\n","protected":false},"excerpt":{"rendered":"<p>B\u00fcchen (pm). Die Firma RAMPA ruft alle engagierten B\u00fcrgerinnen und B\u00fcrger aus B\u00fcchen und Umgebung dazu auf, sich an der herzlichen Aktion des Weihnachtsp\u00e4ckchenkonvois 2023 zu beteiligen. \u201eBis zum Mittwoch, 15. November sammeln wir f\u00fcr bed\u00fcrftige Kinder in Osteuropa, um gemeinsam zur Weihnachtszeit Freude zu schenken.\u201c Ziel dieser besonderen Initiative ist es, bed\u00fcrftigen Kindern in [&hellip;]<\/p>\n","protected":false},"author":2,"featured_media":46071,"comment_status":"closed","ping_status":"closed","sticky":false,"template":"","format":"standard","meta":{"jnews-multi-image_gallery":[],"jnews_single_post":{"subtitle":"","format":"standard","video":"","gallery":"","source_name":"","source_url":"","via_name":"","via_url":"","jpwt_enable_post_donation":"0","override_template":"0","override":[{"template":"1","single_blog_custom":"","parallax":"1","fullscreen":"1","layout":"right-sidebar","sidebar":"default-sidebar","second_sidebar":"default-sidebar","sticky_sidebar":"1","share_position":"top","share_float_style":"share-monocrhome","show_share_counter":"0","show_view_counter":"1","show_featured":"1","show_post_meta":"1","show_post_author":"1","show_post_author_image":"1","show_post_date":"1","post_date_format":"default","post_date_format_custom":"Y\/m\/d","show_post_category":"0","show_post_reading_time":"0","post_reading_time_wpm":"300","show_zoom_button":"0","zoom_button_out_step":"2","zoom_button_in_step":"3","show_post_tag":"1","show_prev_next_post":"0","show_popup_post":"1","number_popup_post":"1","show_author_box":"1","show_post_related":"1","show_inline_post_related":"0"}],"override_image_size":"0","image_override":[{"single_post_thumbnail_size":"crop-500","single_post_gallery_size":"crop-500"}],"trending_post":"0","trending_post_position":"meta","trending_post_label":"Trending","sponsored_post":"0","sponsored_post_label":"Sponsored by","sponsored_post_name":"","sponsored_post_url":"","sponsored_post_logo_enable":"0","sponsored_post_logo":"","sponsored_post_desc":"","disable_ad":"0"},"jnews_primary_category":{"id":"","hide":""},"jnews_social_meta":{"fb_title":"","fb_description":"","fb_image":"","twitter_title":"","twitter_description":"","twitter_image":""},"jnews_override_counter":{"override_view_counter":"0","view_counter_number":"0","override_share_counter":"0","share_counter_number":"0","override_like_counter":"0","like_counter_number":"0","override_dislike_counter":"0","dislike_counter_number":"0"},"jnews_post_split":{"enable_post_split":"0","post_split":[{"template":"1","tag":"h2","numbering":"asc","mode":"normal","first":"0","enable_toc":"0","toc_type":"normal"}]},"footnotes":""},"categories":[2650,110,63],"tags":[141,3258,1852,1779],"class_list":["post-55410","post","type-post","status-publish","format-standard","has-post-thumbnail","hentry","category-buechen","category-europa","category-herzogtum-lauenburg","tag-buechen","tag-spendenaufruf","tag-weihnachten","tag-weihnachtsgeschenk"],"_links":{"self":[{"href":"https:\/\/herzogtum-direkt.de\/index.php\/wp-json\/wp\/v2\/posts\/55410","targetHints":{"allow":["GET"]}}],"collection":[{"href":"https:\/\/herzogtum-direkt.de\/index.php\/wp-json\/wp\/v2\/posts"}],"about":[{"href":"https:\/\/herzogtum-direkt.de\/index.php\/wp-json\/wp\/v2\/types\/post"}],"author":[{"embeddable":true,"href":"https:\/\/herzogtum-direkt.de\/index.php\/wp-json\/wp\/v2\/users\/2"}],"replies":[{"embeddable":true,"href":"https:\/\/herzogtum-direkt.de\/index.php\/wp-json\/wp\/v2\/comments?post=55410"}],"version-history":[{"count":1,"href":"https:\/\/herzogtum-direkt.de\/index.php\/wp-json\/wp\/v2\/posts\/55410\/revisions"}],"predecessor-version":[{"id":55411,"href":"https:\/\/herzogtum-direkt.de\/index.php\/wp-json\/wp\/v2\/posts\/55410\/revisions\/55411"}],"wp:featuredmedia":[{"embeddable":true,"href":"https:\/\/herzogtum-direkt.de\/index.php\/wp-json\/wp\/v2\/media\/46071"}],"wp:attachment":[{"href":"https:\/\/herzogtum-direkt.de\/index.php\/wp-json\/wp\/v2\/media?parent=55410"}],"wp:term":[{"taxonomy":"category","embeddable":true,"href":"https:\/\/herzogtum-direkt.de\/index.php\/wp-json\/wp\/v2\/categories?post=55410"},{"taxonomy":"post_tag","embeddable":true,"href":"https:\/\/herzogtum-direkt.de\/index.php\/wp-json\/wp\/v2\/tags?post=55410"}],"curies":[{"name":"wp","href":"https:\/\/api.w.org\/{rel}","templated":true}]}}