{"id":55027,"date":"2023-10-17T11:39:03","date_gmt":"2023-10-17T09:39:03","guid":{"rendered":"https:\/\/herzogtum-direkt.de\/?p=55027"},"modified":"2023-10-17T11:39:04","modified_gmt":"2023-10-17T09:39:04","slug":"foerderpreisverleihung-des-soroptimist-club-ratzeburg","status":"publish","type":"post","link":"https:\/\/herzogtum-direkt.de\/index.php\/2023\/10\/17\/foerderpreisverleihung-des-soroptimist-club-ratzeburg\/","title":{"rendered":"F\u00f6rderpreisverleihung des Soroptimist Club Ratzeburg"},"content":{"rendered":"\n<p><strong>Ratzeburg\/Geesthacht (pm).<\/strong> Am Freitag, 13. Oktober, fand im Rokokosaal des Kreismuseums die Veranstaltung von <a href=\"https:\/\/clubratzeburg.soroptimist.de\/home\" target=\"_blank\" rel=\"noreferrer noopener\">Soroptimist International Club Ratzeburg<\/a> und Umland zur Verleihung des F\u00f6rderpreises statt. Der Club freute sich, dass \u00fcber 100 G\u00e4ste seiner Einladung gefolgt waren. Landrat Dr. Christoph Mager begleitet von Kreispr\u00e4sidentin Anja Harloff wie auch der Geesthachter B\u00fcrgermeister Olaf Schulze waren gekommen und sprachen Gru\u00dfworte.<\/p>\n\n\n\n<p>Landrat Dr. Mager stellte die Bedeutung ehrenamtlicher Arbeit f\u00fcr den Keis heraus. \u201eNicht nur sagen, es m\u00fcsse etwas getan werden, sondern es selbst tun, sei ein Kennzeichen vorbildlichen Engagements.\u201c B\u00fcrgermeister Schulte berichtete, wie die Arbeit des von der Preistr\u00e4gerin Ulrike Neidh\u00f6fer gegr\u00fcndeten und geleiteten<a href=\"http:\/\/www.industriemuseum-geesthacht.de\/\" target=\"_blank\" rel=\"noreferrer noopener\"> F\u00f6rderkreises Industriemuseum Geesthacht <\/a>den Blick auf die Industriegeschichte der Stadt ge\u00e4ndert habe, insbesondere auf Alfred Nobel. \u201eSie war immer f\u00fcr die Stadt eine kompetente Ansprechpartnerin.\u201c Die beiden Gemeinschaftsschulen seien nach Alfred Nobel und Bertha von Suttner benannt. Alfred Nobel hatte nach seinen intensiven Gespr\u00e4chen mit ihr zus\u00e4tzlich zu den Wissenschaftspreisen den Friedensnobelpreis ausgelobt, den sie 2005 erhielt.<\/p>\n\n\n\n<p>Ulrike Neidh\u00f6fer ist Museumsp\u00e4dagogin, Ethnologin und Lerntherapeutin. Sie leitet in Geesthacht die Nachhilfeschule Lernwerk. Dr. Christel Happach-Kasan schilderte in ihrer Laudatio den Lebensweg von Ulrike Neidh\u00f6fer von Frankfurt am Main nach Geesthacht. Vor 25 Jahren gr\u00fcndete sie mit Gleichgesinnten den F\u00f6rderkreis Industriemuseum Geestacht und leitet ihn seither. Ein Kern ist die Besch\u00e4ftigung mit Alfred Nobel, der 1866 in Kr\u00fcmmel das Dynamit erfand und 1867 patentierte. Es ist eines von 355 Patenten. In seiner Fabrik in Kr\u00fcmmel wurde der Grundstein gelegt f\u00fcr das Verm\u00f6gen, das nach seinem Tod entsprechend seinem Testament in die Nobelstiftung einging, die in jedem Jahr die Nobelpreise finanziert.<\/p>\n\n\n\n<p>Der Club Ratzeburg und Umland von Soroptimist International zeichnet Ulrike Neidh\u00f6fer mit dem F\u00f6rderpreis 2023 aus f\u00fcr ihre Initiative und ihr Engagement in Gr\u00fcndung und Leitung des F\u00f6rderkreises Industriemuseum Geesthacht, f\u00fcr ihre Kreativit\u00e4t, die Industriegeschichte Geesthachts lebendig zu machen, sie allen Altersgruppen zu vermitteln und insbesondere ihren Mut, dies durchaus sperrige Thema zu bearbeiten und darzustellen.<\/p>\n\n\n\n<p>In ihrer Erwiderung berichtete Ulrike Neidh\u00f6fer sehr lebhaft und engagiert aus der Arbeit des F\u00f6rderkreises, von der Kinderuniversit\u00e4t w\u00e4hrend der Nobel-Tage, vom Kontakt zur schwedischen Nobelstiftung, den vielen Spazierg\u00e4ngen auf den Spuren von Geesthachts Industriegeschichte, die der F\u00f6rderkreis in jedem Jahr durchf\u00fchrt. Ein Ziel ist immer der Kr\u00fcmmler Wasserturm, der den Blick auf das Elbufer von S\u00fcden pr\u00e4gt. Leider ist er einsturzgef\u00e4hrdet. Sie gr\u00fcndete den F\u00f6rderkreis, als in vielen Regionen Deutschlands Industriemuseen gegr\u00fcndet wurden. Das ist bis jetzt nur virtuell auf der Internestseite des F\u00f6rderkreises gelungen. Ulrike Neidh\u00f6fer hat alle begeistert.<\/p>\n\n\n\n<p>Ulrike Neidh\u00f6fer ist die vierte Preistr\u00e4gerin des Clubs Ratzeburg. Die Veranstaltung wurde musikalisch von Esther Jung und Lukas Kowalski begleitet. Beim anschlie\u00dfenden Sektempfang wurde zwischen Landrat und B\u00fcrgermeister sowie der Preistr\u00e4gerin verabredet, im kommenden Jahr die Geesthachter Industriegeschichte in einer Ausstellung im Kreismuseum zu pr\u00e4sentieren.<\/p>\n\n\n<div class=\"wp-block-image\">\n<figure class=\"aligncenter size-full is-resized\"><img fetchpriority=\"high\" decoding=\"async\" width=\"384\" height=\"133\" src=\"https:\/\/herzogtum-direkt.de\/wp-content\/uploads\/2022\/12\/logo-Soroptimist-.png\" alt=\"\" class=\"wp-image-46437\" style=\"aspect-ratio:2.887218045112782;width:251px;height:auto\" srcset=\"https:\/\/herzogtum-direkt.de\/wp-content\/uploads\/2022\/12\/logo-Soroptimist-.png 384w, https:\/\/herzogtum-direkt.de\/wp-content\/uploads\/2022\/12\/logo-Soroptimist--300x104.png 300w\" sizes=\"(max-width: 384px) 100vw, 384px\" \/><\/figure>\n<\/div>\n\n\n<p><strong>Das Ziel des F\u00f6rderpreises<\/strong>:<\/p>\n\n\n\n<p>Mit der Verleihung des F\u00f6rderpreises verfolgt der Ratzeburger Soroptimist Club das Ziel, Frauen Anerkennung f\u00fcr ihr gesellschaftliches Engagement zu geben. Es soll hervorgehoben werden, dass Frauen wie M\u00e4nner wichtige Leistungen f\u00fcr unsere Gesellschaft erbringen.<\/p>\n\n\n\n<p><strong>Vergabekriterium:<\/strong><\/p>\n\n\n\n<p>Mit dem Preis sollen Frauen ausgezeichnet werden, die in unserem Kreis wirken und sich in besonderer Weise und \u00fcber ihre berufliche Pflichterf\u00fcllung hinausgehend f\u00fcr Menschen, f\u00fcr Natur, Kultur, Bildung, Wissenschaft, Wirtschaft und soziale Belange in unserem Kreis engagieren.<\/p>\n","protected":false},"excerpt":{"rendered":"<p>Ratzeburg\/Geesthacht (pm). Am Freitag, 13. Oktober, fand im Rokokosaal des Kreismuseums die Veranstaltung von Soroptimist International Club Ratzeburg und Umland zur Verleihung des F\u00f6rderpreises statt. Der Club freute sich, dass \u00fcber 100 G\u00e4ste seiner Einladung gefolgt waren. Landrat Dr. Christoph Mager begleitet von Kreispr\u00e4sidentin Anja Harloff wie auch der Geesthachter B\u00fcrgermeister Olaf Schulze waren gekommen [&hellip;]<\/p>\n","protected":false},"author":2,"featured_media":55028,"comment_status":"closed","ping_status":"closed","sticky":false,"template":"","format":"standard","meta":{"jnews-multi-image_gallery":[],"jnews_single_post":{"subtitle":"","format":"standard","video":"","gallery":"","source_name":"","source_url":"","via_name":"","via_url":"","jpwt_enable_post_donation":"0","override_template":"0","override":[{"template":"1","single_blog_custom":"","parallax":"1","fullscreen":"1","layout":"right-sidebar","sidebar":"default-sidebar","second_sidebar":"default-sidebar","sticky_sidebar":"1","share_position":"top","share_float_style":"share-monocrhome","show_share_counter":"0","show_view_counter":"1","show_featured":"1","show_post_meta":"1","show_post_author":"1","show_post_author_image":"1","show_post_date":"1","post_date_format":"default","post_date_format_custom":"Y\/m\/d","show_post_category":"0","show_post_reading_time":"0","post_reading_time_wpm":"300","show_zoom_button":"0","zoom_button_out_step":"2","zoom_button_in_step":"3","show_post_tag":"1","show_prev_next_post":"0","show_popup_post":"1","number_popup_post":"1","show_author_box":"1","show_post_related":"1","show_inline_post_related":"0"}],"override_image_size":"0","image_override":[{"single_post_thumbnail_size":"crop-500","single_post_gallery_size":"crop-500"}],"trending_post":"0","trending_post_position":"meta","trending_post_label":"Trending","sponsored_post":"0","sponsored_post_label":"Sponsored by","sponsored_post_name":"","sponsored_post_url":"","sponsored_post_logo_enable":"0","sponsored_post_logo":"","sponsored_post_desc":"","disable_ad":"0"},"jnews_primary_category":{"id":"","hide":""},"jnews_social_meta":{"fb_title":"","fb_description":"","fb_image":"","twitter_title":"","twitter_description":"","twitter_image":""},"jnews_override_counter":{"override_view_counter":"0","view_counter_number":"0","override_share_counter":"0","share_counter_number":"0","override_like_counter":"0","like_counter_number":"0","override_dislike_counter":"0","dislike_counter_number":"0"},"jnews_post_split":{"enable_post_split":"0","post_split":[{"template":"1","tag":"h2","numbering":"asc","mode":"normal","first":"0","enable_toc":"0","toc_type":"normal"}]},"footnotes":""},"categories":[63,70,64],"tags":[249,3052,114,890],"class_list":["post-55027","post","type-post","status-publish","format-standard","has-post-thumbnail","hentry","category-herzogtum-lauenburg","category-kultur","category-ratzeburg","tag-geesthacht","tag-museum","tag-ratzeburg","tag-soroptimist"],"_links":{"self":[{"href":"https:\/\/herzogtum-direkt.de\/index.php\/wp-json\/wp\/v2\/posts\/55027","targetHints":{"allow":["GET"]}}],"collection":[{"href":"https:\/\/herzogtum-direkt.de\/index.php\/wp-json\/wp\/v2\/posts"}],"about":[{"href":"https:\/\/herzogtum-direkt.de\/index.php\/wp-json\/wp\/v2\/types\/post"}],"author":[{"embeddable":true,"href":"https:\/\/herzogtum-direkt.de\/index.php\/wp-json\/wp\/v2\/users\/2"}],"replies":[{"embeddable":true,"href":"https:\/\/herzogtum-direkt.de\/index.php\/wp-json\/wp\/v2\/comments?post=55027"}],"version-history":[{"count":1,"href":"https:\/\/herzogtum-direkt.de\/index.php\/wp-json\/wp\/v2\/posts\/55027\/revisions"}],"predecessor-version":[{"id":55030,"href":"https:\/\/herzogtum-direkt.de\/index.php\/wp-json\/wp\/v2\/posts\/55027\/revisions\/55030"}],"wp:featuredmedia":[{"embeddable":true,"href":"https:\/\/herzogtum-direkt.de\/index.php\/wp-json\/wp\/v2\/media\/55028"}],"wp:attachment":[{"href":"https:\/\/herzogtum-direkt.de\/index.php\/wp-json\/wp\/v2\/media?parent=55027"}],"wp:term":[{"taxonomy":"category","embeddable":true,"href":"https:\/\/herzogtum-direkt.de\/index.php\/wp-json\/wp\/v2\/categories?post=55027"},{"taxonomy":"post_tag","embeddable":true,"href":"https:\/\/herzogtum-direkt.de\/index.php\/wp-json\/wp\/v2\/tags?post=55027"}],"curies":[{"name":"wp","href":"https:\/\/api.w.org\/{rel}","templated":true}]}}