{"id":54972,"date":"2023-10-16T11:07:57","date_gmt":"2023-10-16T09:07:57","guid":{"rendered":"https:\/\/herzogtum-direkt.de\/?p=54972"},"modified":"2023-10-16T11:07:59","modified_gmt":"2023-10-16T09:07:59","slug":"celebrations-feiern-wie-die-hansekaufleute","status":"publish","type":"post","link":"https:\/\/herzogtum-direkt.de\/index.php\/2023\/10\/16\/celebrations-feiern-wie-die-hansekaufleute\/","title":{"rendered":"\u00bbCelebrations\u00ab \u2013 Feiern wie die Hansekaufleute"},"content":{"rendered":"\n<p><strong>M\u00f6lln (pm).<\/strong> Die Evangelisch-Lutherische Kirchengemeinde M\u00f6lln l\u00e4dt am Mittwoch, 18. Oktober zu einem ganz besonderen Konzert in die St. Nicolai-Kirche ein. Der Beginn der Veranstaltung ist um 19 Uhr.<\/p>\n\n\n\n<p>Das Europ\u00e4ische Hanse-Ensemble spielt im Rahmen seiner diesj\u00e4hrigen Tournee ein Konzert in M\u00f6lln. Unter der Leitung des renommierten Alte-Musik-Spezialisten Manfred Cordes pr\u00e4sentieren junge Talente von Musikhochschulen und Konservatorien aus ganz Europa festliche Kompositionen aus der Zeit um 1600. Das Projekt steht unter der Schirmherrschaft von L\u00fcbecks B\u00fcrgermeister Jan Lindenau und ist im Europ\u00e4ischen Hansemuseum angesiedelt.<\/p>\n\n\n\n<p>Die historischen Instrumente und Ges\u00e4nge aus der Sp\u00e4trenaissance und dem Fr\u00fchbarock entfalten eine Wehmut und Sehnsucht, die die Stimmung der Feste aus der Hansezeit einfangen und auf ber\u00fchrende Weise in die Gegenwart transportieren. Denn wie heute gab es auch in den alten Hansest\u00e4dten immer wieder Anl\u00e4sse zum Feiern: Geburtstage, Hochzeiten, Einweihungen, Promotionen, Friedensschl\u00fcsse, aber auch Anl\u00e4sse zum Trauern wie Begr\u00e4bnisse. Nicht zu vergessen sind die gro\u00dfen christlichen Feste des Kirchenjahres wie Ostern, Pfingsten und Trinitatis. Musik begleitete all diese Anl\u00e4sse und wurde h\u00e4ufig eigens daf\u00fcr komponiert \u2013 oft sogar nur f\u00fcr eine einzige Auff\u00fchrung. F\u00fcr die in den Hansest\u00e4dten angestellten Musiker waren diese \u00bbGelegenheitsmusiken\u00ab ein willkommener Nebenverdienst.<\/p>\n\n\n\n<p>F\u00fcr das diesj\u00e4hrige Programm hat Ensemble-Leiter Manfred Cordes Werke aus den Archiven geholt, die zu ganz konkreten Anl\u00e4ssen in K\u00f6nigsberg, Hamburg, L\u00fcneburg und anderen Hansest\u00e4dten entstanden sind. Diese musikalischen Sch\u00e4tze vergangener Epochen zeigen die hohe Qualit\u00e4t der damaligen Kompositionstechnik und umfassen Werke bekannter, heute aber oft vergessener Gr\u00f6\u00dfen der Hansezeit wie Thomas Selle oder Philipp Dulichius. Die 20 SolistInnen der Alte-Musik-Szene, die historische Instrumente wie Gambe, Zink oder Laute beherrschen, und diese Werke auf der \u00bbCelebrations\u00ab- Tournee pr\u00e4sentieren, kommen aus 13 Nationen und haben sich in intensiven Meisterkursen bew\u00e4hrt. \u00bbAuch wer es in diesem Jahr nicht in das Europ\u00e4ische Hanse-Ensemble geschafft hat, konnte von den Meisterkursen profitieren\u00ab, erkl\u00e4rt Manfred Cordes. \u00bbDenn hier geben renommierte DozentInnen ihr Wissen mit viel Leidenschaft und Engagement im kleinen Kreis weiter.\u00ab<\/p>\n\n\n\n<p>Im vergangenen Jahr wurde in Zusammenarbeit mit dem Label Classic Production Osnabr\u00fcck (cpo) und Deutschlandfunk Kultur die erste CD \u00bbMusik der Hansest\u00e4dte Vol. 1: Musik aus dem alten Stralsund\u00ab ver\u00f6ffentlicht. An der gro\u00dfen Orgel unterst\u00fctzt Kantor Thimo Neumann. Der Eintritt betr\u00e4gt 12 Euro (erm\u00e4\u00dfigt 8 Euro f\u00fcr Sch\u00fcler\/Studenten\/B\u00fcrgergeld-Empf\u00e4nger\/Menschen mit Schwerbehinderten-Ausweis, Kinder bis 12 Jahre frei).<\/p>\n","protected":false},"excerpt":{"rendered":"<p>M\u00f6lln (pm). Die Evangelisch-Lutherische Kirchengemeinde M\u00f6lln l\u00e4dt am Mittwoch, 18. Oktober zu einem ganz besonderen Konzert in die St. Nicolai-Kirche ein. Der Beginn der Veranstaltung ist um 19 Uhr. Das Europ\u00e4ische Hanse-Ensemble spielt im Rahmen seiner diesj\u00e4hrigen Tournee ein Konzert in M\u00f6lln. Unter der Leitung des renommierten Alte-Musik-Spezialisten Manfred Cordes pr\u00e4sentieren junge Talente von Musikhochschulen [&hellip;]<\/p>\n","protected":false},"author":2,"featured_media":54977,"comment_status":"closed","ping_status":"closed","sticky":false,"template":"","format":"standard","meta":{"jnews-multi-image_gallery":[],"jnews_single_post":{"subtitle":"Europ\u00e4isches Hanse-Ensemble zu Gast in M\u00f6lln","format":"standard","video":"","gallery":"","source_name":"","source_url":"","via_name":"","via_url":"","jpwt_enable_post_donation":"0","override_template":"0","override":[{"template":"1","single_blog_custom":"","parallax":"1","fullscreen":"1","layout":"right-sidebar","sidebar":"default-sidebar","second_sidebar":"default-sidebar","sticky_sidebar":"1","share_position":"top","share_float_style":"share-monocrhome","show_share_counter":"0","show_view_counter":"1","show_featured":"1","show_post_meta":"1","show_post_author":"1","show_post_author_image":"1","show_post_date":"1","post_date_format":"default","post_date_format_custom":"Y\/m\/d","show_post_category":"0","show_post_reading_time":"0","post_reading_time_wpm":"300","show_zoom_button":"0","zoom_button_out_step":"2","zoom_button_in_step":"3","show_post_tag":"1","show_prev_next_post":"0","show_popup_post":"1","number_popup_post":"1","show_author_box":"1","show_post_related":"1","show_inline_post_related":"0"}],"override_image_size":"0","image_override":[{"single_post_thumbnail_size":"crop-500","single_post_gallery_size":"crop-500"}],"trending_post":"0","trending_post_position":"meta","trending_post_label":"Trending","sponsored_post":"0","sponsored_post_label":"Sponsored by","sponsored_post_name":"","sponsored_post_url":"","sponsored_post_logo_enable":"0","sponsored_post_logo":"","sponsored_post_desc":"","disable_ad":"0"},"jnews_primary_category":{"id":"","hide":""},"jnews_social_meta":{"fb_title":"","fb_description":"","fb_image":"","twitter_title":"","twitter_description":"","twitter_image":""},"jnews_override_counter":{"override_view_counter":"0","view_counter_number":"0","override_share_counter":"0","share_counter_number":"0","override_like_counter":"0","like_counter_number":"0","override_dislike_counter":"0","dislike_counter_number":"0"},"jnews_post_split":{"enable_post_split":"0","post_split":[{"template":"1","tag":"h2","numbering":"asc","mode":"normal","first":"0","enable_toc":"0","toc_type":"normal"}]},"footnotes":""},"categories":[3757,63,66],"tags":[125,272,133,1162],"class_list":["post-54972","post","type-post","status-publish","format-standard","has-post-thumbnail","hentry","category-ausflugstipp","category-herzogtum-lauenburg","category-moelln","tag-konzert","tag-luebeck","tag-moelln","tag-st-nicolai-kirche"],"_links":{"self":[{"href":"https:\/\/herzogtum-direkt.de\/index.php\/wp-json\/wp\/v2\/posts\/54972","targetHints":{"allow":["GET"]}}],"collection":[{"href":"https:\/\/herzogtum-direkt.de\/index.php\/wp-json\/wp\/v2\/posts"}],"about":[{"href":"https:\/\/herzogtum-direkt.de\/index.php\/wp-json\/wp\/v2\/types\/post"}],"author":[{"embeddable":true,"href":"https:\/\/herzogtum-direkt.de\/index.php\/wp-json\/wp\/v2\/users\/2"}],"replies":[{"embeddable":true,"href":"https:\/\/herzogtum-direkt.de\/index.php\/wp-json\/wp\/v2\/comments?post=54972"}],"version-history":[{"count":2,"href":"https:\/\/herzogtum-direkt.de\/index.php\/wp-json\/wp\/v2\/posts\/54972\/revisions"}],"predecessor-version":[{"id":54980,"href":"https:\/\/herzogtum-direkt.de\/index.php\/wp-json\/wp\/v2\/posts\/54972\/revisions\/54980"}],"wp:featuredmedia":[{"embeddable":true,"href":"https:\/\/herzogtum-direkt.de\/index.php\/wp-json\/wp\/v2\/media\/54977"}],"wp:attachment":[{"href":"https:\/\/herzogtum-direkt.de\/index.php\/wp-json\/wp\/v2\/media?parent=54972"}],"wp:term":[{"taxonomy":"category","embeddable":true,"href":"https:\/\/herzogtum-direkt.de\/index.php\/wp-json\/wp\/v2\/categories?post=54972"},{"taxonomy":"post_tag","embeddable":true,"href":"https:\/\/herzogtum-direkt.de\/index.php\/wp-json\/wp\/v2\/tags?post=54972"}],"curies":[{"name":"wp","href":"https:\/\/api.w.org\/{rel}","templated":true}]}}