{"id":54795,"date":"2023-10-09T10:17:40","date_gmt":"2023-10-09T08:17:40","guid":{"rendered":"https:\/\/herzogtum-direkt.de\/?p=54795"},"modified":"2023-10-09T14:06:27","modified_gmt":"2023-10-09T12:06:27","slug":"auto-faehrt-in-hausfassade","status":"publish","type":"post","link":"https:\/\/herzogtum-direkt.de\/index.php\/2023\/10\/09\/auto-faehrt-in-hausfassade\/","title":{"rendered":"Auto f\u00e4hrt in Hausfassade"},"content":{"rendered":"\n<p><strong>Ratzeburg (pm).<\/strong> Am Sonntag, 8.Oktober 2023 kam es auf dem Ratzeburger Marktplatz zu einem Verkehrsunfall. Bei dem Unfall wurden zwei Personen verletzt.<\/p>\n\n\n\n<p>Nach dem ersten Erkenntnisstand befuhr um 1.15 Uhr ein 22- j\u00e4hriger Mann aus Ratzeburg mit einem PKW Daimler-Benz die Herrenstra\u00dfe in Ratzeburg und wollte auf dem Marktplatz weiter in Richtung Langenbr\u00fccker Stra\u00dfe. Auf dem Marktplatz verlor er beim Linksabbiegen die Kontrolle \u00fcber das Fahrzeug. Das Fahrzeug prallte in die Fassade eines Gesch\u00e4ftshauses. Der 23-j\u00e4hrige Beifahrer aus Ratzeburg und die 19-j\u00e4hrige Mitfahrerin aus dem Ratzeburger Umland wurden bei dem Unfall schwer, aber nicht lebensgef\u00e4hrlich, verletzt. Der Sachschaden wird auf zirka 19.000 Euro gesch\u00e4tzt.<\/p>\n\n\n\n<p>Ein bei dem unverletzten Fahrer freiwillig durchgef\u00fchrter Atemalkoholtest ergab einen vorl\u00e4ufigen Wert von 0,66 Promille. Durch die eingesetzten Beamten wurde eine Blutprobenentnahme angeordnet und der F\u00fchrerschein beschlagnahmt. Der 22- j\u00e4hrige Fahrer wird sich unter anderem wegen des Verdachts der Stra\u00dfenverkehrsgef\u00e4hrdung, Trunkenheit im Stra\u00dfenverkehr und fahrl\u00e4ssiger K\u00f6rperverletzung verantworten m\u00fcssen.<\/p>\n","protected":false},"excerpt":{"rendered":"<p>Ratzeburg (pm). Am Sonntag, 8.Oktober 2023 kam es auf dem Ratzeburger Marktplatz zu einem Verkehrsunfall. Bei dem Unfall wurden zwei Personen verletzt. Nach dem ersten Erkenntnisstand befuhr um 1.15 Uhr ein 22- j\u00e4hriger Mann aus Ratzeburg mit einem PKW Daimler-Benz die Herrenstra\u00dfe in Ratzeburg und wollte auf dem Marktplatz weiter in Richtung Langenbr\u00fccker Stra\u00dfe. Auf [&hellip;]<\/p>\n","protected":false},"author":2,"featured_media":54797,"comment_status":"closed","ping_status":"closed","sticky":false,"template":"","format":"standard","meta":{"jnews-multi-image_gallery":[],"jnews_single_post":{"subtitle":"","format":"standard","video":"","gallery":"","source_name":"","source_url":"","via_name":"","via_url":"","jpwt_enable_post_donation":"0","override_template":"0","override":[{"template":"1","single_blog_custom":"","parallax":"1","fullscreen":"1","layout":"right-sidebar","sidebar":"default-sidebar","second_sidebar":"default-sidebar","sticky_sidebar":"1","share_position":"top","share_float_style":"share-monocrhome","show_share_counter":"0","show_view_counter":"1","show_featured":"1","show_post_meta":"1","show_post_author":"1","show_post_author_image":"1","show_post_date":"1","post_date_format":"default","post_date_format_custom":"Y\/m\/d","show_post_category":"0","show_post_reading_time":"0","post_reading_time_wpm":"300","show_zoom_button":"0","zoom_button_out_step":"2","zoom_button_in_step":"3","show_post_tag":"1","show_prev_next_post":"0","show_popup_post":"1","number_popup_post":"1","show_author_box":"1","show_post_related":"1","show_inline_post_related":"0"}],"override_image_size":"0","image_override":[{"single_post_thumbnail_size":"crop-500","single_post_gallery_size":"crop-500"}],"trending_post":"0","trending_post_position":"meta","trending_post_label":"Trending","sponsored_post":"0","sponsored_post_label":"Sponsored by","sponsored_post_name":"","sponsored_post_url":"","sponsored_post_logo_enable":"0","sponsored_post_logo":"","sponsored_post_desc":"","disable_ad":"0"},"jnews_primary_category":{"id":"","hide":""},"jnews_social_meta":{"fb_title":"","fb_description":"","fb_image":"","twitter_title":"","twitter_description":"","twitter_image":""},"jnews_override_counter":{"override_view_counter":"0","view_counter_number":"0","override_share_counter":"0","share_counter_number":"0","override_like_counter":"0","like_counter_number":"0","override_dislike_counter":"0","dislike_counter_number":"0"},"jnews_post_split":{"enable_post_split":"0","post_split":[{"template":"1","tag":"h2","numbering":"asc","mode":"normal","first":"0","enable_toc":"0","toc_type":"normal"}]},"footnotes":""},"categories":[63,64,2],"tags":[1443,250,533],"class_list":["post-54795","post","type-post","status-publish","format-standard","has-post-thumbnail","hentry","category-herzogtum-lauenburg","category-ratzeburg","category-startseite","tag-alkohol","tag-polizeimeldung","tag-unfall"],"_links":{"self":[{"href":"https:\/\/herzogtum-direkt.de\/index.php\/wp-json\/wp\/v2\/posts\/54795","targetHints":{"allow":["GET"]}}],"collection":[{"href":"https:\/\/herzogtum-direkt.de\/index.php\/wp-json\/wp\/v2\/posts"}],"about":[{"href":"https:\/\/herzogtum-direkt.de\/index.php\/wp-json\/wp\/v2\/types\/post"}],"author":[{"embeddable":true,"href":"https:\/\/herzogtum-direkt.de\/index.php\/wp-json\/wp\/v2\/users\/2"}],"replies":[{"embeddable":true,"href":"https:\/\/herzogtum-direkt.de\/index.php\/wp-json\/wp\/v2\/comments?post=54795"}],"version-history":[{"count":1,"href":"https:\/\/herzogtum-direkt.de\/index.php\/wp-json\/wp\/v2\/posts\/54795\/revisions"}],"predecessor-version":[{"id":54796,"href":"https:\/\/herzogtum-direkt.de\/index.php\/wp-json\/wp\/v2\/posts\/54795\/revisions\/54796"}],"wp:featuredmedia":[{"embeddable":true,"href":"https:\/\/herzogtum-direkt.de\/index.php\/wp-json\/wp\/v2\/media\/54797"}],"wp:attachment":[{"href":"https:\/\/herzogtum-direkt.de\/index.php\/wp-json\/wp\/v2\/media?parent=54795"}],"wp:term":[{"taxonomy":"category","embeddable":true,"href":"https:\/\/herzogtum-direkt.de\/index.php\/wp-json\/wp\/v2\/categories?post=54795"},{"taxonomy":"post_tag","embeddable":true,"href":"https:\/\/herzogtum-direkt.de\/index.php\/wp-json\/wp\/v2\/tags?post=54795"}],"curies":[{"name":"wp","href":"https:\/\/api.w.org\/{rel}","templated":true}]}}