{"id":54322,"date":"2023-09-19T09:17:44","date_gmt":"2023-09-19T07:17:44","guid":{"rendered":"https:\/\/herzogtum-direkt.de\/?p=54322"},"modified":"2023-09-19T09:17:45","modified_gmt":"2023-09-19T07:17:45","slug":"radeln-am-gruenen-band","status":"publish","type":"post","link":"https:\/\/herzogtum-direkt.de\/index.php\/2023\/09\/19\/radeln-am-gruenen-band\/","title":{"rendered":"Radeln am Gr\u00fcnen Band"},"content":{"rendered":"\n<p><strong>Herzogtum Lauenburg (pm).<\/strong> Die vom Landtagsabgeordneten Oliver Brandt (B\u00fcndnis 90\/Die Gr\u00fcnen) organisierte Radtour am Gr\u00fcnen Band mit dem ehemaligen Europa-Abgeordneten Michael Cramer aus Berlin startete am vergangenen Wochenende bei strahlendem Sonnenschein am Ratzeburger Bahnhof und f\u00fchrte \u00fcber Mechow, Mustin, Wietingsbek, Gro\u00df Thurow und Dutzow zur\u00fcck nach Ratzeburg.<\/p>\n\n\n\n<p>Auf dem WandelGut in Mechow (www.wandelgut.de). erl\u00e4uterten Gerd Schardey und Mona Kraus das Konzept und die Pl\u00e4ne der Gemeinschaft, das unter anderen ein Bildungsangebot, eine solidarische Gem\u00fcseg\u00e4rtnerei und eine Tiny-House-Werkstatt beinhaltet. Danach \u00fcbernahm Maria Boness, Leiterin der Gesch\u00e4ftsstelle des Zweckverbands Schaalsee-Landschaft (www.zv-schaalsee.de), die F\u00fchrung des n\u00e4chsten Streckenabschnitts entlang des Mechower Sees. Sie erl\u00e4uterte an verschiedenen Stationen die Erfolge, die mit einer extensiven Beweidung und in den naturbelassenen Waldfl\u00e4chen des Zweckverbandes sichtbar werden.<\/p>\n\n\n\n<p>Im weiteren Verlauf erhielten die Teilnehmerinnen und Teilnehmer interessante Informationen zum Verlauf der ehemaligen Grenzlinie, vorhandenen Resten des alten Kolonnenweges der DDR-Grenztruppen und den Ma\u00dfgaben, die den Verlauf des Radweges Gr\u00fcnes Band entlang der ehemaligen, innerdeutschen Grenze bestimmen. Am ehemaligen Grenz\u00fcbergang an der B 208 bei Mustin berichtete Zeitzeuge Wolfgang May von historischen Begebenheiten aus der Region w\u00e4hrend der Zeit des Eisernen Vorhangs. Bei der Grenz\u00f6ffnung am 12. November 1989 war er als diensthabender BGS-Beamter live dabei und konnte die Ereignisse aus eigenem Erleben lebendig und eindr\u00fccklich schildern.<\/p>\n\n\n<div class=\"wp-block-image is-style-rounded\">\n<figure class=\"aligncenter size-full is-resized\"><img fetchpriority=\"high\" decoding=\"async\" src=\"https:\/\/herzogtum-direkt.de\/wp-content\/uploads\/2023\/09\/Radeln-Gruenes-Band-CDU-hfr.jpg\" alt=\"\" class=\"wp-image-54323\" style=\"width:652px;height:379px\" width=\"652\" height=\"379\" srcset=\"https:\/\/herzogtum-direkt.de\/wp-content\/uploads\/2023\/09\/Radeln-Gruenes-Band-CDU-hfr.jpg 1000w, https:\/\/herzogtum-direkt.de\/wp-content\/uploads\/2023\/09\/Radeln-Gruenes-Band-CDU-hfr-300x175.jpg 300w, https:\/\/herzogtum-direkt.de\/wp-content\/uploads\/2023\/09\/Radeln-Gruenes-Band-CDU-hfr-768x447.jpg 768w, https:\/\/herzogtum-direkt.de\/wp-content\/uploads\/2023\/09\/Radeln-Gruenes-Band-CDU-hfr-750x437.jpg 750w\" sizes=\"(max-width: 652px) 100vw, 652px\" \/><figcaption class=\"wp-element-caption\">Teilnehmende der Radtour mit Michael Cramer (Dritter von links), Wolfgang May (Vierter von rechts) und Oliver Brandt (Sechster von rechts). Foto: Regionalb\u00fcro Brandt, hfr<\/figcaption><\/figure>\n<\/div>\n\n\n<p>Die Radtour an verschiedenen Stationen des Gr\u00fcnen Bandes in der Region hat im Kreisverband Herzogtum Lauenburg von B\u00fcndnis 90\/Die Gr\u00fcnen eine langj\u00e4hrige Tradition. Von verschiedenen Startpunkten aus wird abschnittsweise der Radweg entlang der deutsch-deutschen Grenzlinie befahren. Die besonderen Natursch\u00e4tze werden dabei ebenso betrachtet wie die historischen Hintergr\u00fcnde und Entwicklungen entlang des Eisernen Vorhangs. Der Radweg am Gr\u00fcnen Band folgt dem Vorbild des Berliner Mauerweges entlang des Eisernen Vorhangs in der Hauptstadt und wurde von Michael Cramer, der die Touren des Kreisverbandes seit Jahren begleitet, im Europaparlament initiiert. Die n\u00e4chste Radtour ist f\u00fcr den Fr\u00fchsommer 2024 in Planung.<\/p>\n","protected":false},"excerpt":{"rendered":"<p>Herzogtum Lauenburg (pm). Die vom Landtagsabgeordneten Oliver Brandt (B\u00fcndnis 90\/Die Gr\u00fcnen) organisierte Radtour am Gr\u00fcnen Band mit dem ehemaligen Europa-Abgeordneten Michael Cramer aus Berlin startete am vergangenen Wochenende bei strahlendem Sonnenschein am Ratzeburger Bahnhof und f\u00fchrte \u00fcber Mechow, Mustin, Wietingsbek, Gro\u00df Thurow und Dutzow zur\u00fcck nach Ratzeburg. Auf dem WandelGut in Mechow (www.wandelgut.de). erl\u00e4uterten Gerd [&hellip;]<\/p>\n","protected":false},"author":2,"featured_media":54324,"comment_status":"closed","ping_status":"closed","sticky":false,"template":"","format":"standard","meta":{"jnews-multi-image_gallery":[],"jnews_single_post":{"subtitle":"","format":"standard","video":"","gallery":"","source_name":"","source_url":"","via_name":"","via_url":"","jpwt_enable_post_donation":"0","override_template":"0","override":[{"template":"1","single_blog_custom":"","parallax":"1","fullscreen":"1","layout":"right-sidebar","sidebar":"default-sidebar","second_sidebar":"default-sidebar","sticky_sidebar":"1","share_position":"top","share_float_style":"share-monocrhome","show_share_counter":"0","show_view_counter":"1","show_featured":"1","show_post_meta":"1","show_post_author":"1","show_post_author_image":"1","show_post_date":"1","post_date_format":"default","post_date_format_custom":"Y\/m\/d","show_post_category":"0","show_post_reading_time":"0","post_reading_time_wpm":"300","show_zoom_button":"0","zoom_button_out_step":"2","zoom_button_in_step":"3","show_post_tag":"1","show_prev_next_post":"0","show_popup_post":"1","number_popup_post":"1","show_author_box":"1","show_post_related":"1","show_inline_post_related":"0"}],"override_image_size":"0","image_override":[{"single_post_thumbnail_size":"crop-500","single_post_gallery_size":"crop-500"}],"trending_post":"0","trending_post_position":"meta","trending_post_label":"Trending","sponsored_post":"0","sponsored_post_label":"Sponsored by","sponsored_post_name":"","sponsored_post_url":"","sponsored_post_logo_enable":"0","sponsored_post_logo":"","sponsored_post_desc":"","disable_ad":"0"},"jnews_primary_category":{"id":"","hide":""},"jnews_social_meta":{"fb_title":"","fb_description":"","fb_image":"","twitter_title":"","twitter_description":"","twitter_image":""},"jnews_override_counter":{"override_view_counter":"0","view_counter_number":"0","override_share_counter":"0","share_counter_number":"0","override_like_counter":"0","like_counter_number":"0","override_dislike_counter":"0","dislike_counter_number":"0"},"jnews_post_split":{"enable_post_split":"0","post_split":[{"template":"1","tag":"h2","numbering":"asc","mode":"normal","first":"0","enable_toc":"0","toc_type":"normal"}]},"footnotes":""},"categories":[69,63,73],"tags":[144,1495,198,384,3421],"class_list":["post-54322","post","type-post","status-publish","format-standard","has-post-thumbnail","hentry","category-amt-lauenburgische-seen","category-herzogtum-lauenburg","category-landleute","tag-buendnis-90-die-gruene","tag-gruenes-band","tag-mustin","tag-radfahren","tag-zweckverband-schaalsee-landschaft"],"_links":{"self":[{"href":"https:\/\/herzogtum-direkt.de\/index.php\/wp-json\/wp\/v2\/posts\/54322","targetHints":{"allow":["GET"]}}],"collection":[{"href":"https:\/\/herzogtum-direkt.de\/index.php\/wp-json\/wp\/v2\/posts"}],"about":[{"href":"https:\/\/herzogtum-direkt.de\/index.php\/wp-json\/wp\/v2\/types\/post"}],"author":[{"embeddable":true,"href":"https:\/\/herzogtum-direkt.de\/index.php\/wp-json\/wp\/v2\/users\/2"}],"replies":[{"embeddable":true,"href":"https:\/\/herzogtum-direkt.de\/index.php\/wp-json\/wp\/v2\/comments?post=54322"}],"version-history":[{"count":1,"href":"https:\/\/herzogtum-direkt.de\/index.php\/wp-json\/wp\/v2\/posts\/54322\/revisions"}],"predecessor-version":[{"id":54325,"href":"https:\/\/herzogtum-direkt.de\/index.php\/wp-json\/wp\/v2\/posts\/54322\/revisions\/54325"}],"wp:featuredmedia":[{"embeddable":true,"href":"https:\/\/herzogtum-direkt.de\/index.php\/wp-json\/wp\/v2\/media\/54324"}],"wp:attachment":[{"href":"https:\/\/herzogtum-direkt.de\/index.php\/wp-json\/wp\/v2\/media?parent=54322"}],"wp:term":[{"taxonomy":"category","embeddable":true,"href":"https:\/\/herzogtum-direkt.de\/index.php\/wp-json\/wp\/v2\/categories?post=54322"},{"taxonomy":"post_tag","embeddable":true,"href":"https:\/\/herzogtum-direkt.de\/index.php\/wp-json\/wp\/v2\/tags?post=54322"}],"curies":[{"name":"wp","href":"https:\/\/api.w.org\/{rel}","templated":true}]}}