{"id":54284,"date":"2023-09-18T08:33:22","date_gmt":"2023-09-18T06:33:22","guid":{"rendered":"https:\/\/herzogtum-direkt.de\/?p=54284"},"modified":"2023-09-18T09:30:02","modified_gmt":"2023-09-18T07:30:02","slug":"die-welt-steht-kopf-fest-im-robert-koch-park","status":"publish","type":"post","link":"https:\/\/herzogtum-direkt.de\/index.php\/2023\/09\/18\/die-welt-steht-kopf-fest-im-robert-koch-park\/","title":{"rendered":"&#8222;Die Welt steht Kopf &#8222;- Fest im Robert-Koch-Park"},"content":{"rendered":"\n<p><strong>M\u00f6lln (pm).<\/strong> Die Diagnose Demenz stellt f\u00fcr Betroffene und ihre Familien alles auf den Kopf. Was ein ganzes Leben lang selbstverst\u00e4ndlich war, ver\u00e4ndert sich nun vollst\u00e4ndig. Viele Fragen tun sich auf: Wie soll es weitergehen? Wer kann helfen? Was m\u00fcssen wir beachten? Kann man trotzdem ein gutes Leben f\u00fchren, wenn die Welt Kopf steht?<\/p>\n\n\n\n<p>Ja, das geht. Denn wer sich mit dieser neuen Lebenssituation auseinandersetzen muss, wird erleben, dass er nicht allein ist. Demenz ist ein Thema, \u00fcber das man spricht, weil es uns alle angeht. Es gibt Beratung durch Beratungsstellen wie den Pflegest\u00fctzpunkt und die Koordinierungsstelle Demenz. Es gibt andere Menschen in den Alzheimergesellschaften Ratzeburg und Geesthacht, die wissen, wie sich die Sorgen anf\u00fchlen, die das Leben mit Demenz mit sich bringen. Es gibt die Unterst\u00fctzung durch professionelle Pflege und Betreuung. Wie bunt das Leben mit einer Demenzerkrankung sein kann, kann man t\u00e4glich erleben. Die sch\u00f6nen und die schwierigen Momente, der Humor und die Trauer, die individuellen Bed\u00fcrfnisse und F\u00e4higkeiten aller Beteiligten machen den Alltag aus \u2013 mit und ohne Demenz. Auch wenn die Welt Kopf steht \u2013 Menschen mit Demenz geh\u00f6ren dazu.<\/p>\n\n\n\n<p>Am Freitag, 22. September von 14 bis 18 Uhr wird die Welt ein bisschen Kopf stehen auf dem Freigel\u00e4nde im Robert-Koch-Park, Hindenburgstr. 13 in M\u00f6lln. Unter dem Motto &#8222;Demenz \u2013 Die Welt steht Kopf&#8220; findet ein bunter Nachmittag mit Musik, Theater und Geang statt. Programmpunkte sind unter anderen die Begr\u00fc\u00dfung durch Kreispr\u00e4sidentin Anja Harloff, die 2. stellvertretende M\u00f6llner B\u00fcrgermeisterin Elke Heitmann, Neues zur Alzheimer Gesellschaft Ratzeburg, &#8222;Die M\u00f6llner Goldkehlen&#8220;, DIVERS &#8211; &nbsp;Musik- und Theatergruppe des Don-Bosco-Hauses M\u00f6lln unter Leitung von Uli Jessen sowie eine Runde Lach-Yoga f\u00fcr alle mit Karin F\u00fcchtener. Als besonderer H\u00f6hepunkt wird um 16.30 Uhr im Saal das Theaterst\u00fcck &#8222;DEMENTgegen \u2013 Mit Helga und Lutz durchs Jahr&#8220; aufgef\u00fchrt. Der Flyer zur gesamten Veranstaltung findet sich<a href=\"https:\/\/herzogtum-direkt.de\/wp-content\/uploads\/2023\/09\/Alzheimertag_2023_Flyer-xx.pdf\" target=\"_blank\" rel=\"noreferrer noopener\"> HIER.<\/a><\/p>\n\n\n\n<p>Au\u00dferdem sind viele Vereine und Organisationen mit ihren Info-St\u00e4nden vertreten. Dazu geh\u00f6ren der Pflegest\u00fctzpunkt, das Netzwerk Palliativ Care, der Verein Lange Aktiv Bleiben, der Tierschutz M\u00f6lln-Ratzeburg, der F\u00f6rderverein Hospiz M\u00f6lln, die ASB-Besuchshunde, KIBIS, M\u00f6lln inklusiv, Hospizverein Ratzeburg-M\u00f6lln, Ludwig K\u00f6ppen \u00ab&nbsp;Spiel und Tanz&nbsp;\u00bb sowie einige mehr. &nbsp;Beim Demenz-Parcours vom Kompetenzzentrum Demenz kann man selbst ausprobieren, wie es sich anf\u00fchlt, wenn die Welt Kopf steht. Und nat\u00fcrlich ist f\u00fcr Speis und Trank gesorgt.<\/p>\n\n\n\n<p>Weitere Informationenerteilt die Koordinierungsstelle Demenz im Kreis Herzogtum Lauenburg im Wasserkr\u00fcger Weg 7 in M\u00f6lln unter der Telefonnummer 045 42-83 84 670 oder der Rufnummer 0160-40 49 897, <a href=\"mailto:info@koordinierungsstelle-demenz.de\" target=\"_blank\" rel=\"noreferrer noopener\">info@koordinierungsstelle-demenz.de<\/a>, <a rel=\"noreferrer noopener\" href=\"http:\/\/www.koordinierungsstelle-demenz.de\" target=\"_blank\">www.koordinierungsstelle-demenz.de<\/a>.<\/p>\n","protected":false},"excerpt":{"rendered":"<p>M\u00f6lln (pm). Die Diagnose Demenz stellt f\u00fcr Betroffene und ihre Familien alles auf den Kopf. Was ein ganzes Leben lang selbstverst\u00e4ndlich war, ver\u00e4ndert sich nun vollst\u00e4ndig. Viele Fragen tun sich auf: Wie soll es weitergehen? Wer kann helfen? Was m\u00fcssen wir beachten? Kann man trotzdem ein gutes Leben f\u00fchren, wenn die Welt Kopf steht? Ja, [&hellip;]<\/p>\n","protected":false},"author":2,"featured_media":54287,"comment_status":"closed","ping_status":"closed","sticky":false,"template":"","format":"standard","meta":{"jnews-multi-image_gallery":[],"jnews_single_post":{"subtitle":"","format":"standard","video":"","gallery":"","source_name":"","source_url":"","via_name":"","via_url":"","jpwt_enable_post_donation":"0","override_template":"0","override":[{"template":"1","single_blog_custom":"","parallax":"1","fullscreen":"1","layout":"right-sidebar","sidebar":"default-sidebar","second_sidebar":"default-sidebar","sticky_sidebar":"1","share_position":"top","share_float_style":"share-monocrhome","show_share_counter":"0","show_view_counter":"1","show_featured":"1","show_post_meta":"1","show_post_author":"1","show_post_author_image":"1","show_post_date":"1","post_date_format":"default","post_date_format_custom":"Y\/m\/d","show_post_category":"0","show_post_reading_time":"0","post_reading_time_wpm":"300","show_zoom_button":"0","zoom_button_out_step":"2","zoom_button_in_step":"3","show_post_tag":"1","show_prev_next_post":"0","show_popup_post":"1","number_popup_post":"1","show_author_box":"1","show_post_related":"1","show_inline_post_related":"0"}],"override_image_size":"0","image_override":[{"single_post_thumbnail_size":"crop-500","single_post_gallery_size":"crop-500"}],"trending_post":"0","trending_post_position":"meta","trending_post_label":"Trending","sponsored_post":"0","sponsored_post_label":"Sponsored by","sponsored_post_name":"","sponsored_post_url":"","sponsored_post_logo_enable":"0","sponsored_post_logo":"","sponsored_post_desc":"","disable_ad":"0"},"jnews_primary_category":{"id":"","hide":""},"jnews_social_meta":{"fb_title":"","fb_description":"","fb_image":"","twitter_title":"","twitter_description":"","twitter_image":""},"jnews_override_counter":{"override_view_counter":"0","view_counter_number":"0","override_share_counter":"0","share_counter_number":"0","override_like_counter":"0","like_counter_number":"0","override_dislike_counter":"0","dislike_counter_number":"0"},"jnews_post_split":{"enable_post_split":"0","post_split":[{"template":"1","tag":"h2","numbering":"asc","mode":"normal","first":"0","enable_toc":"0","toc_type":"normal"}]},"footnotes":""},"categories":[63,66,2],"tags":[2476,1444,133,1612],"class_list":["post-54284","post","type-post","status-publish","format-standard","has-post-thumbnail","hentry","category-herzogtum-lauenburg","category-moelln","category-startseite","tag-alzheimer","tag-demenz","tag-moelln","tag-robert-koch-park"],"_links":{"self":[{"href":"https:\/\/herzogtum-direkt.de\/index.php\/wp-json\/wp\/v2\/posts\/54284","targetHints":{"allow":["GET"]}}],"collection":[{"href":"https:\/\/herzogtum-direkt.de\/index.php\/wp-json\/wp\/v2\/posts"}],"about":[{"href":"https:\/\/herzogtum-direkt.de\/index.php\/wp-json\/wp\/v2\/types\/post"}],"author":[{"embeddable":true,"href":"https:\/\/herzogtum-direkt.de\/index.php\/wp-json\/wp\/v2\/users\/2"}],"replies":[{"embeddable":true,"href":"https:\/\/herzogtum-direkt.de\/index.php\/wp-json\/wp\/v2\/comments?post=54284"}],"version-history":[{"count":2,"href":"https:\/\/herzogtum-direkt.de\/index.php\/wp-json\/wp\/v2\/posts\/54284\/revisions"}],"predecessor-version":[{"id":54304,"href":"https:\/\/herzogtum-direkt.de\/index.php\/wp-json\/wp\/v2\/posts\/54284\/revisions\/54304"}],"wp:featuredmedia":[{"embeddable":true,"href":"https:\/\/herzogtum-direkt.de\/index.php\/wp-json\/wp\/v2\/media\/54287"}],"wp:attachment":[{"href":"https:\/\/herzogtum-direkt.de\/index.php\/wp-json\/wp\/v2\/media?parent=54284"}],"wp:term":[{"taxonomy":"category","embeddable":true,"href":"https:\/\/herzogtum-direkt.de\/index.php\/wp-json\/wp\/v2\/categories?post=54284"},{"taxonomy":"post_tag","embeddable":true,"href":"https:\/\/herzogtum-direkt.de\/index.php\/wp-json\/wp\/v2\/tags?post=54284"}],"curies":[{"name":"wp","href":"https:\/\/api.w.org\/{rel}","templated":true}]}}