{"id":53847,"date":"2023-09-01T06:38:00","date_gmt":"2023-09-01T04:38:00","guid":{"rendered":"https:\/\/herzogtum-direkt.de\/?p=53847"},"modified":"2023-08-31T10:40:52","modified_gmt":"2023-08-31T08:40:52","slug":"waldschwimmbad-buechen-saison-endet-am-8-september","status":"publish","type":"post","link":"https:\/\/herzogtum-direkt.de\/index.php\/2023\/09\/01\/waldschwimmbad-buechen-saison-endet-am-8-september\/","title":{"rendered":"Waldschwimmbad B\u00fcchen: Saison endet am 8. September"},"content":{"rendered":"\n<p><strong>B\u00fcchen (pm).<\/strong> Der Sommer neigt sich dem Ende entgegen und nach 127 \u00d6ffnungstagen geht die Badesaison im Waldschwimmbad leider zu Ende. Das Waldschwimmbad ist noch bis Freitag, 8. September um 19 Uhr ge\u00f6ffnet.<\/p>\n\n\n\n<p>Traditionell ist am letzten Tag der Eintritt frei. \u201eEin herzliches Dankesch\u00f6n sagen wir allen Badeg\u00e4sten. Wir w\u00fcrden uns freuen, wenn Sie im kommenden Jahr wieder unser Waldschwimmbad besuchen\u201c, sagen die Betreibenden.<\/p>\n","protected":false},"excerpt":{"rendered":"<p>B\u00fcchen (pm). Der Sommer neigt sich dem Ende entgegen und nach 127 \u00d6ffnungstagen geht die Badesaison im Waldschwimmbad leider zu Ende. Das Waldschwimmbad ist noch bis Freitag, 8. September um 19 Uhr ge\u00f6ffnet. Traditionell ist am letzten Tag der Eintritt frei. \u201eEin herzliches Dankesch\u00f6n sagen wir allen Badeg\u00e4sten. Wir w\u00fcrden uns freuen, wenn Sie im [&hellip;]<\/p>\n","protected":false},"author":2,"featured_media":53848,"comment_status":"closed","ping_status":"closed","sticky":false,"template":"","format":"standard","meta":{"jnews-multi-image_gallery":[],"jnews_single_post":{"subtitle":"","format":"standard","video":"","gallery":"","source_name":"","source_url":"","via_name":"","via_url":"","jpwt_enable_post_donation":"0","override_template":"0","override":[{"template":"1","single_blog_custom":"","parallax":"1","fullscreen":"1","layout":"right-sidebar","sidebar":"default-sidebar","second_sidebar":"default-sidebar","sticky_sidebar":"1","share_position":"top","share_float_style":"share-monocrhome","show_share_counter":"0","show_view_counter":"1","show_featured":"1","show_post_meta":"1","show_post_author":"1","show_post_author_image":"1","show_post_date":"1","post_date_format":"default","post_date_format_custom":"Y\/m\/d","show_post_category":"0","show_post_reading_time":"0","post_reading_time_wpm":"300","show_zoom_button":"0","zoom_button_out_step":"2","zoom_button_in_step":"3","show_post_tag":"1","show_prev_next_post":"0","show_popup_post":"1","number_popup_post":"1","show_author_box":"1","show_post_related":"1","show_inline_post_related":"0"}],"override_image_size":"0","image_override":[{"single_post_thumbnail_size":"crop-500","single_post_gallery_size":"crop-500"}],"trending_post":"0","trending_post_position":"meta","trending_post_label":"Trending","sponsored_post":"0","sponsored_post_label":"Sponsored by","sponsored_post_name":"","sponsored_post_url":"","sponsored_post_logo_enable":"0","sponsored_post_logo":"","sponsored_post_desc":"","disable_ad":"0"},"jnews_primary_category":{"id":"","hide":""},"jnews_social_meta":{"fb_title":"","fb_description":"","fb_image":"","twitter_title":"","twitter_description":"","twitter_image":""},"jnews_override_counter":{"override_view_counter":"0","view_counter_number":"0","override_share_counter":"0","share_counter_number":"0","override_like_counter":"0","like_counter_number":"0","override_dislike_counter":"0","dislike_counter_number":"0"},"jnews_post_split":{"enable_post_split":"0","post_split":[{"template":"1","tag":"h2","numbering":"asc","mode":"normal","first":"0","enable_toc":"0","toc_type":"normal"}]},"footnotes":""},"categories":[2650,63],"tags":[141,3454,431,769],"class_list":["post-53847","post","type-post","status-publish","format-standard","has-post-thumbnail","hentry","category-buechen","category-herzogtum-lauenburg","tag-buechen","tag-saisonende","tag-waldschwimmbad","tag-waldschwimmbad-buechen"],"_links":{"self":[{"href":"https:\/\/herzogtum-direkt.de\/index.php\/wp-json\/wp\/v2\/posts\/53847","targetHints":{"allow":["GET"]}}],"collection":[{"href":"https:\/\/herzogtum-direkt.de\/index.php\/wp-json\/wp\/v2\/posts"}],"about":[{"href":"https:\/\/herzogtum-direkt.de\/index.php\/wp-json\/wp\/v2\/types\/post"}],"author":[{"embeddable":true,"href":"https:\/\/herzogtum-direkt.de\/index.php\/wp-json\/wp\/v2\/users\/2"}],"replies":[{"embeddable":true,"href":"https:\/\/herzogtum-direkt.de\/index.php\/wp-json\/wp\/v2\/comments?post=53847"}],"version-history":[{"count":1,"href":"https:\/\/herzogtum-direkt.de\/index.php\/wp-json\/wp\/v2\/posts\/53847\/revisions"}],"predecessor-version":[{"id":53849,"href":"https:\/\/herzogtum-direkt.de\/index.php\/wp-json\/wp\/v2\/posts\/53847\/revisions\/53849"}],"wp:featuredmedia":[{"embeddable":true,"href":"https:\/\/herzogtum-direkt.de\/index.php\/wp-json\/wp\/v2\/media\/53848"}],"wp:attachment":[{"href":"https:\/\/herzogtum-direkt.de\/index.php\/wp-json\/wp\/v2\/media?parent=53847"}],"wp:term":[{"taxonomy":"category","embeddable":true,"href":"https:\/\/herzogtum-direkt.de\/index.php\/wp-json\/wp\/v2\/categories?post=53847"},{"taxonomy":"post_tag","embeddable":true,"href":"https:\/\/herzogtum-direkt.de\/index.php\/wp-json\/wp\/v2\/tags?post=53847"}],"curies":[{"name":"wp","href":"https:\/\/api.w.org\/{rel}","templated":true}]}}