{"id":53754,"date":"2023-09-02T06:11:00","date_gmt":"2023-09-02T04:11:00","guid":{"rendered":"https:\/\/herzogtum-direkt.de\/?p=53754"},"modified":"2023-08-28T10:35:22","modified_gmt":"2023-08-28T08:35:22","slug":"dr-nina-scheer-besucht-mit-serpil-midyatli-gefluechtetenunterkunft-in-geesthacht","status":"publish","type":"post","link":"https:\/\/herzogtum-direkt.de\/index.php\/2023\/09\/02\/dr-nina-scheer-besucht-mit-serpil-midyatli-gefluechtetenunterkunft-in-geesthacht\/","title":{"rendered":"Dr. Nina Scheer besucht mit Serpil Midyatli Gefl\u00fcchtetenunterkunft in Geesthacht"},"content":{"rendered":"\n<p>\u00a0<strong>Geesthacht (pm). <\/strong>Die vom Deutschen Roten Kreuz (DRK) betriebene Gefl\u00fcchtetenunterkunft in Geesthacht bekamen am Montag, 21. August 2023, Besuch von der \u00f6rtlichen SPD-Bundestagsabgeordneten Dr. Nina Scheer gemeinsam mit der SPD-Landesvorsitzenden und stellvertretenden SPD-Vorsitzenden sowie Landtagsabgeordneten Serpil Midyatli. Gemeinsam besichtigten sie die Unterkunft und tauschten sich mit Vertreterinnen und Vertretern des DRK \u00fcber Fragen der Asyl- und Migrationspolitik aus. Die Runde vervollst\u00e4ndigten Petra Burmeister, SPD-Fraktionsvorsitzende Geesthacht, Christine Backs, Mitglied im Fraktionsvorstand der SPD-Fraktion Geesthacht, und Michael Fiebig, SPD-Ratsmann in Geesthacht und ehemaliger Vorsitzender des st\u00e4dtischen Sozialausschusses.<\/p>\n\n\n\n<p>Serpil Midyatli, die f\u00fcr die SPD-Landtagsfraktion auch Sprecherin f\u00fcr Integrations- und Fl\u00fcchtlingspolitik sowie Migrationsangelegenheiten ist: \u201eDanke ans DRK f\u00fcr den Austausch. Wir haben deutlich gesehen, wie sehr gefl\u00fcchtete Menschen Teil unserer Gesellschaft sind und sich einbringen wollen. Es ist unsere Aufgabe als Politik, H\u00fcrden abzubauen und M\u00f6glichkeiten daf\u00fcr zu schaffen. Gerade Menschen mit Bleibeperspektive haben ein gro\u00dfes Potenzial \u2013 denn sie werden auch als Arbeits- und Fachkr\u00e4fte gebraucht. Deshalb muss die Anerkennung von Abschl\u00fcssen endlich besser funktionieren. Auch m\u00fcssen Arbeitgeberinnen und Arbeitgeber die Instrumente an die Hand bekommen, um Potenzial zu erkennen und f\u00f6rdern zu k\u00f6nnen.\u201c<\/p>\n\n\n\n<p>Dr. Nina Scheer: \u201eDie Gefl\u00fcchtetenunterkunft in Leitung durch das DRK ist ein Beispiel f\u00fcr gesellschaftlichen Zusammenhalt und gelingende Integration. Gerade in Fragen des sogenannten Spurwechsels, also dem Wechsel aus dem Asylverfahren in die Arbeitswelt, liegt eine gro\u00dfe Chance. Hier hat die Ampel-Koalition bereits wichtige Weichen gestellt. Handlungsbedarf besteht in der sprachlichen Qualifikation, denn diese ist oftmals der Schl\u00fcssel. Es braucht dringend gen\u00fcgend Sprachkurskapazit\u00e4ten.\u201c<\/p>\n\n\n\n<p>Peter Timmermanns, Gesch\u00e4ftsf\u00fchrer des DRK Herzogtum Lauenburg: \u201eDer Besuch bot eine gute Gelegenheit, unsere Eindr\u00fccke aus der Praxis zu schildern. Daher bedanke ich mich sehr f\u00fcr den Besuch. Tagt\u00e4glich haben wir mit F\u00e4llen zu tun, wo Gefl\u00fcchteten mit Bleibeperspektive und guter Qualifikation und oder hohem Potenzial, es unn\u00f6tig erschwert wird, sich in die Gesellschaft einzubringen. Es freut mich, dass wir mit Serpil Midyatli und Nina Scheer gro\u00dfe Schnittmengen an den identifizierten Handlungsbedarfen haben.\u201c<\/p>\n\n\n\n<p>Neben Peter Timmermanns nahmen vom DRK auch Einrichtungsleiterin Jana Gl\u00fcckstadt, der stellvertretene Einrichtungsleiter Hamed Kimya, und Projektmitarbeiterin Bahar Karakan teil. Von der Stadt Geesthacht war Maik Niemann, Fachdienstleiter Soziales, dabei. Im Anschluss an den Termin in Geesthacht besuchten Nina Scheer und Serpil Midyatli die Gemeinde B\u00fcchen und tauschten sich mit B\u00fcrgermeister Uwe M\u00f6ller und kommunalen VerterterInnen der SPD \u00fcber \u00f6rtliche Vorhaben zur Versorgung mit Erneuerbaren Energien aus. Ebenso fand ein Stadtrundgang in Lauenburg anhand des Schwerpunkts Denkmalschutz und Erneuerbare Energien mit J\u00f6rg S\u00f6nksen, SPD Lauenburg, und Immo Braune, Stadtvertreter und Co-Vorsitzender SPD Lauenburg, statt.<\/p>\n","protected":false},"excerpt":{"rendered":"<p>\u00a0Geesthacht (pm). Die vom Deutschen Roten Kreuz (DRK) betriebene Gefl\u00fcchtetenunterkunft in Geesthacht bekamen am Montag, 21. August 2023, Besuch von der \u00f6rtlichen SPD-Bundestagsabgeordneten Dr. Nina Scheer gemeinsam mit der SPD-Landesvorsitzenden und stellvertretenden SPD-Vorsitzenden sowie Landtagsabgeordneten Serpil Midyatli. Gemeinsam besichtigten sie die Unterkunft und tauschten sich mit Vertreterinnen und Vertretern des DRK \u00fcber Fragen der Asyl- [&hellip;]<\/p>\n","protected":false},"author":2,"featured_media":53755,"comment_status":"closed","ping_status":"closed","sticky":false,"template":"","format":"standard","meta":{"jnews-multi-image_gallery":[],"jnews_single_post":{"subtitle":"","format":"standard","video":"","gallery":"","source_name":"","source_url":"","via_name":"","via_url":"","jpwt_enable_post_donation":"0","override_template":"0","override":[{"template":"1","single_blog_custom":"","parallax":"1","fullscreen":"1","layout":"right-sidebar","sidebar":"default-sidebar","second_sidebar":"default-sidebar","sticky_sidebar":"1","share_position":"top","share_float_style":"share-monocrhome","show_share_counter":"0","show_view_counter":"1","show_featured":"1","show_post_meta":"1","show_post_author":"1","show_post_author_image":"1","show_post_date":"1","post_date_format":"default","post_date_format_custom":"Y\/m\/d","show_post_category":"0","show_post_reading_time":"0","post_reading_time_wpm":"300","show_zoom_button":"0","zoom_button_out_step":"2","zoom_button_in_step":"3","show_post_tag":"1","show_prev_next_post":"0","show_popup_post":"1","number_popup_post":"1","show_author_box":"1","show_post_related":"1","show_inline_post_related":"0"}],"override_image_size":"0","image_override":[{"single_post_thumbnail_size":"crop-500","single_post_gallery_size":"crop-500"}],"trending_post":"0","trending_post_position":"meta","trending_post_label":"Trending","sponsored_post":"0","sponsored_post_label":"Sponsored by","sponsored_post_name":"","sponsored_post_url":"","sponsored_post_logo_enable":"0","sponsored_post_logo":"","sponsored_post_desc":"","disable_ad":"0"},"jnews_primary_category":{"id":"","hide":""},"jnews_social_meta":{"fb_title":"","fb_description":"","fb_image":"","twitter_title":"","twitter_description":"","twitter_image":""},"jnews_override_counter":{"override_view_counter":"0","view_counter_number":"0","override_share_counter":"0","share_counter_number":"0","override_like_counter":"0","like_counter_number":"0","override_dislike_counter":"0","dislike_counter_number":"0"},"jnews_post_split":{"enable_post_split":"0","post_split":[{"template":"1","tag":"h2","numbering":"asc","mode":"normal","first":"0","enable_toc":"0","toc_type":"normal"}]},"footnotes":""},"categories":[2625,63,73],"tags":[467,446],"class_list":["post-53754","post","type-post","status-publish","format-standard","has-post-thumbnail","hentry","category-geesthacht","category-herzogtum-lauenburg","category-landleute","tag-nina-scheer","tag-spd"],"_links":{"self":[{"href":"https:\/\/herzogtum-direkt.de\/index.php\/wp-json\/wp\/v2\/posts\/53754","targetHints":{"allow":["GET"]}}],"collection":[{"href":"https:\/\/herzogtum-direkt.de\/index.php\/wp-json\/wp\/v2\/posts"}],"about":[{"href":"https:\/\/herzogtum-direkt.de\/index.php\/wp-json\/wp\/v2\/types\/post"}],"author":[{"embeddable":true,"href":"https:\/\/herzogtum-direkt.de\/index.php\/wp-json\/wp\/v2\/users\/2"}],"replies":[{"embeddable":true,"href":"https:\/\/herzogtum-direkt.de\/index.php\/wp-json\/wp\/v2\/comments?post=53754"}],"version-history":[{"count":1,"href":"https:\/\/herzogtum-direkt.de\/index.php\/wp-json\/wp\/v2\/posts\/53754\/revisions"}],"predecessor-version":[{"id":53756,"href":"https:\/\/herzogtum-direkt.de\/index.php\/wp-json\/wp\/v2\/posts\/53754\/revisions\/53756"}],"wp:featuredmedia":[{"embeddable":true,"href":"https:\/\/herzogtum-direkt.de\/index.php\/wp-json\/wp\/v2\/media\/53755"}],"wp:attachment":[{"href":"https:\/\/herzogtum-direkt.de\/index.php\/wp-json\/wp\/v2\/media?parent=53754"}],"wp:term":[{"taxonomy":"category","embeddable":true,"href":"https:\/\/herzogtum-direkt.de\/index.php\/wp-json\/wp\/v2\/categories?post=53754"},{"taxonomy":"post_tag","embeddable":true,"href":"https:\/\/herzogtum-direkt.de\/index.php\/wp-json\/wp\/v2\/tags?post=53754"}],"curies":[{"name":"wp","href":"https:\/\/api.w.org\/{rel}","templated":true}]}}