{"id":53738,"date":"2023-08-28T09:23:43","date_gmt":"2023-08-28T07:23:43","guid":{"rendered":"https:\/\/herzogtum-direkt.de\/?p=53738"},"modified":"2023-08-29T09:13:47","modified_gmt":"2023-08-29T07:13:47","slug":"norddeutsches-freiluftkino-finale-und-weltpremiere-mit-starbesuch","status":"publish","type":"post","link":"https:\/\/herzogtum-direkt.de\/index.php\/2023\/08\/28\/norddeutsches-freiluftkino-finale-und-weltpremiere-mit-starbesuch\/","title":{"rendered":"Norddeutsches Freiluftkino: Finale und Weltpremiere\u00a0mit Starbesuch\u00a0"},"content":{"rendered":"\n<p><strong>Ratzeburg (pm).<\/strong> Am Freitag,1. September, gibt es beim Open-Air \u201eNorddeutsches Freiluftkino&#8220; im Kurpark Ratzeburg das finale Highlight: Hinnerk Sch\u00f6nemann kommt mit seinem Team und dem NDR zur Weltpremiere von der neusten Folge \u201eNord bei Nordwest &#8211; Der doppelte Lothar&#8220;. Alle Stars werden auch Rede und Antwort stehen und f\u00fcr Fotos und Autogramme wird es Gelegenheiten geben!<\/p>\n\n\n\n<p>Im Kurpark steht die Outdoor-Leinwand zwischen Burgtheater und ehemaliger Realschule. Der Filmstart ist um 20.15 Uhr.<br>Tickets gibt es wie immer entweder online unter freiluftkino.de oder zum gleichen Preis an der Abendkasse, die zwei Stunden vor Filmbeginn \u00f6ffnet.<br>Eigene Sitzgelegenheiten sind bitte selbst mitzubringen &#8211; f\u00fcr das leibliche Wohl wird vor Ort gesorgt! F\u00fcr das Wetter sind wie \u00fcblich die Zuschauer zust\u00e4ndig. Weitere Infos unter&nbsp;&nbsp;<a href=\"http:\/\/www.freiluftkino.de\/\" target=\"_blank\" rel=\"noreferrer noopener\">www.freiluftkino.de<\/a><\/p>\n\n\n<div class=\"wp-block-image is-style-rounded\">\n<figure class=\"aligncenter size-full\"><img fetchpriority=\"high\" decoding=\"async\" width=\"1000\" height=\"563\" src=\"https:\/\/herzogtum-direkt.de\/wp-content\/uploads\/2023\/08\/Freiluftkino-Burgtheater-Ratzeburg-2023-Premiere-Nord-bei-Nordwest-Der-doppelte-Lothar.jpg\" alt=\"\" class=\"wp-image-53739\" srcset=\"https:\/\/herzogtum-direkt.de\/wp-content\/uploads\/2023\/08\/Freiluftkino-Burgtheater-Ratzeburg-2023-Premiere-Nord-bei-Nordwest-Der-doppelte-Lothar.jpg 1000w, https:\/\/herzogtum-direkt.de\/wp-content\/uploads\/2023\/08\/Freiluftkino-Burgtheater-Ratzeburg-2023-Premiere-Nord-bei-Nordwest-Der-doppelte-Lothar-300x169.jpg 300w, https:\/\/herzogtum-direkt.de\/wp-content\/uploads\/2023\/08\/Freiluftkino-Burgtheater-Ratzeburg-2023-Premiere-Nord-bei-Nordwest-Der-doppelte-Lothar-768x432.jpg 768w, https:\/\/herzogtum-direkt.de\/wp-content\/uploads\/2023\/08\/Freiluftkino-Burgtheater-Ratzeburg-2023-Premiere-Nord-bei-Nordwest-Der-doppelte-Lothar-750x422.jpg 750w\" sizes=\"(max-width: 1000px) 100vw, 1000px\" \/><figcaption class=\"wp-element-caption\">(von links) Jana Klinge, Hinnerk Sch\u00f6nemann, Marleen Lohse und Cem Ali G\u00fcltekin. Foto: NDR, Gordon Timpen, hfr &nbsp;&nbsp;<\/figcaption><\/figure>\n<\/div>\n\n\n<p><strong>\u201eNord bei Nordwest \u2013 Der doppelte Lothar&#8220;<br><br><\/strong>Lothar M\u00fcller, von Freunden auch gerne mal \u201eLottchen&#8220; gerufen, ist ein beliebter Handelsvertreter, der viel unterwegs ist. Doch eines Tages kommt er nicht nach Hause. Hauke Jacobs und Hannah Wagner werden nach Eingang der Vermisstenanzeige sofort t\u00e4tig. Tats\u00e4chlich wird Lothar M\u00fcllers Leiche an der K\u00fcste gefunden \u2013 in Travem\u00fcnde. Er wurde ermordet. Wie seine Frau Susanne und seine Tochter Anna entsetzt erfahren m\u00fcssen, gab es \u201eLottchen&#8220; praktisch zweimal: einmal als Familienvater in Schwanitz \u2013 und einmal als Familienvater in Travem\u00fcnde, wo er mit Lisa den gemeinsamen Sohn Finn hat. Und damit eine komplette zweite Existenz. Ist jemand hinter Lottchens Geheimnis gekommen? War es ein Mord aus Eifersucht? Wurde er erpresst? Mit all diesen Fragen sehen sich Hauke und Hannah konfrontiert, als Finn entf\u00fchrt wird und der Fall eine unerwartete Wendung nimmt. Auch Jule wird in die gef\u00e4hrlichen Ermittlungen hineingezogen. Und obwohl sie mit bisher ungeahnten F\u00e4higkeiten eingreift, kann am Ende nur noch ein alter Bekannter mit seinen Kenntnissen und Kontakten helfen: Reimar Vogt, Vater der ermordeten Schwanitzer Polizistin Lona. <br>Die 22. Episode der&nbsp;erfolgreichsten aller Donnerstagskrimis im Ersten ist gleichzeitig die&nbsp;zweite Regiearbeit von Hinnerk Sch\u00f6neman. Geplanter Sendetermin im TV: 11. Januar 2024 im Ersten.<\/p>\n","protected":false},"excerpt":{"rendered":"<p>Ratzeburg (pm). Am Freitag,1. September, gibt es beim Open-Air \u201eNorddeutsches Freiluftkino&#8220; im Kurpark Ratzeburg das finale Highlight: Hinnerk Sch\u00f6nemann kommt mit seinem Team und dem NDR zur Weltpremiere von der neusten Folge \u201eNord bei Nordwest &#8211; Der doppelte Lothar&#8220;. Alle Stars werden auch Rede und Antwort stehen und f\u00fcr Fotos und Autogramme wird es Gelegenheiten [&hellip;]<\/p>\n","protected":false},"author":2,"featured_media":24013,"comment_status":"closed","ping_status":"closed","sticky":false,"template":"","format":"standard","meta":{"jnews-multi-image_gallery":[],"jnews_single_post":{"subtitle":"\u201eNord bei Nordwest \u2013 Der doppelte Lothar\".","format":"standard","video":"","gallery":"","source_name":"","source_url":"","via_name":"","via_url":"","jpwt_enable_post_donation":"0","override_template":"0","override":[{"template":"1","single_blog_custom":"","parallax":"1","fullscreen":"1","layout":"right-sidebar","sidebar":"default-sidebar","second_sidebar":"default-sidebar","sticky_sidebar":"1","share_position":"top","share_float_style":"share-monocrhome","show_share_counter":"0","show_view_counter":"1","show_featured":"1","show_post_meta":"1","show_post_author":"1","show_post_author_image":"1","show_post_date":"1","post_date_format":"default","post_date_format_custom":"Y\/m\/d","show_post_category":"0","show_post_reading_time":"0","post_reading_time_wpm":"300","show_zoom_button":"0","zoom_button_out_step":"2","zoom_button_in_step":"3","show_post_tag":"1","show_prev_next_post":"0","show_popup_post":"1","number_popup_post":"1","show_author_box":"1","show_post_related":"1","show_inline_post_related":"0"}],"override_image_size":"0","image_override":[{"single_post_thumbnail_size":"crop-500","single_post_gallery_size":"crop-500"}],"trending_post":"0","trending_post_position":"meta","trending_post_label":"Trending","sponsored_post":"0","sponsored_post_label":"Sponsored by","sponsored_post_name":"","sponsored_post_url":"","sponsored_post_logo_enable":"0","sponsored_post_logo":"","sponsored_post_desc":"","disable_ad":"0"},"jnews_primary_category":{"id":"","hide":""},"jnews_social_meta":{"fb_title":"","fb_description":"","fb_image":"","twitter_title":"","twitter_description":"","twitter_image":""},"jnews_override_counter":{"override_view_counter":"0","view_counter_number":"0","override_share_counter":"0","share_counter_number":"0","override_like_counter":"0","like_counter_number":"0","override_dislike_counter":"0","dislike_counter_number":"0"},"jnews_post_split":{"enable_post_split":"0","post_split":[{"template":"1","tag":"h2","numbering":"asc","mode":"normal","first":"0","enable_toc":"0","toc_type":"normal"}]},"footnotes":""},"categories":[63,64,2],"tags":[373,3273,2290,1316,114],"class_list":["post-53738","post","type-post","status-publish","format-standard","has-post-thumbnail","hentry","category-herzogtum-lauenburg","category-ratzeburg","category-startseite","tag-burgtheater-ratzeburg","tag-ernst-barlach-schule","tag-kurpark","tag-norddeutsches-freiluftkino","tag-ratzeburg"],"_links":{"self":[{"href":"https:\/\/herzogtum-direkt.de\/index.php\/wp-json\/wp\/v2\/posts\/53738","targetHints":{"allow":["GET"]}}],"collection":[{"href":"https:\/\/herzogtum-direkt.de\/index.php\/wp-json\/wp\/v2\/posts"}],"about":[{"href":"https:\/\/herzogtum-direkt.de\/index.php\/wp-json\/wp\/v2\/types\/post"}],"author":[{"embeddable":true,"href":"https:\/\/herzogtum-direkt.de\/index.php\/wp-json\/wp\/v2\/users\/2"}],"replies":[{"embeddable":true,"href":"https:\/\/herzogtum-direkt.de\/index.php\/wp-json\/wp\/v2\/comments?post=53738"}],"version-history":[{"count":2,"href":"https:\/\/herzogtum-direkt.de\/index.php\/wp-json\/wp\/v2\/posts\/53738\/revisions"}],"predecessor-version":[{"id":53747,"href":"https:\/\/herzogtum-direkt.de\/index.php\/wp-json\/wp\/v2\/posts\/53738\/revisions\/53747"}],"wp:featuredmedia":[{"embeddable":true,"href":"https:\/\/herzogtum-direkt.de\/index.php\/wp-json\/wp\/v2\/media\/24013"}],"wp:attachment":[{"href":"https:\/\/herzogtum-direkt.de\/index.php\/wp-json\/wp\/v2\/media?parent=53738"}],"wp:term":[{"taxonomy":"category","embeddable":true,"href":"https:\/\/herzogtum-direkt.de\/index.php\/wp-json\/wp\/v2\/categories?post=53738"},{"taxonomy":"post_tag","embeddable":true,"href":"https:\/\/herzogtum-direkt.de\/index.php\/wp-json\/wp\/v2\/tags?post=53738"}],"curies":[{"name":"wp","href":"https:\/\/api.w.org\/{rel}","templated":true}]}}