{"id":53590,"date":"2023-08-22T09:47:08","date_gmt":"2023-08-22T07:47:08","guid":{"rendered":"https:\/\/herzogtum-direkt.de\/?p=53590"},"modified":"2023-08-22T09:47:09","modified_gmt":"2023-08-22T07:47:09","slug":"summertime-jazz-am-see-in-behlendorf","status":"publish","type":"post","link":"https:\/\/herzogtum-direkt.de\/index.php\/2023\/08\/22\/summertime-jazz-am-see-in-behlendorf\/","title":{"rendered":"Summertime Jazz am See in Behlendorf"},"content":{"rendered":"\n<p><strong>Behlendorf (pm). <\/strong>Zum wiederholten Mal und aufgrund der gro\u00dfen Erfolge wird nach den Sommerferien wieder einmal die unter Leitung von D\u00e9sir\u00e9e Buxel-Krohn in Behlendorf ein Bigband-Konzert geben. Es ist die nunmehr dritte Auflage des 2021 gestarteten Open-Air-Konzertformats \u201eJazz am See\u201c.<\/p>\n\n\n\n<p>Am Sonnabend, 2. September 2023, wird ab 18 Uhr Jazz-, Rock-, Latin- und Funkmusik von der B\u00fchnen-Wiese des Behlendorfer Sees erklingen. Das umfangreiche Programm ist vielseitig und reicht von bekannten Hits &#8211; zum Teil auch in Arrangements f\u00fcr Sologesang und Band &#8211; bis zu besonderen Spezialit\u00e4ten des Jazz. Die zirka 20 Mitglieder der Bigband &#8211; Sch\u00fclerInnen, Ehemalige, Eltern und Freunde &#8211; haben in der Formation, die bereits im Jahr 2000 mit dem Entstehen des M\u00f6llner Gymnasiums gegr\u00fcndet wurde, kontinuierlich zu verschiedensten Anl\u00e4ssen, inner- und au\u00dferhalb der Schule, die Menschen in der Region mit ihrer Musik begl\u00fccken k\u00f6nnen.<\/p>\n\n\n\n<p>Gr\u00f6\u00dfere Projekte der Band, wie Reisen nach Th\u00fcringen, D\u00e4nemark und Polen bereichern das Leben der Musizierenden. Austauschprogramme mit Schulen und anderen Musikinstitutionen sowie St\u00e4dtepartnerschaften bilden h\u00e4ufig den Rahmen. Der Kulturausschuss der Gemeinde Behlendorf l\u00e4dt zu diesem Konzert ein. Der Eintritt ist frei und Spenden sind erbeten. Besuchende werden gebeten sich Sitzgelegenheiten mitbringen. In der Pause k\u00f6nnen Getr\u00e4nke und kleine Snacks erworben werden.<\/p>\n","protected":false},"excerpt":{"rendered":"<p>Behlendorf (pm). Zum wiederholten Mal und aufgrund der gro\u00dfen Erfolge wird nach den Sommerferien wieder einmal die unter Leitung von D\u00e9sir\u00e9e Buxel-Krohn in Behlendorf ein Bigband-Konzert geben. Es ist die nunmehr dritte Auflage des 2021 gestarteten Open-Air-Konzertformats \u201eJazz am See\u201c. Am Sonnabend, 2. September 2023, wird ab 18 Uhr Jazz-, Rock-, Latin- und Funkmusik von [&hellip;]<\/p>\n","protected":false},"author":2,"featured_media":53591,"comment_status":"closed","ping_status":"closed","sticky":false,"template":"","format":"standard","meta":{"jnews-multi-image_gallery":[],"jnews_single_post":{"subtitle":"\"Big Brass Company\" des Marion-D\u00f6nhoff-Gymnasiums unterwegs","format":"standard","video":"","gallery":"","source_name":"","source_url":"","via_name":"","via_url":"","jpwt_enable_post_donation":"0","override_template":"0","override":[{"template":"1","single_blog_custom":"","parallax":"1","fullscreen":"1","layout":"right-sidebar","sidebar":"default-sidebar","second_sidebar":"default-sidebar","sticky_sidebar":"1","share_position":"top","share_float_style":"share-monocrhome","show_share_counter":"0","show_view_counter":"1","show_featured":"1","show_post_meta":"1","show_post_author":"1","show_post_author_image":"1","show_post_date":"1","post_date_format":"default","post_date_format_custom":"Y\/m\/d","show_post_category":"0","show_post_reading_time":"0","post_reading_time_wpm":"300","show_zoom_button":"0","zoom_button_out_step":"2","zoom_button_in_step":"3","show_post_tag":"1","show_prev_next_post":"0","show_popup_post":"1","number_popup_post":"1","show_author_box":"1","show_post_related":"1","show_inline_post_related":"0"}],"override_image_size":"0","image_override":[{"single_post_thumbnail_size":"crop-500","single_post_gallery_size":"crop-500"}],"trending_post":"0","trending_post_position":"meta","trending_post_label":"Trending","sponsored_post":"0","sponsored_post_label":"Sponsored by","sponsored_post_name":"","sponsored_post_url":"","sponsored_post_logo_enable":"0","sponsored_post_logo":"","sponsored_post_desc":"","disable_ad":"0"},"jnews_primary_category":{"id":"","hide":""},"jnews_social_meta":{"fb_title":"","fb_description":"","fb_image":"","twitter_title":"","twitter_description":"","twitter_image":""},"jnews_override_counter":{"override_view_counter":"0","view_counter_number":"0","override_share_counter":"0","share_counter_number":"0","override_like_counter":"0","like_counter_number":"0","override_dislike_counter":"0","dislike_counter_number":"0"},"jnews_post_split":{"enable_post_split":"0","post_split":[{"template":"1","tag":"h2","numbering":"asc","mode":"normal","first":"0","enable_toc":"0","toc_type":"normal"}]},"footnotes":""},"categories":[3757,63,66],"tags":[224,1021,125,1531],"class_list":["post-53590","post","type-post","status-publish","format-standard","has-post-thumbnail","hentry","category-ausflugstipp","category-herzogtum-lauenburg","category-moelln","tag-behlendorf","tag-jazz","tag-konzert","tag-marion-doenhoff-gymnasium"],"_links":{"self":[{"href":"https:\/\/herzogtum-direkt.de\/index.php\/wp-json\/wp\/v2\/posts\/53590","targetHints":{"allow":["GET"]}}],"collection":[{"href":"https:\/\/herzogtum-direkt.de\/index.php\/wp-json\/wp\/v2\/posts"}],"about":[{"href":"https:\/\/herzogtum-direkt.de\/index.php\/wp-json\/wp\/v2\/types\/post"}],"author":[{"embeddable":true,"href":"https:\/\/herzogtum-direkt.de\/index.php\/wp-json\/wp\/v2\/users\/2"}],"replies":[{"embeddable":true,"href":"https:\/\/herzogtum-direkt.de\/index.php\/wp-json\/wp\/v2\/comments?post=53590"}],"version-history":[{"count":1,"href":"https:\/\/herzogtum-direkt.de\/index.php\/wp-json\/wp\/v2\/posts\/53590\/revisions"}],"predecessor-version":[{"id":53592,"href":"https:\/\/herzogtum-direkt.de\/index.php\/wp-json\/wp\/v2\/posts\/53590\/revisions\/53592"}],"wp:featuredmedia":[{"embeddable":true,"href":"https:\/\/herzogtum-direkt.de\/index.php\/wp-json\/wp\/v2\/media\/53591"}],"wp:attachment":[{"href":"https:\/\/herzogtum-direkt.de\/index.php\/wp-json\/wp\/v2\/media?parent=53590"}],"wp:term":[{"taxonomy":"category","embeddable":true,"href":"https:\/\/herzogtum-direkt.de\/index.php\/wp-json\/wp\/v2\/categories?post=53590"},{"taxonomy":"post_tag","embeddable":true,"href":"https:\/\/herzogtum-direkt.de\/index.php\/wp-json\/wp\/v2\/tags?post=53590"}],"curies":[{"name":"wp","href":"https:\/\/api.w.org\/{rel}","templated":true}]}}