{"id":53438,"date":"2023-08-15T06:55:57","date_gmt":"2023-08-15T04:55:57","guid":{"rendered":"https:\/\/herzogtum-direkt.de\/?p=53438"},"modified":"2023-08-15T06:55:59","modified_gmt":"2023-08-15T04:55:59","slug":"wohnen-und-hilfen-im-alter-2","status":"publish","type":"post","link":"https:\/\/herzogtum-direkt.de\/index.php\/2023\/08\/15\/wohnen-und-hilfen-im-alter-2\/","title":{"rendered":"Wohnen und Hilfen im Alter"},"content":{"rendered":"\n<p><strong>Herzogtum Lauenburg\/B\u00fcchen (pm).<\/strong> Wohnbed\u00fcrfnisse \u00e4ndern sich im Laufe des Lebens, manchmal durch Krankheit, manchmal durch das, was das Alter so mitbringt. Rechtzeitig an sp\u00e4ter denken \u2013 ist die Devise! In einem kostenlosen Vortrag am Mittwoch, 6. September 2023 um 16 Uhr wird im Amt B\u00fcchen, Am Amtsplatz 1 (Vortragssaal) diesem Thema auf den Grund gegangen.<\/p>\n\n\n\n<p>Solange wie m\u00f6glich selbstbestimmt in der vertrauten Umgebung leben zu k\u00f6nnen, das w\u00fcnschen sich die meisten Menschen. Die vertraute Umgebung und die Nachbarschaft sind nicht nur wichtig f\u00fcr die Selbst\u00e4ndigkeit, sondern auch f\u00fcr die gesellschaftliche Teilhabe am Leben, den sozialen Austausch und das eigene Wohlbefinden. Schwellen, Treppen oder der Einstieg in die Badewanne k\u00f6nnen zu schwierigen Barrieren werden. H\u00e4ufig ist es m\u00f6glich, mit einfachen Mitteln und geringem Aufwand die Wohnung barrierefrei auszustatten, um einen Umzug in ein Heim zu vermeiden. Wie das m\u00f6glich ist, soll in der Veranstaltung vorgestellt werden.<\/p>\n\n\n\n<p>\u201eWie wollen wir morgen leben? Gibt es darauf heute schon eine Antwort? Welche Wohnformen gibt es \u00fcberhaupt?\u00a0 Wie kann meine Wohnung altersgerecht angepasst werden und welche Hilfsmittel stehen zur Verf\u00fcgung? Kann innovative Technik ein entscheidendes Element sein? Wie kann die Wohnraumanpassung finanziert werden?\u201c Cornelia Hagelstein vom Pflegest\u00fctzpunkt im Kreis Herzogtum Lauenburg wird versuchen auf all Ihre Fragen Antworten zu geben. \u00adInfos und Anmeldung unter der Telefonnummer 04542 &#8211; 826 549 oder 04152 &#8211; 805 795 im Pflegest\u00fctzpunkt oder per Mail unter <a href=\"mailto:info@pflegestuetzpunkt-herzogtum-lauenburg.de\" target=\"_blank\" rel=\"noreferrer noopener\">info@pflegestuetzpunkt-herzogtum-lauenburg.de<\/a><strong>\u00a0\u00a0\u00a0\u00a0\u00a0<\/strong><\/p>\n","protected":false},"excerpt":{"rendered":"<p>Herzogtum Lauenburg\/B\u00fcchen (pm). Wohnbed\u00fcrfnisse \u00e4ndern sich im Laufe des Lebens, manchmal durch Krankheit, manchmal durch das, was das Alter so mitbringt. Rechtzeitig an sp\u00e4ter denken \u2013 ist die Devise! In einem kostenlosen Vortrag am Mittwoch, 6. September 2023 um 16 Uhr wird im Amt B\u00fcchen, Am Amtsplatz 1 (Vortragssaal) diesem Thema auf den Grund gegangen. [&hellip;]<\/p>\n","protected":false},"author":2,"featured_media":47884,"comment_status":"closed","ping_status":"closed","sticky":false,"template":"","format":"standard","meta":{"jnews-multi-image_gallery":[],"jnews_single_post":{"subtitle":"","format":"standard","video":"","gallery":"","source_name":"","source_url":"","via_name":"","via_url":"","jpwt_enable_post_donation":"0","override_template":"0","override":[{"template":"1","single_blog_custom":"","parallax":"1","fullscreen":"1","layout":"right-sidebar","sidebar":"default-sidebar","second_sidebar":"default-sidebar","sticky_sidebar":"1","share_position":"top","share_float_style":"share-monocrhome","show_share_counter":"0","show_view_counter":"1","show_featured":"1","show_post_meta":"1","show_post_author":"1","show_post_author_image":"1","show_post_date":"1","post_date_format":"default","post_date_format_custom":"Y\/m\/d","show_post_category":"0","show_post_reading_time":"0","post_reading_time_wpm":"300","show_zoom_button":"0","zoom_button_out_step":"2","zoom_button_in_step":"3","show_post_tag":"1","show_prev_next_post":"0","show_popup_post":"1","number_popup_post":"1","show_author_box":"1","show_post_related":"1","show_inline_post_related":"0"}],"override_image_size":"0","image_override":[{"single_post_thumbnail_size":"crop-500","single_post_gallery_size":"crop-500"}],"trending_post":"0","trending_post_position":"meta","trending_post_label":"Trending","sponsored_post":"0","sponsored_post_label":"Sponsored by","sponsored_post_name":"","sponsored_post_url":"","sponsored_post_logo_enable":"0","sponsored_post_logo":"","sponsored_post_desc":"","disable_ad":"0"},"jnews_primary_category":{"id":"","hide":""},"jnews_social_meta":{"fb_title":"","fb_description":"","fb_image":"","twitter_title":"","twitter_description":"","twitter_image":""},"jnews_override_counter":{"override_view_counter":"0","view_counter_number":"0","override_share_counter":"0","share_counter_number":"0","override_like_counter":"0","like_counter_number":"0","override_dislike_counter":"0","dislike_counter_number":"0"},"jnews_post_split":{"enable_post_split":"0","post_split":[{"template":"1","tag":"h2","numbering":"asc","mode":"normal","first":"0","enable_toc":"0","toc_type":"normal"}]},"footnotes":""},"categories":[2650,75,63],"tags":[2923,141,926,2934],"class_list":["post-53438","post","type-post","status-publish","format-standard","has-post-thumbnail","hentry","category-buechen","category-gesundheit","category-herzogtum-lauenburg","tag-altersgerechtes-wohnen","tag-buechen","tag-pflegestuetzpunkt","tag-wohnen-im-alter"],"_links":{"self":[{"href":"https:\/\/herzogtum-direkt.de\/index.php\/wp-json\/wp\/v2\/posts\/53438","targetHints":{"allow":["GET"]}}],"collection":[{"href":"https:\/\/herzogtum-direkt.de\/index.php\/wp-json\/wp\/v2\/posts"}],"about":[{"href":"https:\/\/herzogtum-direkt.de\/index.php\/wp-json\/wp\/v2\/types\/post"}],"author":[{"embeddable":true,"href":"https:\/\/herzogtum-direkt.de\/index.php\/wp-json\/wp\/v2\/users\/2"}],"replies":[{"embeddable":true,"href":"https:\/\/herzogtum-direkt.de\/index.php\/wp-json\/wp\/v2\/comments?post=53438"}],"version-history":[{"count":1,"href":"https:\/\/herzogtum-direkt.de\/index.php\/wp-json\/wp\/v2\/posts\/53438\/revisions"}],"predecessor-version":[{"id":53439,"href":"https:\/\/herzogtum-direkt.de\/index.php\/wp-json\/wp\/v2\/posts\/53438\/revisions\/53439"}],"wp:featuredmedia":[{"embeddable":true,"href":"https:\/\/herzogtum-direkt.de\/index.php\/wp-json\/wp\/v2\/media\/47884"}],"wp:attachment":[{"href":"https:\/\/herzogtum-direkt.de\/index.php\/wp-json\/wp\/v2\/media?parent=53438"}],"wp:term":[{"taxonomy":"category","embeddable":true,"href":"https:\/\/herzogtum-direkt.de\/index.php\/wp-json\/wp\/v2\/categories?post=53438"},{"taxonomy":"post_tag","embeddable":true,"href":"https:\/\/herzogtum-direkt.de\/index.php\/wp-json\/wp\/v2\/tags?post=53438"}],"curies":[{"name":"wp","href":"https:\/\/api.w.org\/{rel}","templated":true}]}}