{"id":53396,"date":"2023-08-27T06:46:00","date_gmt":"2023-08-27T04:46:00","guid":{"rendered":"https:\/\/herzogtum-direkt.de\/?p=53396"},"modified":"2023-08-28T12:44:00","modified_gmt":"2023-08-28T10:44:00","slug":"berkenthiner-kleidermarkt-fuer-frauen-2","status":"publish","type":"post","link":"https:\/\/herzogtum-direkt.de\/index.php\/2023\/08\/27\/berkenthiner-kleidermarkt-fuer-frauen-2\/","title":{"rendered":"Berkenthiner Kleidermarkt f\u00fcr Frauen"},"content":{"rendered":"\n<p><strong>Berkenthin (pm).<\/strong> Nach den gro\u00dfen Erfolgen der Vorjahre bietet der Kirchenf\u00f6rderverein Berkenthin auch in diesem Jahr wieder einen Kleidermarkt f\u00fcr Frauen an. Die Vorbereitungen zu diesem Event laufen schon.<\/p>\n\n\n\n<p>Am Sonnabend, 23.September, kann von 10 Uhr bis 13 Uhr im Sportzentrum Berkenthin in einem gro\u00dfen Angebot gut erhaltener Kleidung gest\u00f6bert werden, auch die passenden Accessoires wie Schuhe, Taschen, T\u00fccher und G\u00fcrtel k\u00f6nnen gleich mit erworben werden. \u201eDa ist f\u00fcr jede etwas dabei!\u201c, sagen die Veranstaltenden. Die Verkaufsnummern sowie alle weiteren organisatorischen Details erhalten Interessierte am Mittwoch, 6. September und Donnerstag, 7. September jeweils in der Zeit zwischen 17 Uhr und 19 Uhr bei Andrea Fernandes unter der Telefonnummer 04544\/82366 oder Heike Hamdorf und der Telefonnummer 04544 890320.\u00a0. Alternativ ist eine Anmeldung per Mail ab sofort m\u00f6glich unter <a href=\"mailto:andrea.fernandes@freenet.de\">andrea.fernandes@freenet.de<\/a>. \u201eDer Kirchenf\u00f6rderverein freut sich auf einen weiteren erfolgreichen Kleidermarkt.\u201c<\/p>\n","protected":false},"excerpt":{"rendered":"<p>Berkenthin (pm). Nach den gro\u00dfen Erfolgen der Vorjahre bietet der Kirchenf\u00f6rderverein Berkenthin auch in diesem Jahr wieder einen Kleidermarkt f\u00fcr Frauen an. Die Vorbereitungen zu diesem Event laufen schon. Am Sonnabend, 23.September, kann von 10 Uhr bis 13 Uhr im Sportzentrum Berkenthin in einem gro\u00dfen Angebot gut erhaltener Kleidung gest\u00f6bert werden, auch die passenden Accessoires [&hellip;]<\/p>\n","protected":false},"author":2,"featured_media":53775,"comment_status":"closed","ping_status":"closed","sticky":false,"template":"","format":"standard","meta":{"jnews-multi-image_gallery":[],"jnews_single_post":{"subtitle":"","format":"standard","video":"","gallery":"","source_name":"","source_url":"","via_name":"","via_url":"","jpwt_enable_post_donation":"0","override_template":"0","override":[{"template":"1","single_blog_custom":"","parallax":"1","fullscreen":"1","layout":"right-sidebar","sidebar":"default-sidebar","second_sidebar":"default-sidebar","sticky_sidebar":"1","share_position":"top","share_float_style":"share-monocrhome","show_share_counter":"0","show_view_counter":"1","show_featured":"1","show_post_meta":"1","show_post_author":"1","show_post_author_image":"1","show_post_date":"1","post_date_format":"default","post_date_format_custom":"Y\/m\/d","show_post_category":"0","show_post_reading_time":"0","post_reading_time_wpm":"300","show_zoom_button":"0","zoom_button_out_step":"2","zoom_button_in_step":"3","show_post_tag":"1","show_prev_next_post":"0","show_popup_post":"1","number_popup_post":"1","show_author_box":"1","show_post_related":"1","show_inline_post_related":"0"}],"override_image_size":"0","image_override":[{"single_post_thumbnail_size":"crop-500","single_post_gallery_size":"crop-500"}],"trending_post":"0","trending_post_position":"meta","trending_post_label":"Trending","sponsored_post":"0","sponsored_post_label":"Sponsored by","sponsored_post_name":"","sponsored_post_url":"","sponsored_post_logo_enable":"0","sponsored_post_logo":"","sponsored_post_desc":"","disable_ad":"0"},"jnews_primary_category":{"id":"","hide":""},"jnews_social_meta":{"fb_title":"","fb_description":"","fb_image":"","twitter_title":"","twitter_description":"","twitter_image":""},"jnews_override_counter":{"override_view_counter":"0","view_counter_number":"0","override_share_counter":"0","share_counter_number":"0","override_like_counter":"0","like_counter_number":"0","override_dislike_counter":"0","dislike_counter_number":"0"},"jnews_post_split":{"enable_post_split":"0","post_split":[{"template":"1","tag":"h2","numbering":"asc","mode":"normal","first":"0","enable_toc":"0","toc_type":"normal"}]},"footnotes":""},"categories":[65,63,73],"tags":[118,3124,120,2402],"class_list":["post-53396","post","type-post","status-publish","format-standard","has-post-thumbnail","hentry","category-amt-berkenthin","category-herzogtum-lauenburg","category-landleute","tag-berkenthin","tag-frauenflohmarkt","tag-kirchenfoerderverein-berkenthin","tag-kleidermarkt"],"_links":{"self":[{"href":"https:\/\/herzogtum-direkt.de\/index.php\/wp-json\/wp\/v2\/posts\/53396","targetHints":{"allow":["GET"]}}],"collection":[{"href":"https:\/\/herzogtum-direkt.de\/index.php\/wp-json\/wp\/v2\/posts"}],"about":[{"href":"https:\/\/herzogtum-direkt.de\/index.php\/wp-json\/wp\/v2\/types\/post"}],"author":[{"embeddable":true,"href":"https:\/\/herzogtum-direkt.de\/index.php\/wp-json\/wp\/v2\/users\/2"}],"replies":[{"embeddable":true,"href":"https:\/\/herzogtum-direkt.de\/index.php\/wp-json\/wp\/v2\/comments?post=53396"}],"version-history":[{"count":2,"href":"https:\/\/herzogtum-direkt.de\/index.php\/wp-json\/wp\/v2\/posts\/53396\/revisions"}],"predecessor-version":[{"id":53774,"href":"https:\/\/herzogtum-direkt.de\/index.php\/wp-json\/wp\/v2\/posts\/53396\/revisions\/53774"}],"wp:featuredmedia":[{"embeddable":true,"href":"https:\/\/herzogtum-direkt.de\/index.php\/wp-json\/wp\/v2\/media\/53775"}],"wp:attachment":[{"href":"https:\/\/herzogtum-direkt.de\/index.php\/wp-json\/wp\/v2\/media?parent=53396"}],"wp:term":[{"taxonomy":"category","embeddable":true,"href":"https:\/\/herzogtum-direkt.de\/index.php\/wp-json\/wp\/v2\/categories?post=53396"},{"taxonomy":"post_tag","embeddable":true,"href":"https:\/\/herzogtum-direkt.de\/index.php\/wp-json\/wp\/v2\/tags?post=53396"}],"curies":[{"name":"wp","href":"https:\/\/api.w.org\/{rel}","templated":true}]}}