{"id":52829,"date":"2023-07-21T10:24:27","date_gmt":"2023-07-21T08:24:27","guid":{"rendered":"https:\/\/herzogtum-direkt.de\/?p=52829"},"modified":"2023-07-21T10:24:28","modified_gmt":"2023-07-21T08:24:28","slug":"amtsvorsteherin-im-amt-hohe-elbgeest-gewaehlt","status":"publish","type":"post","link":"https:\/\/herzogtum-direkt.de\/index.php\/2023\/07\/21\/amtsvorsteherin-im-amt-hohe-elbgeest-gewaehlt\/","title":{"rendered":"Amtsvorsteherin im Amt Hohe Elbgeest gew\u00e4hlt"},"content":{"rendered":"\n<p><strong>Dassendorf (pm).<\/strong> Der Amtsausschuss des Amtes Hohe Elbgeest (AHEG) hat sich konstituiert und Martina Falkenberg erneut zur Amtsvorsteherin gew\u00e4hlt. Am 13. Juli kam der Amtsausschuss zu seiner ersten, konstituierenden Sitzung zusammen.<\/p>\n\n\n\n<p>Zu Beginn der Sitzung verabschiedete Amtsvorsteherin Martina Falkenberg zehn Mitglieder, die dem Ausschuss in den vergangenen f\u00fcnf Jahren Amtszeit angeh\u00f6rt hatten: Die Amtsvorsteherin dankte ihnen f\u00fcr ihren ehrenamtlichen Einsatz in den bewegten vergangenen Jahren, in denen erstmals das Amt Hohe Elbgeest hauptamtlich gef\u00fchrt wurde, und \u00fcberreichte allen ein Pr\u00e4sent.<\/p>\n\n\n<div class=\"wp-block-image is-style-rounded\">\n<figure class=\"aligncenter size-full is-resized\"><img fetchpriority=\"high\" decoding=\"async\" src=\"https:\/\/herzogtum-direkt.de\/wp-content\/uploads\/2023\/07\/Amt-Hohe-Elbgeest-Kommunalwhlen-2023-AHEG-Abschied_klein.jpg\" alt=\"\" class=\"wp-image-52830\" width=\"650\" height=\"503\" srcset=\"https:\/\/herzogtum-direkt.de\/wp-content\/uploads\/2023\/07\/Amt-Hohe-Elbgeest-Kommunalwhlen-2023-AHEG-Abschied_klein.jpg 1000w, https:\/\/herzogtum-direkt.de\/wp-content\/uploads\/2023\/07\/Amt-Hohe-Elbgeest-Kommunalwhlen-2023-AHEG-Abschied_klein-300x232.jpg 300w, https:\/\/herzogtum-direkt.de\/wp-content\/uploads\/2023\/07\/Amt-Hohe-Elbgeest-Kommunalwhlen-2023-AHEG-Abschied_klein-768x594.jpg 768w, https:\/\/herzogtum-direkt.de\/wp-content\/uploads\/2023\/07\/Amt-Hohe-Elbgeest-Kommunalwhlen-2023-AHEG-Abschied_klein-750x581.jpg 750w\" sizes=\"(max-width: 650px) 100vw, 650px\" \/><figcaption class=\"wp-element-caption\">Sie wurden verabschiedet (von links): Manfred Ziegelitz, Klaus Torm\u00e4hlen, Friedrich-Wilhelm Richard, Uwe Edler, Wolf-Dietrich Lentz, Frank Krause, Gerald D\u00fcrlich, Dietrich Hamester, Hauke Weber. Nicht dabei: Ralf Inzelmann. Foto: Susanne Nowacki, hfr<\/figcaption><\/figure>\n<\/div>\n\n\n<p>Zur Wahl der Amtsvorsteherin oder des Amtsvorstehers \u00fcbernahm Hans-Ulrich Jahn als dienst\u00e4ltestes Mitglied des Ausschusses die Sitzungsleitung. Die W\u00e4hlergemeinschaften aus den zehn Amtsgemeinden hatten eine Gruppierung angemeldet und mit 28 von 86 Stimmen das Vorschlagsrecht f\u00fcr diesen Posten. Sie schlugen Dassendorfs B\u00fcrgermeisterin Martina Falkenberg vor, die in geheimer Wahl 64 Ja-Stimmen erhielt bei 9 Nein-Stimmen, 7 Enthaltungen und zwei ung\u00fcltigen Stimmen. Insgesamt entsenden die zehn Amtsgemeinden 26 stimmberechtigte Mitglieder in den Amtsausschuss. Auf die Gemeinden verteilen sich je nach Einwohner\/-innen-Zahl dann 86 Stimmen.<\/p>\n\n\n\n<p>Mit diesem eindeutigen Votum ausgestattet startet Martina Falkenberg in die Wahlperiode 2023 bis 2028. Zu ihren Stellvertretern wurden einstimmig in offener Wahl Dr. Ulrich Riederer aus Escheburg und Birte Drenguis aus B\u00f6rnsen gew\u00e4hlt. Auch die beiden Stellvertretungen der Amtsdirektorin, ab September des Amtsdirektors Torge Sommerkorn, wurden aus der Mitte der 26 Ausschussmitglieder gew\u00e4hlt. Auch hier hatten die W\u00e4hlergemeinschaften das Vorschlagsrecht f\u00fcr den ersten Stellvertreterposten. Der von ihnen nominierte Hans-Ulrich Jahn aus Wiershop wurde ebenso einstimmig gew\u00e4hlt wie Sonja Henke aus B\u00f6rnsen. Erstmals ist der Amtsausschuss fast parit\u00e4tisch besetzt mit 12 weiblichen und 14 m\u00e4nnlichen ordentlichen Mitgliedern.<\/p>\n\n\n<div class=\"wp-block-image\">\n<figure class=\"aligncenter size-full\"><img decoding=\"async\" width=\"1000\" height=\"643\" src=\"https:\/\/herzogtum-direkt.de\/wp-content\/uploads\/2023\/07\/Amt-Hohe-Elbgeest-2023-AHEG-Amtsausschuss_klein_-co-FRANK-KRAUSE.jpg\" alt=\"\" class=\"wp-image-52832\" srcset=\"https:\/\/herzogtum-direkt.de\/wp-content\/uploads\/2023\/07\/Amt-Hohe-Elbgeest-2023-AHEG-Amtsausschuss_klein_-co-FRANK-KRAUSE.jpg 1000w, https:\/\/herzogtum-direkt.de\/wp-content\/uploads\/2023\/07\/Amt-Hohe-Elbgeest-2023-AHEG-Amtsausschuss_klein_-co-FRANK-KRAUSE-300x193.jpg 300w, https:\/\/herzogtum-direkt.de\/wp-content\/uploads\/2023\/07\/Amt-Hohe-Elbgeest-2023-AHEG-Amtsausschuss_klein_-co-FRANK-KRAUSE-768x494.jpg 768w, https:\/\/herzogtum-direkt.de\/wp-content\/uploads\/2023\/07\/Amt-Hohe-Elbgeest-2023-AHEG-Amtsausschuss_klein_-co-FRANK-KRAUSE-750x482.jpg 750w\" sizes=\"(max-width: 1000px) 100vw, 1000px\" \/><figcaption class=\"wp-element-caption\">Sie wurden in den Amtsausschuss gew\u00e4hlt. Foto: AHEG, hfr<\/figcaption><\/figure>\n<\/div>\n\n\n<p>Den Hauptausschuss (10 Mitgliedern) wird Michael von Brauchitsch leiten. Er setzte sich in geheimer Wahl mit 54 Stimmen gegen Knut Suhk aus Aum\u00fchle (32 Stimmen) durch. In den Hauptausschuss entsendeten alle Amtsgemeinden jeweils ihre B\u00fcrgermeisterInnen.<\/p>\n","protected":false},"excerpt":{"rendered":"<p>Dassendorf (pm). Der Amtsausschuss des Amtes Hohe Elbgeest (AHEG) hat sich konstituiert und Martina Falkenberg erneut zur Amtsvorsteherin gew\u00e4hlt. Am 13. Juli kam der Amtsausschuss zu seiner ersten, konstituierenden Sitzung zusammen. Zu Beginn der Sitzung verabschiedete Amtsvorsteherin Martina Falkenberg zehn Mitglieder, die dem Ausschuss in den vergangenen f\u00fcnf Jahren Amtszeit angeh\u00f6rt hatten: Die Amtsvorsteherin dankte [&hellip;]<\/p>\n","protected":false},"author":2,"featured_media":52831,"comment_status":"closed","ping_status":"closed","sticky":false,"template":"","format":"standard","meta":{"jnews-multi-image_gallery":[],"jnews_single_post":{"subtitle":"","format":"standard","video":"","gallery":"","source_name":"","source_url":"","via_name":"","via_url":"","jpwt_enable_post_donation":"0","override_template":"0","override":[{"template":"1","single_blog_custom":"","parallax":"1","fullscreen":"1","layout":"right-sidebar","sidebar":"default-sidebar","second_sidebar":"default-sidebar","sticky_sidebar":"1","share_position":"top","share_float_style":"share-monocrhome","show_share_counter":"0","show_view_counter":"1","show_featured":"1","show_post_meta":"1","show_post_author":"1","show_post_author_image":"1","show_post_date":"1","post_date_format":"default","post_date_format_custom":"Y\/m\/d","show_post_category":"0","show_post_reading_time":"0","post_reading_time_wpm":"300","show_zoom_button":"0","zoom_button_out_step":"2","zoom_button_in_step":"3","show_post_tag":"1","show_prev_next_post":"0","show_popup_post":"1","number_popup_post":"1","show_author_box":"1","show_post_related":"1","show_inline_post_related":"0"}],"override_image_size":"0","image_override":[{"single_post_thumbnail_size":"crop-500","single_post_gallery_size":"crop-500"}],"trending_post":"0","trending_post_position":"meta","trending_post_label":"Trending","sponsored_post":"0","sponsored_post_label":"Sponsored by","sponsored_post_name":"","sponsored_post_url":"","sponsored_post_logo_enable":"0","sponsored_post_logo":"","sponsored_post_desc":"","disable_ad":"0"},"jnews_primary_category":{"id":"","hide":""},"jnews_social_meta":{"fb_title":"","fb_description":"","fb_image":"","twitter_title":"","twitter_description":"","twitter_image":""},"jnews_override_counter":{"override_view_counter":"0","view_counter_number":"0","override_share_counter":"0","share_counter_number":"0","override_like_counter":"0","like_counter_number":"0","override_dislike_counter":"0","dislike_counter_number":"0"},"jnews_post_split":{"enable_post_split":"0","post_split":[{"template":"1","tag":"h2","numbering":"asc","mode":"normal","first":"0","enable_toc":"0","toc_type":"normal"}]},"footnotes":""},"categories":[2652,63,73,2],"tags":[1605,3755,2231],"class_list":["post-52829","post","type-post","status-publish","format-standard","has-post-thumbnail","hentry","category-amt-hohe-elbgeest","category-herzogtum-lauenburg","category-landleute","category-startseite","tag-amt-hohe-elbgeest","tag-amtsvorsteher","tag-kommunalpolitik"],"_links":{"self":[{"href":"https:\/\/herzogtum-direkt.de\/index.php\/wp-json\/wp\/v2\/posts\/52829","targetHints":{"allow":["GET"]}}],"collection":[{"href":"https:\/\/herzogtum-direkt.de\/index.php\/wp-json\/wp\/v2\/posts"}],"about":[{"href":"https:\/\/herzogtum-direkt.de\/index.php\/wp-json\/wp\/v2\/types\/post"}],"author":[{"embeddable":true,"href":"https:\/\/herzogtum-direkt.de\/index.php\/wp-json\/wp\/v2\/users\/2"}],"replies":[{"embeddable":true,"href":"https:\/\/herzogtum-direkt.de\/index.php\/wp-json\/wp\/v2\/comments?post=52829"}],"version-history":[{"count":1,"href":"https:\/\/herzogtum-direkt.de\/index.php\/wp-json\/wp\/v2\/posts\/52829\/revisions"}],"predecessor-version":[{"id":52834,"href":"https:\/\/herzogtum-direkt.de\/index.php\/wp-json\/wp\/v2\/posts\/52829\/revisions\/52834"}],"wp:featuredmedia":[{"embeddable":true,"href":"https:\/\/herzogtum-direkt.de\/index.php\/wp-json\/wp\/v2\/media\/52831"}],"wp:attachment":[{"href":"https:\/\/herzogtum-direkt.de\/index.php\/wp-json\/wp\/v2\/media?parent=52829"}],"wp:term":[{"taxonomy":"category","embeddable":true,"href":"https:\/\/herzogtum-direkt.de\/index.php\/wp-json\/wp\/v2\/categories?post=52829"},{"taxonomy":"post_tag","embeddable":true,"href":"https:\/\/herzogtum-direkt.de\/index.php\/wp-json\/wp\/v2\/tags?post=52829"}],"curies":[{"name":"wp","href":"https:\/\/api.w.org\/{rel}","templated":true}]}}