{"id":52751,"date":"2023-07-19T11:55:16","date_gmt":"2023-07-19T09:55:16","guid":{"rendered":"https:\/\/herzogtum-direkt.de\/?p=52751"},"modified":"2023-07-19T11:55:17","modified_gmt":"2023-07-19T09:55:17","slug":"amtsdirektorin-und-amtsvorsteher-gewaehlt","status":"publish","type":"post","link":"https:\/\/herzogtum-direkt.de\/index.php\/2023\/07\/19\/amtsdirektorin-und-amtsvorsteher-gewaehlt\/","title":{"rendered":"Amtsdirektorin und Amtsvorsteher gew\u00e4hlt"},"content":{"rendered":"\n<p><strong>Herzogtum Lauenburg\/B\u00fcchen (pm\/gb).<\/strong> Nach den Kommunalwahlen werden viele Posten in den \u00c4mtern und Gemeinden neu besetzt. In den Verwaltungen werden neue AmtsvorsteherInnen und Amts DirektorInnen gew\u00e4hlt. Vor der Sommerpause werden die neuen Vorstehenden der \u00c4mter in den jeweiligen Amtsausschusssitzungen ernannt.<\/p>\n\n\n\n<p>Die Amtsdirektorin  in B\u00fcchen wurde am Donnerstag, 6. Juli 2023 im Amtsausschuss des Amtes B\u00fcchen in der konstituierenden Sitzung einstimmig gew\u00e4hlt. Nach der Konstituierung hatten die Mitglieder des Amtsausschusses eine ganz besondere Aufgabe auf der Tagesordnung &#8211; die Wahl der Amtsdirektorin. Mit dem Thema hat sich der Amtsausschuss des Amtes B\u00fcchen bereits seit l\u00e4ngerer Zeit besch\u00e4ftigt und nach einer Vorauswahl und Vorstellungsrunden sollte nun die Entscheidung getroffen werden, wer ab 0. Januar 2024 als Amtsdirektorin die Verwaltung des Amtes B\u00fcchen leiten wird.<\/p>\n\n\n\n<p>Nach Herstellung der \u00d6ffentlichkeit wurde die geheime Wahl durchgef\u00fchrt. Im Anschluss verk\u00fcndete der neue Amtsvorsteher Schmidt das \u00fcberragende Ergebnis: Tanja Volkening ist einstimmig vom Amtsausschuss gew\u00e4hlt worden. Mit einem gro\u00dfen Dank an den Amtsausschuss f\u00fcr das Vertrauen und an ihre Familie f\u00fcr die Unterst\u00fctzung und das Verst\u00e4ndnis nahm Volkening die Wahl an. Sie freut sich auf die Herausforderungen, die vor ihr liegen und die Zusammenarbeit mit allen Gemeinden und dem Amtsausschuss.<\/p>\n\n\n\n<figure class=\"wp-block-gallery has-nested-images columns-default is-cropped wp-block-gallery-1 is-layout-flex wp-block-gallery-is-layout-flex\">\n<figure class=\"wp-block-image size-large is-style-rounded\"><img fetchpriority=\"high\" decoding=\"async\" width=\"1000\" height=\"750\" data-id=\"52754\" src=\"https:\/\/herzogtum-direkt.de\/wp-content\/uploads\/2023\/07\/Der-neue-Amtsvorsteher-Buechen-2023-Florian-Schmidt-verabschiedet-Martin-Voss.-Foto-Gemeinde-Buechen-hfr.jpg\" alt=\"\" class=\"wp-image-52754\" srcset=\"https:\/\/herzogtum-direkt.de\/wp-content\/uploads\/2023\/07\/Der-neue-Amtsvorsteher-Buechen-2023-Florian-Schmidt-verabschiedet-Martin-Voss.-Foto-Gemeinde-Buechen-hfr.jpg 1000w, https:\/\/herzogtum-direkt.de\/wp-content\/uploads\/2023\/07\/Der-neue-Amtsvorsteher-Buechen-2023-Florian-Schmidt-verabschiedet-Martin-Voss.-Foto-Gemeinde-Buechen-hfr-300x225.jpg 300w, https:\/\/herzogtum-direkt.de\/wp-content\/uploads\/2023\/07\/Der-neue-Amtsvorsteher-Buechen-2023-Florian-Schmidt-verabschiedet-Martin-Voss.-Foto-Gemeinde-Buechen-hfr-768x576.jpg 768w, https:\/\/herzogtum-direkt.de\/wp-content\/uploads\/2023\/07\/Der-neue-Amtsvorsteher-Buechen-2023-Florian-Schmidt-verabschiedet-Martin-Voss.-Foto-Gemeinde-Buechen-hfr-750x563.jpg 750w\" sizes=\"(max-width: 1000px) 100vw, 1000px\" \/><figcaption class=\"wp-element-caption\">Der neue Amtsvorsteher Florian Schmidt verabschiedet Martin Vo\u00df. Foto: Gemeinde B\u00fcchen, hfr<\/figcaption><\/figure>\n\n\n\n<figure class=\"wp-block-image size-large\"><img decoding=\"async\" width=\"1000\" height=\"758\" data-id=\"52755\" src=\"https:\/\/herzogtum-direkt.de\/wp-content\/uploads\/2023\/07\/Amtsvorsteher-2023-Martin-Voss-und-Florian-Schmidt-Fotos-Gemeinde-Buechen.jpg\" alt=\"\" class=\"wp-image-52755\" srcset=\"https:\/\/herzogtum-direkt.de\/wp-content\/uploads\/2023\/07\/Amtsvorsteher-2023-Martin-Voss-und-Florian-Schmidt-Fotos-Gemeinde-Buechen.jpg 1000w, https:\/\/herzogtum-direkt.de\/wp-content\/uploads\/2023\/07\/Amtsvorsteher-2023-Martin-Voss-und-Florian-Schmidt-Fotos-Gemeinde-Buechen-300x227.jpg 300w, https:\/\/herzogtum-direkt.de\/wp-content\/uploads\/2023\/07\/Amtsvorsteher-2023-Martin-Voss-und-Florian-Schmidt-Fotos-Gemeinde-Buechen-768x582.jpg 768w, https:\/\/herzogtum-direkt.de\/wp-content\/uploads\/2023\/07\/Amtsvorsteher-2023-Martin-Voss-und-Florian-Schmidt-Fotos-Gemeinde-Buechen-750x569.jpg 750w\" sizes=\"(max-width: 1000px) 100vw, 1000px\" \/><figcaption class=\"wp-element-caption\">Martin Vo\u00df (links) freut sich mit dem neuen Amtsvorsteher des Amtes B\u00fcchen, Florian Schmidt. Foto: Gemeinde B\u00fcchen, hfr <\/figcaption><\/figure>\n<\/figure>\n\n\n\n<p><strong>Amtsvorsteher verabschiedet und neuer Amtsvorsteher gew\u00e4hlt<\/strong><\/p>\n\n\n\n<p>Nach der Konstituierung und der Wahl der neuen Amtsdirektorin stand der Punkt Verabschiedung des Amtsvorstehers Vo\u00df auf der Tagesordnung. Nach 15 Jahren Amtst\u00e4tigkeit als Amtsvorsteher und 27 Jahren als Mitglied des Amtsausschusses wollte sich der gesamte Amtsausschuss bei Martin Vo\u00df bedanken und ihn feierlich verabschieden.<\/p>\n\n\n\n<p>Nach einem R\u00fcckblick auf die Zeit als Amtsvorsteher w\u00fcnschte Vo\u00df allen Mitgliedern bei der Arbeit im Amtsausschuss viel Erfolg und ein gl\u00fcckliches H\u00e4ndchen f\u00fcr die anstehenden Entscheidungen. F\u00fcr seinen Nachfolger Florian Schmidt hinterl\u00e4sst er gro\u00dfe Fu\u00dfstapfen. Denn nach nunmehr 15 Jahren Amtst\u00e4tigkeit als Amtsvorsteher stand Martin Vo\u00df nicht mehr f\u00fcr eine weitere Amtszeit zur Verf\u00fcgung. Einstimmig wurde Florian Schmidt, B\u00fcrgermeister aus Besenthal, zum neuen Amtsvorsteher gew\u00e4hlt.  Auch seine Stellvertreter Karl-Heinz Finnern und Axel Bourjau wurden einstimmig gew\u00e4hlt. Beide wollen den neuen Amtsvorsteher in seiner Amtszeit tatkr\u00e4ftig unterst\u00fctzen.<\/p>\n","protected":false},"excerpt":{"rendered":"<p>Herzogtum Lauenburg\/B\u00fcchen (pm\/gb). Nach den Kommunalwahlen werden viele Posten in den \u00c4mtern und Gemeinden neu besetzt. In den Verwaltungen werden neue AmtsvorsteherInnen und Amts DirektorInnen gew\u00e4hlt. Vor der Sommerpause werden die neuen Vorstehenden der \u00c4mter in den jeweiligen Amtsausschusssitzungen ernannt. Die Amtsdirektorin in B\u00fcchen wurde am Donnerstag, 6. Juli 2023 im Amtsausschuss des Amtes B\u00fcchen [&hellip;]<\/p>\n","protected":false},"author":2,"featured_media":52753,"comment_status":"closed","ping_status":"closed","sticky":false,"template":"","format":"standard","meta":{"jnews-multi-image_gallery":[],"jnews_single_post":{"subtitle":"","format":"standard","video":"","gallery":"","source_name":"","source_url":"","via_name":"","via_url":"","jpwt_enable_post_donation":"0","override_template":"0","override":[{"template":"1","single_blog_custom":"","parallax":"1","fullscreen":"1","layout":"right-sidebar","sidebar":"default-sidebar","second_sidebar":"default-sidebar","sticky_sidebar":"1","share_position":"top","share_float_style":"share-monocrhome","show_share_counter":"0","show_view_counter":"1","show_featured":"1","show_post_meta":"1","show_post_author":"1","show_post_author_image":"1","show_post_date":"1","post_date_format":"default","post_date_format_custom":"Y\/m\/d","show_post_category":"0","show_post_reading_time":"0","post_reading_time_wpm":"300","show_zoom_button":"0","zoom_button_out_step":"2","zoom_button_in_step":"3","show_post_tag":"1","show_prev_next_post":"0","show_popup_post":"1","number_popup_post":"1","show_author_box":"1","show_post_related":"1","show_inline_post_related":"0"}],"override_image_size":"0","image_override":[{"single_post_thumbnail_size":"crop-500","single_post_gallery_size":"crop-500"}],"trending_post":"0","trending_post_position":"meta","trending_post_label":"Trending","sponsored_post":"0","sponsored_post_label":"Sponsored by","sponsored_post_name":"","sponsored_post_url":"","sponsored_post_logo_enable":"0","sponsored_post_logo":"","sponsored_post_desc":"","disable_ad":"0"},"jnews_primary_category":{"id":"","hide":""},"jnews_social_meta":{"fb_title":"","fb_description":"","fb_image":"","twitter_title":"","twitter_description":"","twitter_image":""},"jnews_override_counter":{"override_view_counter":"0","view_counter_number":"0","override_share_counter":"0","share_counter_number":"0","override_like_counter":"0","like_counter_number":"0","override_dislike_counter":"0","dislike_counter_number":"0"},"jnews_post_split":{"enable_post_split":"0","post_split":[{"template":"1","tag":"h2","numbering":"asc","mode":"normal","first":"0","enable_toc":"0","toc_type":"normal"}]},"footnotes":""},"categories":[2650,63],"tags":[3608,3755,141,2231,3384],"class_list":["post-52751","post","type-post","status-publish","format-standard","has-post-thumbnail","hentry","category-buechen","category-herzogtum-lauenburg","tag-amtsdirektor","tag-amtsvorsteher","tag-buechen","tag-kommunalpolitik","tag-kommunalverwaltung"],"_links":{"self":[{"href":"https:\/\/herzogtum-direkt.de\/index.php\/wp-json\/wp\/v2\/posts\/52751","targetHints":{"allow":["GET"]}}],"collection":[{"href":"https:\/\/herzogtum-direkt.de\/index.php\/wp-json\/wp\/v2\/posts"}],"about":[{"href":"https:\/\/herzogtum-direkt.de\/index.php\/wp-json\/wp\/v2\/types\/post"}],"author":[{"embeddable":true,"href":"https:\/\/herzogtum-direkt.de\/index.php\/wp-json\/wp\/v2\/users\/2"}],"replies":[{"embeddable":true,"href":"https:\/\/herzogtum-direkt.de\/index.php\/wp-json\/wp\/v2\/comments?post=52751"}],"version-history":[{"count":1,"href":"https:\/\/herzogtum-direkt.de\/index.php\/wp-json\/wp\/v2\/posts\/52751\/revisions"}],"predecessor-version":[{"id":52756,"href":"https:\/\/herzogtum-direkt.de\/index.php\/wp-json\/wp\/v2\/posts\/52751\/revisions\/52756"}],"wp:featuredmedia":[{"embeddable":true,"href":"https:\/\/herzogtum-direkt.de\/index.php\/wp-json\/wp\/v2\/media\/52753"}],"wp:attachment":[{"href":"https:\/\/herzogtum-direkt.de\/index.php\/wp-json\/wp\/v2\/media?parent=52751"}],"wp:term":[{"taxonomy":"category","embeddable":true,"href":"https:\/\/herzogtum-direkt.de\/index.php\/wp-json\/wp\/v2\/categories?post=52751"},{"taxonomy":"post_tag","embeddable":true,"href":"https:\/\/herzogtum-direkt.de\/index.php\/wp-json\/wp\/v2\/tags?post=52751"}],"curies":[{"name":"wp","href":"https:\/\/api.w.org\/{rel}","templated":true}]}}