{"id":52432,"date":"2023-07-07T05:44:00","date_gmt":"2023-07-07T03:44:00","guid":{"rendered":"https:\/\/herzogtum-direkt.de\/?p=52432"},"modified":"2023-07-06T17:53:46","modified_gmt":"2023-07-06T15:53:46","slug":"kultursommer-am-kanal-theater-welten-geschichten-und-klaenge-an-den-ufern-des-elbe-luebeck-kanals","status":"publish","type":"post","link":"https:\/\/herzogtum-direkt.de\/index.php\/2023\/07\/07\/kultursommer-am-kanal-theater-welten-geschichten-und-klaenge-an-den-ufern-des-elbe-luebeck-kanals\/","title":{"rendered":"KulturSommer am Kanal: Theater-Welten, Geschichten und Kl\u00e4nge an den Ufern des Elbe-L\u00fcbeck-Kanals"},"content":{"rendered":"\n<p><strong>Herzogtum Lauenburg (pm).<\/strong> In der zweiten Woche des KulturSommers am Kanal (KuSo) werden noch einmal Welt-Klassiker gezeigt auf den Brettern, die die Welt bedeuten: Shakespeare, Schiller, Grimms M\u00e4rchen, aber auch Leni Riefenstahl, Susan Sonntag und Puppen-Comedy f\u00fcr Erwachsene. Ein abwechslungsreiches Theaterprogramm l\u00e4sst die Besuchenden, ganz nach dem diesj\u00e4hrigen Motto des KuSos \u201eAn den Ufern der K\u00fcnste\u201c, die Vielfalt der theatralen Erlebnisse betrachten; es gibt Einblicke in k\u00fcnstlerische Erlebnisr\u00e4ume der Offenen Ateliers und musikalische H\u00f6rerlebnisse in den Konzerten.<\/p>\n\n\n\n<p>Hier ein Einblick in die Veranstaltungen vom 08. Juli bis 14. Juli \u2013 aktuelle Hinweise zum Programm sind unter <a href=\"http:\/\/www.kultursommer-am-kanal.de\" data-type=\"URL\" data-id=\"www.kultursommer-am-kanal.de\" target=\"_blank\" rel=\"noreferrer noopener\">www.kultursommer-am-kanal.de<\/a> abrufbar.<\/p>\n\n\n\n<p>Bretter, die die Welt bedeuten<\/p>\n\n\n\n<p>Der KuSo l\u00e4dt am zweiten Juliwochenende zu einem besonderen Theatererlebnis ein. Kilian Prigge, ein junger norddeutscher Regisseur, zeigt seine Inszenierung eines Theaterklassikers in Plattdeutscher Sprache. Mit seiner plattdeutschen Fassung von Shakespeares Othello \u00fcberraschte er seine Professoren an der Hochschule f\u00fcr Musik und Theater in Hamburg. Seine kurzweilige \u00dcberarbeitung des Weltklassikers wird am 9. Juli im Theater Augustinum in M\u00f6lln gespielt. Kurzerhand verlegte er die Geschichte um den Au\u00dfenseiter Othello von Venedig nach Norddeutschland aufs Land. Und was Venedig an Kan\u00e4len hat, hat das Herzogtum an Seenlandschaft zu bieten. Was liegt also n\u00e4her, als OTTO in die Nachbarschaft zu verlegen. Ein am\u00fcsanter, rasanter Theaterabend \u00fcber die Liebe zwischen St\u00e4dtern und Landbev\u00f6lkerung. Sicher eines der Highlights dieser Woche.<\/p>\n\n\n\n<p>Wer \u201eWallensteins Lager\u201c nach Schiller in der Regie von Frank D\u00fcwel in Geesthacht verpasst hat, kann am 8. Juli \u201eWallensteins Lager\u201c in Ratzeburg sehen, das dorthin weitergezogen ist. Hip-Hop-Beats und Schillers Sprachwucht lassen die Emotionen der jungen Soldaten \u00fcberkochen und geben einen Einblick darin, was es hei\u00dft, wenn Gener\u00e4le die Geschicke Vieler lenken. Mit \u201eLeni Riefenstahl und Susan Sontag\u201c von Stijn Devill\u00e9 zeigt das Heubodentheater Ritzerau am 7. Juli das Aufeinandertreffen zweier Weltbilder, das uns unser eigenes Weltbild schnell hinterfragen l\u00e4sst.<\/p>\n\n\n\n<p>Mit \u201eNikki und Clarissa\u201c holen wir eine weitere Diva auf die B\u00fchne, denn von wem sollte Marylin Monroe ihren H\u00fcftschwung erlernt haben, wenn nicht von Clarissa Zockovic \u2013 Puppen-Comedy vom Feinsten im Heubodentheater Ritzerau am 8. Juli.<\/p>\n\n\n\n<p>Theater-Kinderprogramm<\/p>\n\n\n\n<p>Kinder ab drei Jahren sind zu Frau Holle geladen, die, wie der Zauberer Neven, am 9. Juli im Heubodentheater Ritzerau f\u00fcr m\u00e4rchenhafte Momente sorgt. Und alle, die es lieber laut und rhythmisch lieben, sind um 16.00 Uhr zu \u201e90 kids &amp; more\u201c, der Er\u00f6ffnung der Geesthachter Kulturnacht am 8. Juli, eingeladen. Zusammen mit Harfe und Posaune erschaffen Kinder- Ch\u00f6re und Trommler neue Klangwelten f\u00fcr ihre Zuh\u00f6rer.<\/p>\n\n\n\n<figure class=\"wp-block-image size-full is-style-default\"><img fetchpriority=\"high\" decoding=\"async\" width=\"1000\" height=\"667\" src=\"https:\/\/herzogtum-direkt.de\/wp-content\/uploads\/2023\/07\/2RITZERAU-Nikki_und_Clarissa\u00a9Daniela-Incoronato.jpg\" alt=\"\" class=\"wp-image-52434\" srcset=\"https:\/\/herzogtum-direkt.de\/wp-content\/uploads\/2023\/07\/2RITZERAU-Nikki_und_Clarissa\u00a9Daniela-Incoronato.jpg 1000w, https:\/\/herzogtum-direkt.de\/wp-content\/uploads\/2023\/07\/2RITZERAU-Nikki_und_Clarissa\u00a9Daniela-Incoronato-300x200.jpg 300w, https:\/\/herzogtum-direkt.de\/wp-content\/uploads\/2023\/07\/2RITZERAU-Nikki_und_Clarissa\u00a9Daniela-Incoronato-768x512.jpg 768w, https:\/\/herzogtum-direkt.de\/wp-content\/uploads\/2023\/07\/2RITZERAU-Nikki_und_Clarissa\u00a9Daniela-Incoronato-750x500.jpg 750w\" sizes=\"(max-width: 1000px) 100vw, 1000px\" \/><figcaption class=\"wp-element-caption\">Die Puppen-Comedy \u201eNikki und Clarissa\u201c ist am 8. Juli in Ritzerau zu Gast im Heubodentheater Foto: Daniela Incoronato<\/figcaption><\/figure>\n\n\n\n<p>Musik zum Mitmachen, Zuh\u00f6ren und Staunen<\/p>\n\n\n\n<p>Am Sonnabend (8. Juli, 15.00 Uhr) erklingt j\u00e4gerliches Brauchtum in M\u00f6lln, wenn der Jagdbl\u00e4serkorps Nord im Kurpark zum 75. Jubil\u00e4um die Besucher zu einem musikalischen Jagdausflug einl\u00e4dt. Wer lieber selbst Musik macht, ist zum Mitmachen bei \u201eTasten, Fl\u00f6ten und mehr!\u201c in der Reihe \u201eKlang im ewigen Garten\u201c (M\u00f6lln, 8. Juli um 18.00 Uhr) aufgefordert. Zu H\u00f6ren ist Neue und Alte Musik auf Blockfl\u00f6ten &#8211; von Sopranino bis Bass- von Trommeln und Bassklangst\u00e4ben \u2013 unterst\u00fctzt, gespielt von den Zuh\u00f6rern.<\/p>\n\n\n\n<p>\u201eGl\u00fccksmomente\u201c findet, wer in Ziethen (8. Juli, 19.30 Uhr) zum musikalischen Spaziergang in den Pfarrhof kommt, um beim Gospelchor der Kirchengemeinde Ziethen Gl\u00fccksmomente zu erleben. <\/p>\n\n\n\n<p>Freunde der Fingerstyle-Gitarre und Geschichten aus der Musik sollten am 12. Juli im Schifffahrtsmuseum Lauenburg J\u00f6rg-R\u00fcdiger Geschke und seine mitgebrachten Cover-Visionen nicht verpassen., Er erz\u00e4hlt allerlei Unterhaltsames aus vielen Jahren der B\u00fchnenerfahrung.<\/p>\n\n\n\n<p>Literatur und Musik verbindet sich bei \u201eWenn die Seele Saiten h\u00e4tte, w\u00e4ren es Cellosaiten\u201c in G\u00fcster, wenn am 14. Juli in der Auferstehungskapelle Magda und Daniel Souror dem Cello mit Anekdoten, Geschichten und Musik ihre Hommage erweisen.<\/p>\n\n\n\n<p>Kunst am Wegesrand<\/p>\n\n\n\n<p>Am 2. KuSo-Wochenende (8. &#8211; 14. Juli, 12:00 \u2013 18:00 Uhr) huldigt Gunda F\u00f6rster-Jorczyk die Brennnessel in ihrer Ausstellung. Eine Pflanze, die gemeinhin als Unkraut gilt; dabei hinterfragt die K\u00fcnstlerin das N\u00fctzlichkeitsdenken, mit dem wir die Natur betrachten.<\/p>\n\n\n\n<p>Stefan Kruse l\u00e4dt in \u201eStrich f\u00fcr Strich\u201c ein, den Strich als Anfang und Ende einer Geschichte zu sehen und den Humor in seinen Bildern zu finden. (9. Juli, 12.00 \u2013 16.00 Uhr, Krummesse)<\/p>\n\n\n\n<p>In Klein Zecher k\u00f6nnen die Besucher in der Alten Schule die Arbeiten zweier K\u00fcnstler entdecken. W\u00e4hrend Antje Ladiges-Specht in ihren Arbeiten zu Ruhe und Kontemplation einl\u00e4dt, zeigt Meinhard F\u00fcllner \u00e4ltere Arbeiten, die neu aufgelegt sind und mit ihren neuen Formen \u00fcberraschen. (Klein Zecher, 8. und 9. Juli, 12.00 \u2013 18.00 Uhr)<\/p>\n\n\n\n<p>An den gleichen Tagen (8. und 9. Juli) lohnt sich auch ein Ausflug nach M\u00fcssen, wo Alexis Haeselich in seinem Skulpturenpark neben seinen Werken am Samstag um 18.00 Uhr zu einer \u201eLesung f\u00fcr Bier\u201c von Thomas P. Langkau und Thomas Bissinger einl\u00e4dt und am Sonntag um 13.00 und 15.00 Uhr das Geigenduo Cosmo-Broosch aufspielt.<\/p>\n\n\n\n<p>Die Galerie Ma(h)lwerk bittet nicht nur zum Malkurs am 8. Juli, sondern zeigt Sehnsuchtsorte, die bei Malreisen unter Anleitung von Gudrun Jakubeit in Bayern, am Chiemsee, in der L\u00fcneburger Heide oder Portugal entstanden sind (11.00 \u2013 18.00 Uhr, Roseburg.)<\/p>\n\n\n\n<p>Dar\u00fcber hinaus \u00f6ffnen viele weitere K\u00fcnstler und Kreative in Roseburg, Sterley, B\u00fcchen, Ratzeburg, Mechow, Breitenfelde und Grambek die T\u00fcren zu ihren G\u00e4rten und Ateliers und erm\u00f6glichen den Besuchenden eine Rundreise durch Kunst &amp; Kreativit\u00e4t in Form von Malereien, Collagen, Skulpturen, Fotografien und besonderen Installationen.<\/p>\n\n\n\n<p><strong><u>Veranstaltungsliste der 2. Woche des KulturSommers 2023 (08. Juli 2023 \u2013 14. Juli 2023) <\/u><\/strong><strong><u><\/u><\/strong><\/p>\n\n\n\n<p><strong>08. Juli:<\/strong><\/p>\n\n\n\n<p>10.00 Uhr \u2013 20.00 Uhr, M\u00f6lln, Tierheim M\u00f6lln: 60 Jahre Tierschutz M\u00f6lln<\/p>\n\n\n\n<p>16.00, Schwarzenbek, Amtsrichterhaus Schwarzenbek, Finissage Forum Junge Kunst<\/p>\n\n\n\n<p>11.00 \u2013 18.00 Uhr, Basedow, Wiese neben der Kapelle Dorfstra\u00dfe: Workshop: Kunst mit Kopf, Herz und Verstand<\/p>\n\n\n\n<p>11.00 \u2013 17.00 Uhr, Breitenfelde, Hof K\u00fclls: Landschaft und Natur im Herzogtum Lauenburg<\/p>\n\n\n\n<p>11.00 \u2013 17.00 Uhr, Breitenfelde, Atelier Monika Scheer: Atelier Monika Scheer<\/p>\n\n\n\n<p>11.00 \u2013 18.00 Uhr, Grambek, DGH: Kunst verbindet!<\/p>\n\n\n\n<p>11.00 \u2013 18.00 Uhr, Roseburg, Galerie Ma(h)lwerk: Sehnsuchtsorte \u2013 Reisebilder nah und fern, Malkurs<\/p>\n\n\n\n<p>12.00 \u2013 18.00 Uhr, Klein Zecher, Alte Schule: Der Weg ins Ungewisse<\/p>\n\n\n\n<p>14.00 \u2013 19.00 Uhr, B\u00fcchen, Atelier Neumann: Menschen, Landschaften, Au\u00dferirdische, Tiere und Satire \u2013 \u00e4sthetische, wundersch\u00f6ne, aber auch bitterb\u00f6se Bilder<\/p>\n\n\n\n<p>15.00 \u2013 17.00 Uhr, M\u00f6lln, M\u00f6lln Kurpark B\u00fchne: 75 Jahre Jagdhornbl\u00e4serkorps (Jagdhornkonzert)<\/p>\n\n\n\n<p>Einlass ab 15.45 Uhr, Geesthacht, Turnhalle der Buntenskampschule Geesthacht: 90 kids &amp; more music<\/p>\n\n\n\n<p>18.00 Uhr, M\u00fcssen, Skulpturenpark M\u00fcssen: Er\u00f6ffnung des Skulpturenparks, Lesung<\/p>\n\n\n\n<p>18.00 Uhr, M\u00f6lln, Rondell Alter Friedhof M\u00f6lln: Tasten, Fl\u00f6ten und mehr! \u2013 Konzert zum Zuh\u00f6ren und Mitmachen<\/p>\n\n\n\n<p>19.30 Uhr, Ratzeburg, Marktplatz in Ratzeburg, Weiterf\u00fchrung in der St. Petri-Kirche: Das St\u00fcck zur Zeit &#8211; Wallensteins Lager<\/p>\n\n\n\n<p>19.30 Uhr, Ziethen, Kirche und Pfarrhof St. Laurentius Ziethen: Gl\u00fccksmomente (Musikalischer Spaziergang)<\/p>\n\n\n\n<p>20.00 Uhr, Ritzerau, Heubodentheater: Nikki und Clarissa (Puppen-Comedy)<\/p>\n\n\n\n<p><strong>09. Juli:<\/strong><\/p>\n\n\n\n<p>09.00 Uhr \u2013 18.00 Uhr, M\u00f6lln, Tierheim M\u00f6lln: 60 Jahre Tierschutz M\u00f6lln<\/p>\n\n\n\n<p>10.00 \u2013 18.00 Uhr, M\u00f6lln, Stadthauptmannshof: Platt f\u00f6r h\u00fc\u00fct un morgen (Niederdeutscher Autorentag)<\/p>\n\n\n\n<p>11.00 Uhr, Schwarzenbek, Amtsrichterhaus Schwarzenbek: Geschichten f\u00fcr Kinder \u00fcber die Welt der Musikinstrumente<\/p>\n\n\n\n<p>11.00 \u2013 17.00 Uhr, Breitenfelde, Hof K\u00fclls: Landschaft und Natur im Herzogtum Lauenburg<\/p>\n\n\n\n<p>11.00 \u2013 17.00 Uhr, Breitenfelde, Atelier Monika Scheer: Atelier Monika Scheer<\/p>\n\n\n\n<p>11.00 \u2013 18.00 Uhr, Grambek, DGH: Kunst verbindet! (Workshop Drucken von 15.00 \u2013 16.30 Uhr)<\/p>\n\n\n\n<p>11.00 \u2013 18.00 Uhr, Roseburg, Galerie Ma(h)lwerk: Sehnsuchtsorte \u2013 Reisebilder nah und fern<\/p>\n\n\n\n<p>12.00 \u2013 18.00 Uhr, Krummesse, Atelier Kruse: Strich f\u00fcr Strich<\/p>\n\n\n\n<p>12.00 \u2013 18.00 Uhr, Mannhagen, Atelier Gunda F\u00f6rster-Jorczyk<\/p>\n\n\n\n<p>12.00 \u2013 18.00 Uhr, Klein Zecher, Alte Schule: Der Weg ins Ungewisse<\/p>\n\n\n\n<p>12.00 \u2013 18.00 Uhr, Koberg, Skulpturenpark Marianne Sch\u00e4fer: Skulpturenpark Marianne Sch\u00e4fer<\/p>\n\n\n\n<p>12.00 Uhr und 14.00 Uhr, M\u00fcssen, Skulpturenpark M\u00fcssen: \u201emousse o\u2018 dance\u201c Tanzperformance<\/p>\n\n\n\n<p>13.00 Uhr und 15.00 Uhr, M\u00fcssen, Skulpturenpark M\u00fcssen: Er\u00f6ffnung des Skulpturenparks, Konzert Cosmo-Broosch, 18.00 Uhr Lesung mit Thomas Langkau und Thomas Bissinger<\/p>\n\n\n\n<p>13.00 Uhr, Ritzerau, Heubodentheater: Frau Holle (Erz\u00e4hltheater)<\/p>\n\n\n\n<p>14.00 \u2013 18.00 Uhr, Mechow, Ebba Sakel Atelier: Natur und Kunst \u2013 Ebba Sakel<\/p>\n\n\n\n<p>14.00 \u2013 19.00 Uhr, B\u00fcchen, Atelier Neumann: Menschen, Landschaften, Au\u00dferirdische, Tiere und Satire \u2013 \u00e4sthetische, wundersch\u00f6ne, aber auch bitterb\u00f6se Bilder<\/p>\n\n\n\n<p>15.00 Uhr, Ritzerau, Heubodentheater: NEVEN (Zauberer)<\/p>\n\n\n\n<p>18.00 Uhr, Schnakenbek, Friedhof: Die Nachtigall im Garten (Duo Kantia, Konzert)<\/p>\n\n\n\n<p>19.00 Uhr, M\u00f6lln, Theater Augustinum M\u00f6lln: Otto \u2013 Othello op Platt<\/p>\n\n\n\n<p><strong>12. Juli:<\/strong><\/p>\n\n\n\n<p>19.00 Uhr, Lauenburg\/Elbe, Elbschifffahrtsmuseum: Fingerstyle-Gitarre und Lieder \u2013 Geschke singt Lieblingslieder und spielt solistisch<\/p>\n\n\n\n<p>19.30 Uhr, M\u00f6lln, Augustinum M\u00f6lln: 40 years on stage (Luley)<\/p>\n\n\n\n<p><strong>13. Juli:<\/strong><\/p>\n\n\n\n<p>17.30 Uhr, Ratzeburg, Rokokosaal des Herrenhauses in Ratzeburg, Kreismuseum: Befl\u00fcgelt \u2013 Konzert der Kreismusikschule<\/p>\n\n\n\n<p><strong>14. Juli:<\/strong><\/p>\n\n\n\n<p>19.00 Uhr, Basthorst, Pastoratsgarten: Konzert Dreierpack<\/p>\n\n\n\n<p>19.00 Uhr, G\u00fcster, Auferstehungskapelle G\u00fcster: \u201eWenn die Seele Saiten h\u00e4tte, w\u00e4ren es Cellosaiten.\u201c<\/p>\n\n\n\n<p>22.00 Uhr, Lauenburg, Wiese zwischen Maria-Magdalenen-Kirche und Pastorat Hohler Weg: Wie im Himmel (Film im Open-Air-Kino)<\/p>\n","protected":false},"excerpt":{"rendered":"<p>Herzogtum Lauenburg (pm). In der zweiten Woche des KulturSommers am Kanal (KuSo) werden noch einmal Welt-Klassiker gezeigt auf den Brettern, die die Welt bedeuten: Shakespeare, Schiller, Grimms M\u00e4rchen, aber auch Leni Riefenstahl, Susan Sonntag und Puppen-Comedy f\u00fcr Erwachsene. Ein abwechslungsreiches Theaterprogramm l\u00e4sst die Besuchenden, ganz nach dem diesj\u00e4hrigen Motto des KuSos \u201eAn den Ufern der [&hellip;]<\/p>\n","protected":false},"author":2,"featured_media":52433,"comment_status":"closed","ping_status":"closed","sticky":false,"template":"","format":"standard","meta":{"jnews-multi-image_gallery":[],"jnews_single_post":{"subtitle":"Das Programm von Samstag 08. Juli \u2013 Freitag 14. Juli 2023","format":"standard","video":"","gallery":"","source_name":"","source_url":"","via_name":"","via_url":"","jpwt_enable_post_donation":"0","override_template":"0","override":[{"template":"1","single_blog_custom":"","parallax":"1","fullscreen":"1","layout":"right-sidebar","sidebar":"default-sidebar","second_sidebar":"default-sidebar","sticky_sidebar":"1","share_position":"top","share_float_style":"share-monocrhome","show_share_counter":"0","show_view_counter":"1","show_featured":"1","show_post_meta":"1","show_post_author":"1","show_post_author_image":"1","show_post_date":"1","post_date_format":"default","post_date_format_custom":"Y\/m\/d","show_post_category":"0","show_post_reading_time":"0","post_reading_time_wpm":"300","show_zoom_button":"0","zoom_button_out_step":"2","zoom_button_in_step":"3","show_post_tag":"1","show_prev_next_post":"0","show_popup_post":"1","number_popup_post":"1","show_author_box":"1","show_post_related":"1","show_inline_post_related":"0"}],"override_image_size":"0","image_override":[{"single_post_thumbnail_size":"crop-500","single_post_gallery_size":"crop-500"}],"trending_post":"0","trending_post_position":"meta","trending_post_label":"Trending","sponsored_post":"0","sponsored_post_label":"Sponsored by","sponsored_post_name":"","sponsored_post_url":"","sponsored_post_logo_enable":"0","sponsored_post_logo":"","sponsored_post_desc":"","disable_ad":"0"},"jnews_primary_category":{"id":"","hide":""},"jnews_social_meta":{"fb_title":"","fb_description":"","fb_image":"","twitter_title":"","twitter_description":"","twitter_image":""},"jnews_override_counter":{"override_view_counter":"0","view_counter_number":"0","override_share_counter":"0","share_counter_number":"0","override_like_counter":"0","like_counter_number":"0","override_dislike_counter":"0","dislike_counter_number":"0"},"jnews_post_split":{"enable_post_split":"0","post_split":[{"template":"1","tag":"h2","numbering":"asc","mode":"normal","first":"0","enable_toc":"0","toc_type":"normal"}]},"footnotes":""},"categories":[70,2],"tags":[900],"class_list":["post-52432","post","type-post","status-publish","format-standard","has-post-thumbnail","hentry","category-kultur","category-startseite","tag-kultursommer-am-kanal"],"_links":{"self":[{"href":"https:\/\/herzogtum-direkt.de\/index.php\/wp-json\/wp\/v2\/posts\/52432","targetHints":{"allow":["GET"]}}],"collection":[{"href":"https:\/\/herzogtum-direkt.de\/index.php\/wp-json\/wp\/v2\/posts"}],"about":[{"href":"https:\/\/herzogtum-direkt.de\/index.php\/wp-json\/wp\/v2\/types\/post"}],"author":[{"embeddable":true,"href":"https:\/\/herzogtum-direkt.de\/index.php\/wp-json\/wp\/v2\/users\/2"}],"replies":[{"embeddable":true,"href":"https:\/\/herzogtum-direkt.de\/index.php\/wp-json\/wp\/v2\/comments?post=52432"}],"version-history":[{"count":1,"href":"https:\/\/herzogtum-direkt.de\/index.php\/wp-json\/wp\/v2\/posts\/52432\/revisions"}],"predecessor-version":[{"id":52435,"href":"https:\/\/herzogtum-direkt.de\/index.php\/wp-json\/wp\/v2\/posts\/52432\/revisions\/52435"}],"wp:featuredmedia":[{"embeddable":true,"href":"https:\/\/herzogtum-direkt.de\/index.php\/wp-json\/wp\/v2\/media\/52433"}],"wp:attachment":[{"href":"https:\/\/herzogtum-direkt.de\/index.php\/wp-json\/wp\/v2\/media?parent=52432"}],"wp:term":[{"taxonomy":"category","embeddable":true,"href":"https:\/\/herzogtum-direkt.de\/index.php\/wp-json\/wp\/v2\/categories?post=52432"},{"taxonomy":"post_tag","embeddable":true,"href":"https:\/\/herzogtum-direkt.de\/index.php\/wp-json\/wp\/v2\/tags?post=52432"}],"curies":[{"name":"wp","href":"https:\/\/api.w.org\/{rel}","templated":true}]}}