{"id":51349,"date":"2023-06-04T06:13:00","date_gmt":"2023-06-04T04:13:00","guid":{"rendered":"https:\/\/herzogtum-direkt.de\/?p=51349"},"modified":"2023-05-31T08:15:57","modified_gmt":"2023-05-31T06:15:57","slug":"goldene-diamantene-und-eiserne-konfirmation-in-moelln","status":"publish","type":"post","link":"https:\/\/herzogtum-direkt.de\/index.php\/2023\/06\/04\/goldene-diamantene-und-eiserne-konfirmation-in-moelln\/","title":{"rendered":"Goldene, Diamantene und Eiserne Konfirmation in M\u00f6lln"},"content":{"rendered":"\n<p><strong>M\u00f6lln (pm).<\/strong> Die Evangelisch-Lutherische Kirchengemeinde M\u00f6lln l\u00e4dt die Konfirmandenjahrg\u00e4nge 1972\/1973, 1962\/1963 und 1957\/1958 am Sonntag, den 22. Oktober 2023 zur Goldenen, Diamantenen und Eisernen Konfirmation ein.<\/p>\n\n\n\n<p>Wer daran teilnehmen m\u00f6chte, m\u00f6ge sich schriftlich oder telefonisch unter 04542\/85688-0 mit aktueller Anschrift an das Kirchenb\u00fcro der Kirchengemeinde M\u00f6lln, Jochim-Polleyn-Platz 9 in M\u00f6lln, wenden. \u201eWenn Sie Anschriften von damaligen Mitkonfirmanden kennen, teilen Sie uns diese bitte mit\u201c, sagen die Mitarbeitenden im Kirchenb\u00fcro. Selbstverst\u00e4ndlich sind zur Goldenen, Diamantenen und Eisernen Konfirmation auch diejenigen dieser Jahrg\u00e4nge eingeladen, die nicht in M\u00f6lln konfirmiert wurden, jetzt aber hier ihren Wohnsitz haben. \u201eWir bitten, dann Namen und Anschrift im Kirchenb\u00fcro abzugeben. Einzelheiten \u00fcber die geplante Feier der Konfirmation erfahren die Teilnehmer dann sp\u00e4ter durch pers\u00f6nliche Einladungen.\u201c<\/p>\n","protected":false},"excerpt":{"rendered":"<p>M\u00f6lln (pm). Die Evangelisch-Lutherische Kirchengemeinde M\u00f6lln l\u00e4dt die Konfirmandenjahrg\u00e4nge 1972\/1973, 1962\/1963 und 1957\/1958 am Sonntag, den 22. Oktober 2023 zur Goldenen, Diamantenen und Eisernen Konfirmation ein. Wer daran teilnehmen m\u00f6chte, m\u00f6ge sich schriftlich oder telefonisch unter 04542\/85688-0 mit aktueller Anschrift an das Kirchenb\u00fcro der Kirchengemeinde M\u00f6lln, Jochim-Polleyn-Platz 9 in M\u00f6lln, wenden. \u201eWenn Sie Anschriften von [&hellip;]<\/p>\n","protected":false},"author":2,"featured_media":16232,"comment_status":"closed","ping_status":"closed","sticky":false,"template":"","format":"standard","meta":{"jnews-multi-image_gallery":[],"jnews_single_post":{"subtitle":"","format":"standard","video":"","gallery":"","source_name":"","source_url":"","via_name":"","via_url":"","jpwt_enable_post_donation":"0","override_template":"0","override":[{"template":"1","single_blog_custom":"","parallax":"1","fullscreen":"1","layout":"right-sidebar","sidebar":"default-sidebar","second_sidebar":"default-sidebar","sticky_sidebar":"1","share_position":"top","share_float_style":"share-monocrhome","show_share_counter":"0","show_view_counter":"1","show_featured":"1","show_post_meta":"1","show_post_author":"1","show_post_author_image":"1","show_post_date":"1","post_date_format":"default","post_date_format_custom":"Y\/m\/d","show_post_category":"0","show_post_reading_time":"0","post_reading_time_wpm":"300","show_zoom_button":"0","zoom_button_out_step":"2","zoom_button_in_step":"3","show_post_tag":"1","show_prev_next_post":"0","show_popup_post":"1","number_popup_post":"1","show_author_box":"1","show_post_related":"1","show_inline_post_related":"0"}],"override_image_size":"0","image_override":[{"single_post_thumbnail_size":"crop-500","single_post_gallery_size":"crop-500"}],"trending_post":"0","trending_post_position":"meta","trending_post_label":"Trending","sponsored_post":"0","sponsored_post_label":"Sponsored by","sponsored_post_name":"","sponsored_post_url":"","sponsored_post_logo_enable":"0","sponsored_post_logo":"","sponsored_post_desc":"","disable_ad":"0"},"jnews_primary_category":{"id":"","hide":""},"jnews_social_meta":{"fb_title":"","fb_description":"","fb_image":"","twitter_title":"","twitter_description":"","twitter_image":""},"jnews_override_counter":{"override_view_counter":"0","view_counter_number":"0","override_share_counter":"0","share_counter_number":"0","override_like_counter":"0","like_counter_number":"0","override_dislike_counter":"0","dislike_counter_number":"0"},"jnews_post_split":{"enable_post_split":"0","post_split":[{"template":"1","tag":"h2","numbering":"asc","mode":"normal","first":"0","enable_toc":"0","toc_type":"normal"}]},"footnotes":""},"categories":[63,70,66],"tags":[3332,3617,3602],"class_list":["post-51349","post","type-post","status-publish","format-standard","has-post-thumbnail","hentry","category-herzogtum-lauenburg","category-kultur","category-moelln","tag-jubilaeum","tag-kirchengemeinde-moelln","tag-konfirmation"],"_links":{"self":[{"href":"https:\/\/herzogtum-direkt.de\/index.php\/wp-json\/wp\/v2\/posts\/51349","targetHints":{"allow":["GET"]}}],"collection":[{"href":"https:\/\/herzogtum-direkt.de\/index.php\/wp-json\/wp\/v2\/posts"}],"about":[{"href":"https:\/\/herzogtum-direkt.de\/index.php\/wp-json\/wp\/v2\/types\/post"}],"author":[{"embeddable":true,"href":"https:\/\/herzogtum-direkt.de\/index.php\/wp-json\/wp\/v2\/users\/2"}],"replies":[{"embeddable":true,"href":"https:\/\/herzogtum-direkt.de\/index.php\/wp-json\/wp\/v2\/comments?post=51349"}],"version-history":[{"count":1,"href":"https:\/\/herzogtum-direkt.de\/index.php\/wp-json\/wp\/v2\/posts\/51349\/revisions"}],"predecessor-version":[{"id":51350,"href":"https:\/\/herzogtum-direkt.de\/index.php\/wp-json\/wp\/v2\/posts\/51349\/revisions\/51350"}],"wp:featuredmedia":[{"embeddable":true,"href":"https:\/\/herzogtum-direkt.de\/index.php\/wp-json\/wp\/v2\/media\/16232"}],"wp:attachment":[{"href":"https:\/\/herzogtum-direkt.de\/index.php\/wp-json\/wp\/v2\/media?parent=51349"}],"wp:term":[{"taxonomy":"category","embeddable":true,"href":"https:\/\/herzogtum-direkt.de\/index.php\/wp-json\/wp\/v2\/categories?post=51349"},{"taxonomy":"post_tag","embeddable":true,"href":"https:\/\/herzogtum-direkt.de\/index.php\/wp-json\/wp\/v2\/tags?post=51349"}],"curies":[{"name":"wp","href":"https:\/\/api.w.org\/{rel}","templated":true}]}}