{"id":51246,"date":"2023-05-26T10:19:19","date_gmt":"2023-05-26T08:19:19","guid":{"rendered":"https:\/\/herzogtum-direkt.de\/?p=51246"},"modified":"2023-05-30T11:18:34","modified_gmt":"2023-05-30T09:18:34","slug":"zugeparkt-50-fahrzeuge-mitten-auf-dem-ratzeburger-marktplatz","status":"publish","type":"post","link":"https:\/\/herzogtum-direkt.de\/index.php\/2023\/05\/26\/zugeparkt-50-fahrzeuge-mitten-auf-dem-ratzeburger-marktplatz\/","title":{"rendered":"Zugeparkt: 50 Fahrzeuge mitten auf dem Ratzeburger Marktplatz"},"content":{"rendered":"\n<p><strong>Ratzeburg (tbi).<\/strong> Neugierige Kinderaugen und ein L\u00e4cheln in den Gesichtern von Erzieherinnen und Erziehern: Am Mittwochvormittag, 24. Mai, herrschte auf dem Ratzeburger Marktplatz so etwas wie Geburtstagsatmosph\u00e4re. Und tats\u00e4chlich geht es um ein Jubil\u00e4um.<\/p>\n\n\n\n<p>\u201eAlles Neufahrzeuge mit Null Kilometern Laufleistung&#8220;, scherzte Ronny Heimig auf die nicht ganz ernst gemeinte Frage von Herzogtum direkt. Heimig geh\u00f6rt mit Rainer Preetz zum Organisationsteam des RAC \u2013 Ratzeburger Automobil-Club im ADAC. So wie das ganze Team des RAC, freuen sich die Beiden auf die traditionelle Veteranenrallye und das Oldtimer-Treffen am ersten Juni-Wochenende (2. bis 4. Juni) in der Inselstadt.<\/p>\n\n\n\n<figure class=\"wp-block-gallery has-nested-images columns-default is-cropped wp-block-gallery-1 is-layout-flex wp-block-gallery-is-layout-flex\">\n<figure class=\"wp-block-image size-large\"><img fetchpriority=\"high\" decoding=\"async\" width=\"1000\" height=\"667\" data-id=\"51248\" src=\"https:\/\/herzogtum-direkt.de\/wp-content\/uploads\/2023\/05\/Ratzeburg-3-RAC-Ronny_Heimig-Orgateam-BC6I9597-1000x667-1.jpg\" alt=\"\" class=\"wp-image-51248\" srcset=\"https:\/\/herzogtum-direkt.de\/wp-content\/uploads\/2023\/05\/Ratzeburg-3-RAC-Ronny_Heimig-Orgateam-BC6I9597-1000x667-1.jpg 1000w, https:\/\/herzogtum-direkt.de\/wp-content\/uploads\/2023\/05\/Ratzeburg-3-RAC-Ronny_Heimig-Orgateam-BC6I9597-1000x667-1-300x200.jpg 300w, https:\/\/herzogtum-direkt.de\/wp-content\/uploads\/2023\/05\/Ratzeburg-3-RAC-Ronny_Heimig-Orgateam-BC6I9597-1000x667-1-768x512.jpg 768w, https:\/\/herzogtum-direkt.de\/wp-content\/uploads\/2023\/05\/Ratzeburg-3-RAC-Ronny_Heimig-Orgateam-BC6I9597-1000x667-1-750x500.jpg 750w\" sizes=\"(max-width: 1000px) 100vw, 1000px\" \/><figcaption class=\"wp-element-caption\"> Ronny Heimig geh\u00f6rt ebenfalls zum Orga-Team des Jubil\u00e4umswochenendes Anfang Juni. Foto: Thomas Biller<\/figcaption><\/figure>\n\n\n\n<figure class=\"wp-block-image size-large\"><img decoding=\"async\" width=\"1000\" height=\"667\" data-id=\"51249\" src=\"https:\/\/herzogtum-direkt.de\/wp-content\/uploads\/2023\/05\/Ratzeburg-2-RAC-Rainer_Preetz-Orgateam-BC6I9594-1000x667-1.jpg\" alt=\"\" class=\"wp-image-51249\" srcset=\"https:\/\/herzogtum-direkt.de\/wp-content\/uploads\/2023\/05\/Ratzeburg-2-RAC-Rainer_Preetz-Orgateam-BC6I9594-1000x667-1.jpg 1000w, https:\/\/herzogtum-direkt.de\/wp-content\/uploads\/2023\/05\/Ratzeburg-2-RAC-Rainer_Preetz-Orgateam-BC6I9594-1000x667-1-300x200.jpg 300w, https:\/\/herzogtum-direkt.de\/wp-content\/uploads\/2023\/05\/Ratzeburg-2-RAC-Rainer_Preetz-Orgateam-BC6I9594-1000x667-1-768x512.jpg 768w, https:\/\/herzogtum-direkt.de\/wp-content\/uploads\/2023\/05\/Ratzeburg-2-RAC-Rainer_Preetz-Orgateam-BC6I9594-1000x667-1-750x500.jpg 750w\" sizes=\"(max-width: 1000px) 100vw, 1000px\" \/><figcaption class=\"wp-element-caption\"> \u201eEtwas Besonderes f\u00fcr den Nachwuchs machen&#8220;, Rainer Preetz vom Orga-Team des RAC. Foto: Thomas Biller<\/figcaption><\/figure>\n<\/figure>\n\n\n\n<p>\u201eEs ist die 50. Rallye und da wollten wir etwas Besonderes f\u00fcr den Nachwuchs machen&#8220;, berichtete Rainer Preetz. 50 Bobbycars spendete der RAC, ein Mitglied \u00fcbernahm zus\u00e4tzlich die Kosten f\u00fcr den Aufdruck mit dem Jubil\u00e4um und der Adresse des RAC (<a rel=\"noreferrer noopener\" href=\"http:\/\/www.rac-ratzeburg.de\" target=\"_blank\">www.rac-ratzeburg.de<\/a>).<\/p>\n\n\n\n<p>Bei zehn Kitas in Ratzeburg und Umgebung wurde das Interesse angefragt. \u201eAlle wollten gerne&#8220;, sagte Preetz. Und so kamen Kinder und Begleitende aus Ratzeburg, Ziethen, B\u00e4k, Sterley und Mustin auf den Marktplatz, um die Fahrzeug\u00fcbergabe zu erleben. \u201eDie jeweilige Anzahl, die ein Kindergarten bekommt, hat sich aus der Zahl der Kinder dort ergeben&#8220;, erkl\u00e4rte Rainer Preetz. Die Kinder aus den verschiedenen Einrichtungen durften nacheinander \u201eihre&#8220; Fahrzeuge in Besitz nehmen und warteten diszipliniert, bis alle Bobbycars vergeben waren. Dann allerdings gab es kein Halten mehr und die Fahrzeuge wurden auf dem Marktplatz auf ihre Alltagstauglichkeit hin gepr\u00fcft.<\/p>\n\n\n<div class=\"wp-block-image\">\n<figure class=\"aligncenter size-full\"><img decoding=\"async\" width=\"1000\" height=\"589\" src=\"https:\/\/herzogtum-direkt.de\/wp-content\/uploads\/2023\/05\/4-Bobbycars-Spende-RAC-Marktplatz-Ratzeburg-BC6I9638-1000x589-1.jpg\" alt=\"\" class=\"wp-image-51247\" srcset=\"https:\/\/herzogtum-direkt.de\/wp-content\/uploads\/2023\/05\/4-Bobbycars-Spende-RAC-Marktplatz-Ratzeburg-BC6I9638-1000x589-1.jpg 1000w, https:\/\/herzogtum-direkt.de\/wp-content\/uploads\/2023\/05\/4-Bobbycars-Spende-RAC-Marktplatz-Ratzeburg-BC6I9638-1000x589-1-300x177.jpg 300w, https:\/\/herzogtum-direkt.de\/wp-content\/uploads\/2023\/05\/4-Bobbycars-Spende-RAC-Marktplatz-Ratzeburg-BC6I9638-1000x589-1-768x452.jpg 768w, https:\/\/herzogtum-direkt.de\/wp-content\/uploads\/2023\/05\/4-Bobbycars-Spende-RAC-Marktplatz-Ratzeburg-BC6I9638-1000x589-1-750x442.jpg 750w\" sizes=\"(max-width: 1000px) 100vw, 1000px\" \/><figcaption class=\"wp-element-caption\">Erste \u201eTestfahrten&#8220; auf dem Marktplatz. Foto: Thomas Biller<\/figcaption><\/figure>\n<\/div>\n\n\n<p>F\u00fcr die Veranstaltungen (immer freier Eintritt) des RAC Anfang Juni \u2013 Benzingespr\u00e4che ab Freitagnachmittag, Rallye am Sonnabend und Oldtimer-Treffen am Sonntag \u2013 sollten Besucher fr\u00fchzeitig planen, wie sie anreisen werden. Das Jubil\u00e4umswochenende wird nicht auf dem Marktplatz, sondern am Rathaus \u201eUnter den Linden&#8220; gefeiert. Zeitgleich findet das Regattawochenende des Ratzeburger Ruderclubs statt. Die Parkplatzsuche k\u00f6nnte also l\u00e4nger dauern \u2013 wenn nicht per Fahrrad oder Bobbycar angereist wird.<\/p>\n","protected":false},"excerpt":{"rendered":"<p>Ratzeburg (tbi). Neugierige Kinderaugen und ein L\u00e4cheln in den Gesichtern von Erzieherinnen und Erziehern: Am Mittwochvormittag, 24. Mai, herrschte auf dem Ratzeburger Marktplatz so etwas wie Geburtstagsatmosph\u00e4re. Und tats\u00e4chlich geht es um ein Jubil\u00e4um. \u201eAlles Neufahrzeuge mit Null Kilometern Laufleistung&#8220;, scherzte Ronny Heimig auf die nicht ganz ernst gemeinte Frage von Herzogtum direkt. Heimig geh\u00f6rt [&hellip;]<\/p>\n","protected":false},"author":10,"featured_media":51250,"comment_status":"closed","ping_status":"closed","sticky":false,"template":"","format":"standard","meta":{"jnews-multi-image_gallery":[],"jnews_single_post":{"subtitle":"RAC spendete Bobbycars f\u00fcr zehn Kitas","format":"standard","video":"","gallery":"","source_name":"","source_url":"","via_name":"","via_url":"","jpwt_enable_post_donation":"0","override_template":"0","override":[{"template":"1","single_blog_custom":"","parallax":"1","fullscreen":"1","layout":"right-sidebar","sidebar":"default-sidebar","second_sidebar":"default-sidebar","sticky_sidebar":"1","share_position":"top","share_float_style":"share-monocrhome","show_share_counter":"0","show_view_counter":"1","show_featured":"1","show_post_meta":"1","show_post_author":"1","show_post_author_image":"1","show_post_date":"1","post_date_format":"default","post_date_format_custom":"Y\/m\/d","show_post_category":"0","show_post_reading_time":"0","post_reading_time_wpm":"300","show_zoom_button":"0","zoom_button_out_step":"2","zoom_button_in_step":"3","show_post_tag":"1","show_prev_next_post":"0","show_popup_post":"1","number_popup_post":"1","show_author_box":"1","show_post_related":"1","show_inline_post_related":"0"}],"override_image_size":"0","image_override":[{"single_post_thumbnail_size":"crop-500","single_post_gallery_size":"crop-500"}],"trending_post":"0","trending_post_position":"meta","trending_post_label":"Trending","sponsored_post":"0","sponsored_post_label":"Sponsored by","sponsored_post_name":"","sponsored_post_url":"","sponsored_post_logo_enable":"0","sponsored_post_logo":"","sponsored_post_desc":"","disable_ad":"0"},"jnews_primary_category":{"id":"","hide":""},"jnews_social_meta":{"fb_title":"","fb_description":"","fb_image":"","twitter_title":"","twitter_description":"","twitter_image":""},"jnews_override_counter":{"override_view_counter":"0","view_counter_number":"0","override_share_counter":"0","share_counter_number":"0","override_like_counter":"0","like_counter_number":"0","override_dislike_counter":"0","dislike_counter_number":"0"},"jnews_post_split":{"enable_post_split":"0","post_split":[{"template":"1","tag":"h2","numbering":"asc","mode":"normal","first":"0","enable_toc":"0","toc_type":"normal"}]},"footnotes":""},"categories":[63,74,64,2],"tags":[3332,596,1045,3712,3304],"class_list":["post-51246","post","type-post","status-publish","format-standard","has-post-thumbnail","hentry","category-herzogtum-lauenburg","category-jugend-direkt","category-ratzeburg","category-startseite","tag-jubilaeum","tag-kindergarten-spatzennest","tag-marktplatz-ratzeburg","tag-ratzeburger-automobil-club","tag-spenden"],"_links":{"self":[{"href":"https:\/\/herzogtum-direkt.de\/index.php\/wp-json\/wp\/v2\/posts\/51246","targetHints":{"allow":["GET"]}}],"collection":[{"href":"https:\/\/herzogtum-direkt.de\/index.php\/wp-json\/wp\/v2\/posts"}],"about":[{"href":"https:\/\/herzogtum-direkt.de\/index.php\/wp-json\/wp\/v2\/types\/post"}],"author":[{"embeddable":true,"href":"https:\/\/herzogtum-direkt.de\/index.php\/wp-json\/wp\/v2\/users\/10"}],"replies":[{"embeddable":true,"href":"https:\/\/herzogtum-direkt.de\/index.php\/wp-json\/wp\/v2\/comments?post=51246"}],"version-history":[{"count":2,"href":"https:\/\/herzogtum-direkt.de\/index.php\/wp-json\/wp\/v2\/posts\/51246\/revisions"}],"predecessor-version":[{"id":51252,"href":"https:\/\/herzogtum-direkt.de\/index.php\/wp-json\/wp\/v2\/posts\/51246\/revisions\/51252"}],"wp:featuredmedia":[{"embeddable":true,"href":"https:\/\/herzogtum-direkt.de\/index.php\/wp-json\/wp\/v2\/media\/51250"}],"wp:attachment":[{"href":"https:\/\/herzogtum-direkt.de\/index.php\/wp-json\/wp\/v2\/media?parent=51246"}],"wp:term":[{"taxonomy":"category","embeddable":true,"href":"https:\/\/herzogtum-direkt.de\/index.php\/wp-json\/wp\/v2\/categories?post=51246"},{"taxonomy":"post_tag","embeddable":true,"href":"https:\/\/herzogtum-direkt.de\/index.php\/wp-json\/wp\/v2\/tags?post=51246"}],"curies":[{"name":"wp","href":"https:\/\/api.w.org\/{rel}","templated":true}]}}