{"id":5104,"date":"2018-06-29T09:36:02","date_gmt":"2018-06-29T07:36:02","guid":{"rendered":"https:\/\/herzogtum-direkt.de\/?p=5104"},"modified":"2018-06-29T09:36:02","modified_gmt":"2018-06-29T07:36:02","slug":"abi-2018-am-bbz","status":"publish","type":"post","link":"https:\/\/herzogtum-direkt.de\/index.php\/2018\/06\/29\/abi-2018-am-bbz\/","title":{"rendered":"Abi 2018 am BBZ"},"content":{"rendered":"<p><strong>M\u00f6lln (pm).<\/strong> Am 27. Juni 2018 wurden 136 Abiturienten des BBZ M\u00f6lln feierlich entlassen.<\/p>\n<p>VEG-15 Ern\u00e4hrung (Fr. B\u00f6hning und Fr. Carduck)<br \/>\nBachem, Runa; Bartz, Alexander; Behrendt, Emelie Carlotta; Butz, Linn\u00e9a Vivien; Daumann, Theresa-Sophia; Dreyer, Hanna; Flint, Jannes Willi; H\u00e4se, Leonie Sophie; Mai, Timo; Manske, Anna-Tabea; Noerenberg, Ann-Katrin; Pieper, Pauline; Pohle, Annalena; Rambow, Lisa-Marie; Rieger, Andr\u00e9; Rutzen, Jil Mona; Sahr, Ronja; Schmalfeld, Theresa; Stolzenberg, Anna<\/p>\n<p>VGG-15a Gesundheit und Soziales (Fr. Selle)<br \/>\nBarthel, Florian; Baudach, Lukas Malte; Eggers, Christoph; Flint, Michel Werner; Hack, Laura; Harder, Karin; H\u00fcttmann, Eric-Timon; Krause, Jana-Sophie; Mallin, Lea Luisa; Meinas, Anna; Schulz, Pia; Steffen, Julia; Taube, Linnea; Wehnert, Janne Sofie; Wei\u00dfleder, Benedikt<\/p>\n<p>VGG-15b Gesundheit und Soziales (Fr. Schindler)<br \/>\nAhmad, Cira Awat; Burzlaff, Marie Sophie; Druskat, Larasati Elisabeth; Ferraro, Luisa Maria; Giesecke, Lisa; Hahlweg, Lea-Marie; Krey, Nadja; Lautz, Juliane Sofie; Na\u00df, Sonja; Rickert, Clemens Timon; R\u00f6hrs, Melina; Ruppelt, Lina; Thomsen, Lia Isabella; Todt, Vanessa; Wedemann, Isis Sophie; Weis, Nina-Madeleine; Wilms, Charlotte; Wirp, Sophia Theresa<\/p>\n<p>VGG-15g Gesundheit und Soziales (Fr. Kroll)<br \/>\nAbdulahad, Marie; Br\u00fcckner, Anika; Geib, Jan-Luca; Halske, Jule; Hartwich, Katharina; Kreker, Karina; Manouk, Rabi; Meiboh, Katrin; Nei\u00dfe, Sabrina; Pieske, Theresa; Riese, Maxine; Rohmann, Maya; Roock, Dennis; Scharnweber, Laura; Schmidt, Katharina; Yacoub, Marinil; Yalcinkaya, Merve; Yosef, Breskel<\/p>\n<p>VPG-14 Gesundheit und Soziales mit staatlich gepr\u00fcftem Pflegeassistenz (Fr. Pretzel)<br \/>\nBirzer, April Vivienne Desiree; Caliskan, Berke; Keuchel, Bennet; Lembke, Sandra; Schwatke; Florim Tillmann<\/p>\n<p>VTG-15a Technik (Hr. G\u00f6tsch und Fr. Haupt)<br \/>\nBartels, Jonas; B\u00fcchler, Philipp; B\u00fcddig, Felix; Buhr, Kim Andrea; Groth, Jannis; Hartmann, Marius; Kersten, Jan Niklas; Ludwig, Vico; Scheibe, Sebastian; Sturm, Dennis Sebastian; Wenck, Sebastian<\/p>\n<p>VTG-15b Technik (Fr. Schweder)<br \/>\nBaatz, Jan-David; Buth, Michael Bernhard; Els, Lennart; Jahnhofen, Kai Alexander; Maa\u00df,; Leon; St\u00f6hr, Mika; Werner, Valerie Alina<\/p>\n<p>VWG-15a Betriebswirtschaft (Hr. Brunier)<br \/>\nB\u00f6lke, Micha; Chen, Anja; Gr\u00f6ne, Fabian; Groth, Kevin; Hoppe, Laura Tabea; Kauczinski, Laura; Laue, Lorenz; Loessin, Marie-Chantal; Manske, Lucas; Niemann, Janne; Radons, Christoph; Raupach, Leon; Titz, Dennis<\/p>\n<p>VWG-15b Volkswirtschaft (Fr. Beder und Hr. M\u00f6ller)<br \/>\nGehrke, Benjamin; Gerdes, Jesse; H\u00fcllweck, Hanna Sophie; Kasper, Lukas; Kelm, Lucas; Klu\u00dfmann, Ben; Lassen, Malte; Luttermann, Bjarne Niklas; Pupacz, Maja Laura; Rohwer, Jannes; Schermer, Carla; Sult, Finn Lukas; Thorm\u00e4hlen, Christian; Thun, Tobias; Vahlkamp, Henrik S\u00f6ren; Westensee, Lukas; Wittfoht, Niklas<\/p>\n<p>VWG-15g Betriebswirtschaft (Hr. Klaffka)<br \/>\nBenecke, Laura Sophie; Freiherr von Gregory, Konstantin J\u00fcrgen Henry; Harders, Marvin Dirk; Liebelt, Susann; Meyer,Lukas; Neubauer, Marei; Neubauer, Svenja; Pein, Finn; Seifert, Antonia Phoebe; Siebler, Emmily; Tack, Simon; Wiesemann, Lea Stefanie; Ziems, Nico<\/p>\n","protected":false},"excerpt":{"rendered":"<p>M\u00f6lln (pm). Am 27. Juni 2018 wurden 136 Abiturienten des BBZ M\u00f6lln feierlich entlassen. VEG-15 Ern\u00e4hrung (Fr. B\u00f6hning und Fr. Carduck) Bachem, Runa; Bartz, Alexander; Behrendt, Emelie Carlotta; Butz, Linn\u00e9a Vivien; Daumann, Theresa-Sophia; Dreyer, Hanna; Flint, Jannes Willi; H\u00e4se, Leonie Sophie; Mai, Timo; Manske, Anna-Tabea; Noerenberg, Ann-Katrin; Pieper, Pauline; Pohle, Annalena; Rambow, Lisa-Marie; Rieger, Andr\u00e9; [&hellip;]<\/p>\n","protected":false},"author":2,"featured_media":5105,"comment_status":"open","ping_status":"closed","sticky":false,"template":"","format":"standard","meta":{"jnews-multi-image_gallery":[],"jnews_single_post":[],"jnews_primary_category":[],"jnews_social_meta":[],"jnews_override_counter":[],"jnews_post_split":[],"footnotes":""},"categories":[74,66],"tags":[1156,680,1041],"class_list":["post-5104","post","type-post","status-publish","format-standard","has-post-thumbnail","hentry","category-jugend-direkt","category-moelln","tag-abi-2018","tag-bbz","tag-berufsbildungszentrum-moelln"],"_links":{"self":[{"href":"https:\/\/herzogtum-direkt.de\/index.php\/wp-json\/wp\/v2\/posts\/5104","targetHints":{"allow":["GET"]}}],"collection":[{"href":"https:\/\/herzogtum-direkt.de\/index.php\/wp-json\/wp\/v2\/posts"}],"about":[{"href":"https:\/\/herzogtum-direkt.de\/index.php\/wp-json\/wp\/v2\/types\/post"}],"author":[{"embeddable":true,"href":"https:\/\/herzogtum-direkt.de\/index.php\/wp-json\/wp\/v2\/users\/2"}],"replies":[{"embeddable":true,"href":"https:\/\/herzogtum-direkt.de\/index.php\/wp-json\/wp\/v2\/comments?post=5104"}],"version-history":[{"count":1,"href":"https:\/\/herzogtum-direkt.de\/index.php\/wp-json\/wp\/v2\/posts\/5104\/revisions"}],"predecessor-version":[{"id":5106,"href":"https:\/\/herzogtum-direkt.de\/index.php\/wp-json\/wp\/v2\/posts\/5104\/revisions\/5106"}],"wp:featuredmedia":[{"embeddable":true,"href":"https:\/\/herzogtum-direkt.de\/index.php\/wp-json\/wp\/v2\/media\/5105"}],"wp:attachment":[{"href":"https:\/\/herzogtum-direkt.de\/index.php\/wp-json\/wp\/v2\/media?parent=5104"}],"wp:term":[{"taxonomy":"category","embeddable":true,"href":"https:\/\/herzogtum-direkt.de\/index.php\/wp-json\/wp\/v2\/categories?post=5104"},{"taxonomy":"post_tag","embeddable":true,"href":"https:\/\/herzogtum-direkt.de\/index.php\/wp-json\/wp\/v2\/tags?post=5104"}],"curies":[{"name":"wp","href":"https:\/\/api.w.org\/{rel}","templated":true}]}}